{"id":250622,"date":"2025-07-15T02:38:28","date_gmt":"2025-07-15T02:38:28","guid":{"rendered":"https:\/\/www.europesays.com\/fr\/250622\/"},"modified":"2025-07-15T02:38:28","modified_gmt":"2025-07-15T02:38:28","slug":"margot-veut-demissionner-du-cabinet-claudine-la-menace-charlotte-a-tue-un-homme-le-resume-de-lepisode-1705-du-mardi-15-juillet-2025","status":"publish","type":"post","link":"https:\/\/www.europesays.com\/fr\/250622\/","title":{"rendered":"Margot veut d\u00e9missionner du cabinet, Claudine la menace&#8230; Charlotte a tu\u00e9 un homme ! Le r\u00e9sum\u00e9 de l&rsquo;\u00e9pisode 1705 du mardi 15 juillet 2025"},"content":{"rendered":"<p><b>Vendredi 27 juin 2025 dans<\/b> <b>Un si grand soleil<\/b>, dont deux anciennes <a href=\"https:\/\/www.programme-tv.net\/news\/people\/379196-un-si-grand-soleil-deux-acteurs-emblematiques-de-la-serie-officialisent-leur-couple\/\" data-api-deeplink=\"teleloisirs:\/\/news\/379196\" target=\"_blank\" rel=\"noopener\">stars ont officialis\u00e9 leur idylle<\/a> et <a href=\"https:\/\/www.programme-tv.net\/news\/series-tv\/380190-un-si-grand-soleil-un-personnage-principal-devoile-son-tout-nouveau-look-ce-soir-et-c-est-tres-reussi-photo\/\" data-api-deeplink=\"teleloisirs:\/\/news\/380190\" target=\"_blank\" rel=\"noopener\">un personnage principal a chang\u00e9 de look<\/a>&#8230; Sur les lieux de l&rsquo;accident, \u00c9lise annonce \u00e0 Sohan qu&rsquo;elle va devoir l&#8217;emmener au commissariat et le mettre en garde \u00e0 vue. Charlotte, elle, sera entendue en qualit\u00e9 de t\u00e9moin. Consid\u00e9rant la gravit\u00e9 des faits, c&rsquo;est in\u00e9vitable. Tha\u00efs informe alors \u00c9lise que la th\u00e8se de l&rsquo;accident est cr\u00e9dible et que, compte tenu des circonstances et du lieu, Sohan n&rsquo;aurait pas pu \u00e9viter la victime. Quand elle rentre chez elle, Marie-Sophie re\u00e7oit un appel d&rsquo;\u00c9lise, qui lui demande de passer au commissariat au plus vite. Quand elle arrive l\u00e0-bas, elle d\u00e9couvre Charlotte compl\u00e8tement sous le choc.<\/p>\n<p>Un si grand soleil en avance : Muriel a peur d&rsquo;Eliott<\/p>\n<p>Ayant peur des r\u00e9actions d&rsquo;Eliott, qui s&rsquo;est montr\u00e9 particuli\u00e8rement agressive avec elle \u00e0 propos de Toma, Muriel est avec Johanna. Cette derni\u00e8re a d\u00e9cid\u00e9 de la repr\u00e9senter et tente de la rassurer sur sa situation actuelle et future.<\/p>\n<p>                        Un si grand soleil en avance : Margot d\u00e9missionne du cabinet de Claudine<\/p>\n<p>De bon matin, Margot annonce son intention de d\u00e9missionner du cabinet. Florent et C\u00e9cile lui demandent si elle a pris cette d\u00e9cision \u00e0 cause de Claudine. Elle r\u00e9pond que non. Ils essaient alors de l&rsquo;en dissuader mais Margot insiste :  partir est un soulagement. Une fois au cabinet, Florent et Johanna informent Claudine de la d\u00e9cision de Margot et lui demandent de l&rsquo;appeler pour l&rsquo;en dissuader. Peu apr\u00e8s, Claudine s&rsquo;ex\u00e9cute. Dans la conversation, elle glisse alors une menace qui fait son effet sur Margot. Claudine lui annonce alors que le cabinet lui offre quelques jours de vacances. Et elle est tr\u00e8s claire : \u00e0 son retour, Margot dira \u00e0 Florent et Johanna qu&rsquo;elle va mieux et qu&rsquo;elle compte rester au cabinet. Peu apr\u00e8s, Claudine va voir Johanna et feint de s&rsquo;\u00eatre excus\u00e9e d&rsquo;avoir mis trop de pression \u00e0 Margot et d&rsquo;avoir sous-estim\u00e9 les cons\u00e9quences de <a href=\"https:\/\/www.programme-tv.net\/news\/series-tv\/382518-un-si-grand-soleil-en-avance-un-coup-de-feu-retentit-margot-est-sous-le-choc-akim-est-il-mort-les-resumes-des-episodes-1693-et-1694-du-vendredi-4-juillet-2025\/\" data-api-deeplink=\"teleloisirs:\/\/news\/382518\" target=\"_blank\" rel=\"noopener\">l&rsquo;agression de cette derni\u00e8re par Akim<\/a>. Puis elle annonce avoir accord\u00e9 quelques jours de repos \u00e0 Margot. En fin de journ\u00e9e, Florent et C\u00e9cile discutent de Margot. Elle n&rsquo;a jamais vu sa s\u0153ur dans un tel \u00e9tat. Il pense que quelques jours de repos lui feront du bien.<\/p>\n<p>            Un si grand soleil en avance : Charlotte a tu\u00e9 un homme par accident<\/p>\n<p>Interrog\u00e9 par \u00c9lise, Sohan d\u00e9roule sa version des faits. Apr\u00e8s \u00eatre rentr\u00e9 \u00e0 la maison, il a d\u00e9cid\u00e9 \u00e0 contrec\u0153ur d&rsquo;amener Charlotte \u00e0 sa soir\u00e9e. Son GPS d\u00e9fectueux l&rsquo;a fait changer de direction et, \u00e0 la sortie d&rsquo;un virage, un homme est apparu sur la route. Il n&rsquo;a pas pu l&rsquo;\u00e9viter. Il s&rsquo;agissait d&rsquo;un accident. \u00c9lise semble croire \u00e0 cette d\u00e9claration mais annonce que Sohan va devoir se soumettre \u00e0 des analyses. Auditionn\u00e9e \u00e0 son tour, Charlotte livre la m\u00eame version que son p\u00e8re : la soir\u00e9e, le GPS, l&rsquo;homme apparaissant subitement, l&rsquo;accident. La jeune fille est boulevers\u00e9e. Marie-Sophie demande alors \u00e0 Tha\u00efs de la laisser souffler un peu. Une fois seules, Charlotte tombe dans les bras de sa m\u00e8re. Peu apr\u00e8s, Marie-Sophie informe Charlotte qu&rsquo;elles rentrent \u00e0 la maison. Mais sa fille refuse. Elle veut attendre son p\u00e8re et esp\u00e8re le voir apr\u00e8s son interrogatoire. Au m\u00eame moment, \u00c9lise et Tha\u00efs font le point sur l&rsquo;affaire avec le commandant Becker. Sohan n&rsquo;\u00e9tait pas sous l&#8217;emprise de drogues ou de l&rsquo;alcool et la configuration des lieux montre que l&rsquo;accident semblait in\u00e9vitable. Seule petite nouveaut\u00e9 de l&rsquo;enqu\u00eate : le profil de la victime, Fred Carmi. Ce dernier avait \u00e9t\u00e9 condamn\u00e9 entre autres pour vol et trafic de drogues. Se sentant coupable d&rsquo;avoir insist\u00e9 pour que Charlotte vienne \u00e0 la soir\u00e9e, Achille d\u00e9cide de demander de l&rsquo;aide \u00e0 Florent. S&rsquo;\u00e9tant rendu au commissariat, ce dernier rassure Sohan sur ce qui l&rsquo;attend et ce qu&rsquo;il risque. Il devrait rentrer chez lui vite en \u00e9tant tout de m\u00eame plac\u00e9 sous contr\u00f4le judiciaire. Inform\u00e9 par \u00c9lise et Tha\u00efs des circonstances de la mort de Fred Rami, le fr\u00e8re de ce dernier ne croit pas \u00e0 la th\u00e8se de l&rsquo;accident.<\/p>\n<p>                        Un si grand soleil en avance : Charlotte avoue \u00e0 Marie-Sophie que c&rsquo;est elle qui conduisait&#8230;<\/p>\n<p>Le soir venu, Charlotte est encore choqu\u00e9e. Marie-Sophie tente de le rassurer : son p\u00e8re sera bient\u00f4t de retour \u00e0 la maison. C&rsquo;est alors que la jeune fille, boulevers\u00e9e, r\u00e9v\u00e8le que c&rsquo;est elle qui conduisait la voiture et a tu\u00e9 accidentellement Fred Rami.<\/p>\n","protected":false},"excerpt":{"rendered":"Vendredi 27 juin 2025 dans Un si grand soleil, dont deux anciennes stars ont officialis\u00e9 leur idylle et&hellip;\n","protected":false},"author":2,"featured_media":250623,"comment_status":"","ping_status":"","sticky":false,"template":"","format":"standard","meta":{"footnotes":""},"categories":[1356],"tags":[244,58,59,1011,27,876,22198,252,1364,9766,26118,26117],"class_list":{"0":"post-250622","1":"post","2":"type-post","3":"status-publish","4":"format-standard","5":"has-post-thumbnail","7":"category-television","8":"tag-commentaire","9":"tag-divertissement","10":"tag-entertainment","11":"tag-fr","12":"tag-france","13":"tag-france-3","14":"tag-france-tv","15":"tag-television","16":"tag-tv","17":"tag-un-si-grand-soleil","18":"tag-un-si-grand-soleil-ru00e9sumu00e9","19":"tag-un-si-grand-soleil-ru00e9sumu00e9-en-avance"},"share_on_mastodon":{"url":"https:\/\/pubeurope.com\/@fr\/114854933510083895","error":""},"_links":{"self":[{"href":"https:\/\/www.europesays.com\/fr\/wp-json\/wp\/v2\/posts\/250622","targetHints":{"allow":["GET"]}}],"collection":[{"href":"https:\/\/www.europesays.com\/fr\/wp-json\/wp\/v2\/posts"}],"about":[{"href":"https:\/\/www.europesays.com\/fr\/wp-json\/wp\/v2\/types\/post"}],"author":[{"embeddable":true,"href":"https:\/\/www.europesays.com\/fr\/wp-json\/wp\/v2\/users\/2"}],"replies":[{"embeddable":true,"href":"https:\/\/www.europesays.com\/fr\/wp-json\/wp\/v2\/comments?post=250622"}],"version-history":[{"count":0,"href":"https:\/\/www.europesays.com\/fr\/wp-json\/wp\/v2\/posts\/250622\/revisions"}],"wp:featuredmedia":[{"embeddable":true,"href":"https:\/\/www.europesays.com\/fr\/wp-json\/wp\/v2\/media\/250623"}],"wp:attachment":[{"href":"https:\/\/www.europesays.com\/fr\/wp-json\/wp\/v2\/media?parent=250622"}],"wp:term":[{"taxonomy":"category","embeddable":true,"href":"https:\/\/www.europesays.com\/fr\/wp-json\/wp\/v2\/categories?post=250622"},{"taxonomy":"post_tag","embeddable":true,"href":"https:\/\/www.europesays.com\/fr\/wp-json\/wp\/v2\/tags?post=250622"}],"curies":[{"name":"wp","href":"https:\/\/api.w.org\/{rel}","templated":true}]}}