{"id":250628,"date":"2025-07-15T02:43:09","date_gmt":"2025-07-15T02:43:09","guid":{"rendered":"https:\/\/www.europesays.com\/fr\/250628\/"},"modified":"2025-07-15T02:43:09","modified_gmt":"2025-07-15T02:43:09","slug":"manchester-united-cible-un-lyonnais-france-olympique-lyonnais","status":"publish","type":"post","link":"https:\/\/www.europesays.com\/fr\/250628\/","title":{"rendered":"Manchester United cible un Lyonnais &#8211; France &#8211; Olympique lyonnais"},"content":{"rendered":"<p>L\u2019OL a besoin de vendre, toute l\u2019Europe en profite.<\/p>\n<p>Si la DNCG a accept\u00e9 que <a target=\"_blank\" href=\"https:\/\/www.sofoot.com\/breves\/lol-maintenu-en-ligue-1-par-la-dncg\" rel=\"noopener nofollow\">l\u2019Olympique lyonnais reste en Ligue 1<\/a>, cela contraint tout de m\u00eame toujours le club \u00e0 d\u00e9graisser au maximum, notamment au niveau de sa masse salariale. Apr\u00e8s les d\u00e9parts de <a target=\"_blank\" href=\"https:\/\/www.sofoot.com\/articles\/mercato-ol-rayan-cherki-a-manchester-city-un-transfert-gagnant-gagnant\" rel=\"noopener nofollow\">Rayan Cherki \u00e0 Manchester City<\/a> et d\u2019Alexandre Lacazette au Neom SC (en fin de contrat), un troisi\u00e8me gros salaire pourrait faire ses valises prochainement : <strong>Corentin Tolisso<\/strong>.<\/p>\n<p>Expuls\u00e9 \u00e0 Old Trafford<\/p>\n<p>Le Gone, revenu au club \u00e0 l\u2019\u00e9t\u00e9 2022 apr\u00e8s une belle pige au Bayern Munich, serait effectivement sur les tablettes de Manchester United, d\u2019apr\u00e8s les informations de <a target=\"_blank\" href=\"https:\/\/www.lequipe.fr\/Football\/Actualites\/Mercato-manchester-united-piste-corentin-tolisso\/1578126\" rel=\"noopener nofollow\">L\u2019\u00c9quipe<\/a>. Le milieu de terrain f\u00eatera ses 31 ans en ao\u00fbt prochain et pourrait donc ne pas \u00eatre retenu tr\u00e8s longtemps par la direction en cas d\u2019offre all\u00e9chante. Pour l\u2019heure, l\u2019un des derniers vestiges de la formation lyonnaise a rejet\u00e9 des offres venues de Turquie, mais \u00ab\u00a0n\u2019est <strong>pas insensible \u00e0 l\u2019id\u00e9e de rejoindre une \u00e9curie si prestigieuse<\/strong>\u00a0\u00bb, selon le quotidien.<\/p>\n<p>Le champion du monde 2018 a-t-il charm\u00e9 R\u00faben Amorim lors de <strong>la<\/strong> <strong>double confrontation entre l\u2019OL et Manchester United en quarts de finale de la derni\u00e8re Ligue Europa<\/strong> ? S\u2019il retourne \u00e0 Old Trafford sous le maillot des Red Devils, Corentin Tolisso voudra en tout cas exorciser ses d\u00e9mons, lui qui avait \u00e9t\u00e9 expuls\u00e9 et n\u2019avait pu assister qu\u2019impuissant <a target=\"_blank\" href=\"https:\/\/www.sofoot.com\/articles\/ligue-europa-au-terme-dun-match-dingue-lol-elimine-de-la-ligue-europa\" rel=\"noopener nofollow\">au come-back mancunien<\/a>.<\/p>\n<p>Le derby s\u2019annonce chaud entre Tolisso et Cherki.<\/p>\n<p>\t\t\t\t\t\t\t\t\t\t<a class=\"lien-connexe\" href=\"https:\/\/www.sofoot.com\/breves\/viktor-lindelof-a-quitte-old-trafford-a-la-mi-temps-de-manchester-united-ol\" rel=\"nofollow noopener\" target=\"_blank\">Viktor Lindel\u00f6f a quitt\u00e9 Old Trafford \u00e0 la mi-temps de Manchester United-OL<\/a>\t\t\t\t\t<\/p>\n","protected":false},"excerpt":{"rendered":"L\u2019OL a besoin de vendre, toute l\u2019Europe en profite. Si la DNCG a accept\u00e9 que l\u2019Olympique lyonnais reste&hellip;\n","protected":false},"author":2,"featured_media":250629,"comment_status":"","ping_status":"","sticky":false,"template":"","format":"standard","meta":{"footnotes":""},"categories":[9],"tags":[47,61,69,65,64,63,1011,27,68,66,62,70,67,60],"class_list":{"0":"post-250628","1":"post","2":"type-post","3":"status-publish","4":"format-standard","5":"has-post-thumbnail","7":"category-sports","8":"tag-actualite","9":"tag-actus-football","10":"tag-bundesliga","11":"tag-championnats-europeens","12":"tag-equipe-de-france","13":"tag-football","14":"tag-fr","15":"tag-france","16":"tag-ligua","17":"tag-ligue-1","18":"tag-news-foot","19":"tag-premier-league","20":"tag-serie-a","21":"tag-sports"},"share_on_mastodon":{"url":"https:\/\/pubeurope.com\/@fr\/114854953203663035","error":""},"_links":{"self":[{"href":"https:\/\/www.europesays.com\/fr\/wp-json\/wp\/v2\/posts\/250628","targetHints":{"allow":["GET"]}}],"collection":[{"href":"https:\/\/www.europesays.com\/fr\/wp-json\/wp\/v2\/posts"}],"about":[{"href":"https:\/\/www.europesays.com\/fr\/wp-json\/wp\/v2\/types\/post"}],"author":[{"embeddable":true,"href":"https:\/\/www.europesays.com\/fr\/wp-json\/wp\/v2\/users\/2"}],"replies":[{"embeddable":true,"href":"https:\/\/www.europesays.com\/fr\/wp-json\/wp\/v2\/comments?post=250628"}],"version-history":[{"count":0,"href":"https:\/\/www.europesays.com\/fr\/wp-json\/wp\/v2\/posts\/250628\/revisions"}],"wp:featuredmedia":[{"embeddable":true,"href":"https:\/\/www.europesays.com\/fr\/wp-json\/wp\/v2\/media\/250629"}],"wp:attachment":[{"href":"https:\/\/www.europesays.com\/fr\/wp-json\/wp\/v2\/media?parent=250628"}],"wp:term":[{"taxonomy":"category","embeddable":true,"href":"https:\/\/www.europesays.com\/fr\/wp-json\/wp\/v2\/categories?post=250628"},{"taxonomy":"post_tag","embeddable":true,"href":"https:\/\/www.europesays.com\/fr\/wp-json\/wp\/v2\/tags?post=250628"}],"curies":[{"name":"wp","href":"https:\/\/api.w.org\/{rel}","templated":true}]}}