{"id":250633,"date":"2025-07-15T02:46:14","date_gmt":"2025-07-15T02:46:14","guid":{"rendered":"https:\/\/www.europesays.com\/fr\/250633\/"},"modified":"2025-07-15T02:46:14","modified_gmt":"2025-07-15T02:46:14","slug":"avant-le-budget-de-francois-bayrou-le-fmi-fait-ses-recommandations","status":"publish","type":"post","link":"https:\/\/www.europesays.com\/fr\/250633\/","title":{"rendered":"Avant le budget de Fran\u00e7ois Bayrou, le FMI fait ses recommandations"},"content":{"rendered":"<p>        <img decoding=\"async\" loading=\"lazy\" src=\"https:\/\/www.europesays.com\/fr\/wp-content\/uploads\/2025\/07\/191e7db_sirius-fs-upload-1-weybexptalj5-1745588587292-000-43g37ce.jpg\"  width=\"728\" height=\"409\" alt=\"Fran\u00e7ois Bayrou lors d\u2019une conf\u00e9rence de presse \u00e0 Puycapel dans le Cantal au mois d\u2019avril (Photo by Ed JONES \/ AFP)\"\/>  <\/p>\n<p>ED JONES \/ AFP<\/p>\n<p>Fran\u00e7ois Bayrou lors d\u2019une conf\u00e9rence de presse \u00e0 Puycapel dans le Cantal au mois d\u2019avril (Photo by Ed JONES \/ AFP)<\/p>\n<p class=\"asset asset-text\">\u00c9CONOMIE &#8211; \u00c0 bon entendeur&#8230; Le\u00a0Fonds mon\u00e9taire international (FMI) a jug\u00e9 ce lundi 14\u00a0juillet \u00ab\u00a0ad\u00e9quat l\u2019ajustement budg\u00e9taire \u00e0 moyen terme envisag\u00e9\u00a0\u00bb par le <a href=\"https:\/\/www.huffingtonpost.fr\/politique\/article\/discours-aux-armees-macron-veut-6-5-milliards-d-euros-en-plus-au-budget-de-la-defense-d-ici-2027_252551.html\" target=\"_blank\" rel=\"noopener\">gouvernement fran\u00e7ais<\/a> pour tenter de contr\u00f4ler le <a href=\"https:\/\/www.huffingtonpost.fr\/politique\/article\/marine-le-pen-a-du-mal-a-assumer-le-changement-de-doctrine-du-rn-sur-le-deficit_251240.html\" target=\"_blank\" rel=\"noopener\">d\u00e9ficit public de la France<\/a>, qui a d\u00e9rap\u00e9 en 2024.<\/p>\n<p class=\"asset asset-text\">Dans un rapport annuel que l\u2019institution de Washington rend public pour presque chacun de ses pays membres, elle rappelle que \u00ab\u00a0malgr\u00e9 les efforts pour contr\u00f4ler les d\u00e9penses, l\u2019orientation budg\u00e9taire a de nouveau \u00e9t\u00e9 expansionniste en 2024\u00a0\u00bb\u00a0: le d\u00e9ficit de la France s\u2019\u00e9tait port\u00e9 \u00e0 5,8\u00a0% du PIB, bien plus que les 4,4\u00a0% initialement anticip\u00e9s.<\/p>\n<p class=\"asset asset-text\">Le gouvernement fran\u00e7ais a depuis indiqu\u00e9 \u00e0 de nombreuses reprises vouloir d\u00e9gager des \u00e9conomies pour ramener le d\u00e9ficit public sous les 3\u00a0% du PIB \u00e0 l\u2019horizon 2029, sans d\u00e9voiler pour l\u2019heure de pistes d\u2019\u00e9conomies concr\u00e8tes pour 2026. Ce que le Premier ministre Fran\u00e7ois Bayrou devrait le faire ce mardi 15\u00a0juillet.<\/p>\n<p>    \u00ab\u00a0Assainissement budg\u00e9taire\u00a0\u00bb    <\/p>\n<p class=\"asset asset-text\">Un projet dont le\u00a0FMI\u00a0soutient le principe\u00a0: il souligne \u00ab\u00a0le besoin urgent de renforcer les finances publiques\u00a0\u00bb fran\u00e7aises et \u00ab\u00a0de poursuivre les r\u00e9formes structurelles\u00a0\u00bb.<\/p>\n<p class=\"asset asset-text\">\u00ab\u00a0L\u2019ajustement budg\u00e9taire \u00e0 moyen terme envisag\u00e9 par les autorit\u00e9s est ad\u00e9quat pour renforcer les finances publiques et doit \u00eatre soutenu par (&#8230;) un ensemble de mesures cr\u00e9dibles et bien con\u00e7ues\u00a0\u00bb, \u00e9crit-il. Pour le\u00a0FMI, la \u00ab\u00a0priorit\u00e9\u00a0\u00bb de cet \u00ab\u00a0assainissement budg\u00e9taire\u00a0\u00bb devra \u00eatre \u00ab\u00a0la rationalisation des d\u00e9penses courantes\u00a0\u00bb aussi bien de \u00ab\u00a0l\u2019administration\u00a0\u00bb que de la \u00ab\u00a0S\u00e9curit\u00e9 sociale\u00a0\u00bb.<\/p>\n<p class=\"asset asset-text\">L\u2019institution reconna\u00eet que les \u00ab\u00a0compromis\u00a0\u00bb sont \u00ab\u00a0difficiles dans le contexte national et international\u00a0\u00bb, une r\u00e9f\u00e9rence notamment \u00e0 l\u2019absence de majorit\u00e9 absolue pour la coalition gouvernementale \u00e0 l\u2019Assembl\u00e9e nationale.<\/p>\n<p class=\"asset asset-text\">Parmi les possibles pistes d\u2019\u00e9conomies qui pourraient \u00eatre d\u00e9voil\u00e9es mardi figure celle de \u00ab\u00a0l\u2019ann\u00e9e blanche\u00a0\u00bb, <a href=\"https:\/\/www.huffingtonpost.fr\/economie\/article\/sur-le-budget-bayrou-et-bercy-privilegient-l-annee-blanche-mais-combien-ca-coute-et-combien-ca-rapporte_252428.html\" target=\"_blank\" rel=\"noopener\">un gel en 2026 des d\u00e9penses et de pensions de retraite au niveau de 2025<\/a>, sans revalorisation li\u00e9e \u00e0 l\u2019inflation. Pour le\u00a0FMI, \u00ab\u00a0l\u2019\u00e9conomie fran\u00e7aise a fait preuve de r\u00e9silience\u00a0\u00bb en 2024 face \u00e0 la \u00ab\u00a0forte incertitude\u00a0\u00bb.<\/p>\n<p class=\"asset asset-text\">Le Fonds a salu\u00e9 \u00ab\u00a0la d\u00e9sinflation qui progresse bien\u00a0\u00bb &#8211; l\u2019inflation s\u2019est port\u00e9e \u00e0 1\u00a0% en juin contre 2,5\u00a0% en juin\u00a02024 &#8211; et un \u00ab\u00a0march\u00e9 du travail qui reste robuste,\u00a0\u00bb avec un nombre de demandeurs d\u2019emploi en baisse au premier trimestre 2025.<\/p>\n","protected":false},"excerpt":{"rendered":"ED JONES \/ AFP Fran\u00e7ois Bayrou lors d\u2019une conf\u00e9rence de presse \u00e0 Puycapel dans le Cantal au mois&hellip;\n","protected":false},"author":2,"featured_media":250634,"comment_status":"","ping_status":"","sticky":false,"template":"","format":"standard","meta":{"footnotes":""},"categories":[6],"tags":[1003,35,33,34,13305,1011,27,431,316],"class_list":{"0":"post-250633","1":"post","2":"type-post","3":"status-publish","4":"format-standard","5":"has-post-thumbnail","7":"category-economie","8":"tag-budget","9":"tag-business","10":"tag-economie","11":"tag-economy","12":"tag-fmi","13":"tag-fr","14":"tag-france","15":"tag-francois-bayrou","16":"tag-politique"},"share_on_mastodon":{"url":"https:\/\/pubeurope.com\/@fr\/114854965099065956","error":""},"_links":{"self":[{"href":"https:\/\/www.europesays.com\/fr\/wp-json\/wp\/v2\/posts\/250633","targetHints":{"allow":["GET"]}}],"collection":[{"href":"https:\/\/www.europesays.com\/fr\/wp-json\/wp\/v2\/posts"}],"about":[{"href":"https:\/\/www.europesays.com\/fr\/wp-json\/wp\/v2\/types\/post"}],"author":[{"embeddable":true,"href":"https:\/\/www.europesays.com\/fr\/wp-json\/wp\/v2\/users\/2"}],"replies":[{"embeddable":true,"href":"https:\/\/www.europesays.com\/fr\/wp-json\/wp\/v2\/comments?post=250633"}],"version-history":[{"count":0,"href":"https:\/\/www.europesays.com\/fr\/wp-json\/wp\/v2\/posts\/250633\/revisions"}],"wp:featuredmedia":[{"embeddable":true,"href":"https:\/\/www.europesays.com\/fr\/wp-json\/wp\/v2\/media\/250634"}],"wp:attachment":[{"href":"https:\/\/www.europesays.com\/fr\/wp-json\/wp\/v2\/media?parent=250633"}],"wp:term":[{"taxonomy":"category","embeddable":true,"href":"https:\/\/www.europesays.com\/fr\/wp-json\/wp\/v2\/categories?post=250633"},{"taxonomy":"post_tag","embeddable":true,"href":"https:\/\/www.europesays.com\/fr\/wp-json\/wp\/v2\/tags?post=250633"}],"curies":[{"name":"wp","href":"https:\/\/api.w.org\/{rel}","templated":true}]}}