{"id":250637,"date":"2025-07-15T02:48:11","date_gmt":"2025-07-15T02:48:11","guid":{"rendered":"https:\/\/www.europesays.com\/fr\/250637\/"},"modified":"2025-07-15T02:48:11","modified_gmt":"2025-07-15T02:48:11","slug":"un-homme-tue-par-balle-la-piste-du-trafic-de-drogue-etudiee","status":"publish","type":"post","link":"https:\/\/www.europesays.com\/fr\/250637\/","title":{"rendered":"un homme tu\u00e9 par balle, la piste du trafic de drogue \u00e9tudi\u00e9e"},"content":{"rendered":"<p>Selon le parquet, la victime, qui portait du cannabis sur elle, pourrait \u00eatre un jeune homme d\u00e9j\u00e0 condamn\u00e9 pour trafic de stup\u00e9fiants.<\/p>\n<p class=\"fig-paragraph\">Un homme d&rsquo;une vingtaine d&rsquo;ann\u00e9es a \u00e9t\u00e9 retrouv\u00e9 lundi matin dans une rue de\u00a0<a href=\"http:\/\/www.lefigaro.fr\/faits-divers\/fusillade-a-montargis-en-2021-un-trentenaire-condamne-a-25-ans-de-prison-20240202\" data-fig-type=\"NewsFlash\" data-gtm-custom-categorie=\"navigation\" data-gtm-custom-action=\"crossclick\" data-gtm-custom-label=\"Contextuel\" data-gtm-event=\"customEventSPE\" data-fig-domain=\"LEFIGARO\" target=\"_blank\" rel=\"noopener\">Montargis<\/a>\u00a0(Loiret), bless\u00e9 par balle avant de succomber \u00e0 ses blessures, a indiqu\u00e9 le procureur de la R\u00e9publique, pr\u00e9cisant qu&rsquo;il pourrait s&rsquo;agir d&rsquo;une personne condamn\u00e9 dans le pass\u00e9 pour trafic de drogues.<\/p>\n<p class=\"fig-paragraph\">La victime \u00abpr\u00e9sentait une plaie par arme \u00e0 feu au cr\u00e2ne\u00bb quand elle a \u00e9t\u00e9 prise en charge par des policiers, a fait savoir le procureur de la R\u00e9publique de Montargis, Jean-C\u00e9dric Go, dans un communiqu\u00e9. L&rsquo;homme est d\u00e9c\u00e9d\u00e9 ensuite \u00e0 l&rsquo;h\u00f4pital.<\/p>\n<p>                                    <a class=\"fig-a11y-skip a11y-hidden\" href=\"#fig-a11y-skip-main-inarticle\"><br \/>\n        Passer la publicit\u00e9<br \/>\n    <\/a><\/p>\n<p class=\"fig-paragraph\">Il \u00e9tait \u00aben possession de cannabis dissimul\u00e9 dans son cale\u00e7on\u00bb, mais \u00abne disposait pas de documents permettant son identification\u00bb, a pr\u00e9cis\u00e9 le procureur.<\/p>\n<p class=\"fig-paragraph\">Une enqu\u00eate a \u00e9t\u00e9 ouverte pour \u00abhomicide volontaire\u00bb, la division de la criminalit\u00e9 organis\u00e9e et sp\u00e9cialis\u00e9e du service interd\u00e9partemental de police judiciaire (SIPJ) du Loiret a \u00e9t\u00e9 saisie et une autopsie ordonn\u00e9e, a ajout\u00e9 le procureur.<\/p>\n<p class=\"fig-paragraph\">\u00abSelon les premi\u00e8res investigations, \u00e0 confirmer par des expertises biologiques, la victime \u00e9tait susceptible d&rsquo;\u00eatre identifi\u00e9e comme \u00e9tant un individu \u00e2g\u00e9 de 21 ans, d\u00e9j\u00e0 condamn\u00e9 pour des faits de trafic de stup\u00e9fiants et domicili\u00e9 sur l&rsquo;agglom\u00e9ration de Montargis\u00bb, a pr\u00e9cis\u00e9 M. Gaux.<\/p>\n","protected":false},"excerpt":{"rendered":"Selon le parquet, la victime, qui portait du cannabis sur elle, pourrait \u00eatre un jeune homme d\u00e9j\u00e0 condamn\u00e9&hellip;\n","protected":false},"author":2,"featured_media":250638,"comment_status":"","ping_status":"","sticky":false,"template":"","format":"standard","meta":{"footnotes":""},"categories":[4],"tags":[119,11,3694,271,2951,3695,3696,118,1011,27,2825,1253,303,12,1072,2694,25,2949],"class_list":{"0":"post-250637","1":"post","2":"type-post","3":"status-publish","4":"format-standard","5":"has-post-thumbnail","7":"category-france","8":"tag-accident","9":"tag-actualites","10":"tag-affaires","11":"tag-crime","12":"tag-criminalite","13":"tag-enquetes","14":"tag-evenements","15":"tag-faits-divers","16":"tag-fr","17":"tag-france","18":"tag-insecurite","19":"tag-islamisme","20":"tag-justice","21":"tag-news","22":"tag-police","23":"tag-proces","24":"tag-republique-francaise","25":"tag-violences"},"share_on_mastodon":{"url":"https:\/\/pubeurope.com\/@fr\/114854972848108515","error":""},"_links":{"self":[{"href":"https:\/\/www.europesays.com\/fr\/wp-json\/wp\/v2\/posts\/250637","targetHints":{"allow":["GET"]}}],"collection":[{"href":"https:\/\/www.europesays.com\/fr\/wp-json\/wp\/v2\/posts"}],"about":[{"href":"https:\/\/www.europesays.com\/fr\/wp-json\/wp\/v2\/types\/post"}],"author":[{"embeddable":true,"href":"https:\/\/www.europesays.com\/fr\/wp-json\/wp\/v2\/users\/2"}],"replies":[{"embeddable":true,"href":"https:\/\/www.europesays.com\/fr\/wp-json\/wp\/v2\/comments?post=250637"}],"version-history":[{"count":0,"href":"https:\/\/www.europesays.com\/fr\/wp-json\/wp\/v2\/posts\/250637\/revisions"}],"wp:featuredmedia":[{"embeddable":true,"href":"https:\/\/www.europesays.com\/fr\/wp-json\/wp\/v2\/media\/250638"}],"wp:attachment":[{"href":"https:\/\/www.europesays.com\/fr\/wp-json\/wp\/v2\/media?parent=250637"}],"wp:term":[{"taxonomy":"category","embeddable":true,"href":"https:\/\/www.europesays.com\/fr\/wp-json\/wp\/v2\/categories?post=250637"},{"taxonomy":"post_tag","embeddable":true,"href":"https:\/\/www.europesays.com\/fr\/wp-json\/wp\/v2\/tags?post=250637"}],"curies":[{"name":"wp","href":"https:\/\/api.w.org\/{rel}","templated":true}]}}