{"id":250639,"date":"2025-07-15T02:49:13","date_gmt":"2025-07-15T02:49:13","guid":{"rendered":"https:\/\/www.europesays.com\/fr\/250639\/"},"modified":"2025-07-15T02:49:13","modified_gmt":"2025-07-15T02:49:13","slug":"un-jeune-officier-se-tranche-loreille-avec-son-epee-pendant-le-defile-du-14-juillet","status":"publish","type":"post","link":"https:\/\/www.europesays.com\/fr\/250639\/","title":{"rendered":"Un jeune officier se tranche l&rsquo;oreille avec son \u00e9p\u00e9e pendant le d\u00e9fil\u00e9 du 14\u00a0juillet"},"content":{"rendered":"<p>C&rsquo;est une des images marquantes de ce d\u00e9fil\u00e9 du 14\u00a0juillet. Pendant la parade militaire sur les Champs-\u00c9lys\u00e9es, un jeune militaire de l&rsquo;EMIA (l&rsquo;\u00e9cole militaire interarm\u00e9es) s&rsquo;est coup\u00e9 l&rsquo;oreille avec son \u00e9p\u00e9e. Malgr\u00e9 le sang, visible sur les images diffus\u00e9es en direct, l&rsquo;aspirant officier a poursuivi le d\u00e9fil\u00e9, imperturbable.<\/p>\n<p>Contact\u00e9e par Le Parisien, l&rsquo;Arm\u00e9e de Terre a assur\u00e9 que le jeune militaire \u00ab\u00a0allait bien\u00a0\u00bb. Les internautes ont largement comment\u00e9 la s\u00e9quence sur les r\u00e9seaux sociaux.<\/p>\n<p>Autre rat\u00e9 de la c\u00e9r\u00e9monie\u00a0: <a href=\"https:\/\/www.laprovence.com\/article\/politique\/1157537150024815\/14-juillet-un-cavalier-de-la-garde-republicaine-chute-pendant-le-defile\" target=\"_blank\" rel=\"nofollow noopener\">la chute d&rsquo;un cavalier de la garde r\u00e9publicaine<\/a> lors du passage des troupes. Un autre cheval s&rsquo;est exfiltr\u00e9 du d\u00e9fil\u00e9 apr\u00e8s avoir d\u00e9sar\u00e7onn\u00e9 son cavalier, a-t-on pu apercevoir lors de la retransmission t\u00e9l\u00e9vis\u00e9e.<\/p>\n<p><a href=\"https:\/\/www.laprovence.com\/article\/politique\/1168806574427315\/14-juillet-revivez-en-images-le-defile-sur-les-champs-elysees\" target=\"_blank\" rel=\"nofollow noopener\">La parade de cette ann\u00e9e<\/a> \u00e9tait compos\u00e9e de 7\u00a0000 soldats, gendarmes, policiers et pompiers et de 65 avions, dont ceux de la Patrouille de France.<\/p>\n","protected":false},"excerpt":{"rendered":"C&rsquo;est une des images marquantes de ce d\u00e9fil\u00e9 du 14\u00a0juillet. Pendant la parade militaire sur les Champs-\u00c9lys\u00e9es, un&hellip;\n","protected":false},"author":2,"featured_media":250640,"comment_status":"","ping_status":"","sticky":false,"template":"","format":"standard","meta":{"footnotes":""},"categories":[2],"tags":[17,11,3396,12756,1011,27,3913,39091,12,14166,104,3711,2967],"class_list":{"0":"post-250639","1":"post","2":"type-post","3":"status-publish","4":"format-standard","5":"has-post-thumbnail","7":"category-actualites","8":"tag-17","9":"tag-actualites","10":"tag-avec","11":"tag-epee","12":"tag-fr","13":"tag-france","14":"tag-jeune","15":"tag-loreille","16":"tag-news","17":"tag-officier","18":"tag-societe","19":"tag-son","20":"tag-tranche"},"share_on_mastodon":{"url":"https:\/\/pubeurope.com\/@fr\/114854976680417480","error":""},"_links":{"self":[{"href":"https:\/\/www.europesays.com\/fr\/wp-json\/wp\/v2\/posts\/250639","targetHints":{"allow":["GET"]}}],"collection":[{"href":"https:\/\/www.europesays.com\/fr\/wp-json\/wp\/v2\/posts"}],"about":[{"href":"https:\/\/www.europesays.com\/fr\/wp-json\/wp\/v2\/types\/post"}],"author":[{"embeddable":true,"href":"https:\/\/www.europesays.com\/fr\/wp-json\/wp\/v2\/users\/2"}],"replies":[{"embeddable":true,"href":"https:\/\/www.europesays.com\/fr\/wp-json\/wp\/v2\/comments?post=250639"}],"version-history":[{"count":0,"href":"https:\/\/www.europesays.com\/fr\/wp-json\/wp\/v2\/posts\/250639\/revisions"}],"wp:featuredmedia":[{"embeddable":true,"href":"https:\/\/www.europesays.com\/fr\/wp-json\/wp\/v2\/media\/250640"}],"wp:attachment":[{"href":"https:\/\/www.europesays.com\/fr\/wp-json\/wp\/v2\/media?parent=250639"}],"wp:term":[{"taxonomy":"category","embeddable":true,"href":"https:\/\/www.europesays.com\/fr\/wp-json\/wp\/v2\/categories?post=250639"},{"taxonomy":"post_tag","embeddable":true,"href":"https:\/\/www.europesays.com\/fr\/wp-json\/wp\/v2\/tags?post=250639"}],"curies":[{"name":"wp","href":"https:\/\/api.w.org\/{rel}","templated":true}]}}