{"id":250643,"date":"2025-07-15T02:52:24","date_gmt":"2025-07-15T02:52:24","guid":{"rendered":"https:\/\/www.europesays.com\/fr\/250643\/"},"modified":"2025-07-15T02:52:24","modified_gmt":"2025-07-15T02:52:24","slug":"en-image-fleville-devant-nancy-un-essaim-dabeilles-entraine-la-chute-dune-cheminee","status":"publish","type":"post","link":"https:\/\/www.europesays.com\/fr\/250643\/","title":{"rendered":"En image | Fl\u00e9ville-devant-Nancy. Un essaim d\u2019abeilles entra\u00eene la chute d\u2019une chemin\u00e9e"},"content":{"rendered":"<p>Ce dimanche en fin d\u2019apr\u00e8s-midi, une chemin\u00e9e s\u2019est effondr\u00e9e rue L\u00e9on-Ducret car un essaim d\u2019abeilles s\u2019\u00e9tait form\u00e9 \u00e0 l\u2019int\u00e9rieur. Quelques minutes avant, M.\u00a0Braucourt, le propri\u00e9taire, et sa fille venaient de quitter la salle de jeux situ\u00e9e sous la chemin\u00e9e qui s\u2019est effondr\u00e9e pour aller jouer dans le jardin. La maison a \u00e9t\u00e9 s\u00e9curis\u00e9e mais le propri\u00e9taire n\u2019a pas pu r\u00e9int\u00e9grer son domicile, la toiture \u00e9tant endommag\u00e9e. Il a \u00e9t\u00e9 relog\u00e9 dans sa famille temporairement. Un apiculteur a fait le d\u00e9placement pour enlever l\u2019essaim, pour la s\u00e9curit\u00e9 du voisinage.<\/p>\n","protected":false},"excerpt":{"rendered":"Ce dimanche en fin d\u2019apr\u00e8s-midi, une chemin\u00e9e s\u2019est effondr\u00e9e rue L\u00e9on-Ducret car un essaim d\u2019abeilles s\u2019\u00e9tait form\u00e9 \u00e0&hellip;\n","protected":false},"author":2,"featured_media":250644,"comment_status":"","ping_status":"","sticky":false,"template":"","format":"standard","meta":{"footnotes":""},"categories":[9635],"tags":[1111,11,1704,1777,674,274,9650,1011,27,775,9649,1702,12,25],"class_list":{"0":"post-250643","1":"post","2":"type-post","3":"status-publish","4":"format-standard","5":"has-post-thumbnail","7":"category-nancy","8":"tag-actu","9":"tag-actualites","10":"tag-edition-nancy-et-agglomeration","11":"tag-eu","12":"tag-europe","13":"tag-faits-divers-justice","14":"tag-fleville-devant-nancy","15":"tag-fr","16":"tag-france","17":"tag-grand-est","18":"tag-metropole-du-grand-nancy-54b2","19":"tag-nancy","20":"tag-news","21":"tag-republique-francaise"},"share_on_mastodon":{"url":"https:\/\/pubeurope.com\/@fr\/114854988709292836","error":""},"_links":{"self":[{"href":"https:\/\/www.europesays.com\/fr\/wp-json\/wp\/v2\/posts\/250643","targetHints":{"allow":["GET"]}}],"collection":[{"href":"https:\/\/www.europesays.com\/fr\/wp-json\/wp\/v2\/posts"}],"about":[{"href":"https:\/\/www.europesays.com\/fr\/wp-json\/wp\/v2\/types\/post"}],"author":[{"embeddable":true,"href":"https:\/\/www.europesays.com\/fr\/wp-json\/wp\/v2\/users\/2"}],"replies":[{"embeddable":true,"href":"https:\/\/www.europesays.com\/fr\/wp-json\/wp\/v2\/comments?post=250643"}],"version-history":[{"count":0,"href":"https:\/\/www.europesays.com\/fr\/wp-json\/wp\/v2\/posts\/250643\/revisions"}],"wp:featuredmedia":[{"embeddable":true,"href":"https:\/\/www.europesays.com\/fr\/wp-json\/wp\/v2\/media\/250644"}],"wp:attachment":[{"href":"https:\/\/www.europesays.com\/fr\/wp-json\/wp\/v2\/media?parent=250643"}],"wp:term":[{"taxonomy":"category","embeddable":true,"href":"https:\/\/www.europesays.com\/fr\/wp-json\/wp\/v2\/categories?post=250643"},{"taxonomy":"post_tag","embeddable":true,"href":"https:\/\/www.europesays.com\/fr\/wp-json\/wp\/v2\/tags?post=250643"}],"curies":[{"name":"wp","href":"https:\/\/api.w.org\/{rel}","templated":true}]}}