{"id":25065,"date":"2025-04-14T19:55:11","date_gmt":"2025-04-14T19:55:11","guid":{"rendered":"https:\/\/www.europesays.com\/fr\/25065\/"},"modified":"2025-04-14T19:55:11","modified_gmt":"2025-04-14T19:55:11","slug":"on-a-vu-la-saison-2-de-the-last-of-us-et-pedro-pascal-et-bella-ramsey-affrontent-bien-pire-que-des-zombies","status":"publish","type":"post","link":"https:\/\/www.europesays.com\/fr\/25065\/","title":{"rendered":"On a vu la saison 2 de \u00ab\u00a0The Last of Us\u00a0\u00bb, et Pedro Pascal et Bella Ramsey affrontent bien pire que des zombies"},"content":{"rendered":"<p>        <img decoding=\"async\" loading=\"lazy\" src=\"https:\/\/www.europesays.com\/fr\/wp-content\/uploads\/2025\/04\/7a95b74_sirius-fs-upload-1-wyyt0qlx8yrf-1744214224805-tlou.jpg\"  width=\"728\" height=\"409\" alt=\"Pedro Pascal est Joel Miller dans \u00ab\u00a0The Last of Us\u00a0\u00bb \"\/>  <\/p>\n<p>Max<\/p>\n<p>Pedro Pascal est Joel Miller dans \u00ab\u00a0The Last of Us\u00a0\u00bb <\/p>\n<p class=\"asset asset-text\">S\u00c9RIES T\u00c9L\u00c9 &#8211; C\u2019est la saison des champignons. Pas celle des c\u00e8pes et des morilles, mais celle du cordyceps. <a href=\"https:\/\/www.huffingtonpost.fr\/culture\/article\/avant-la-saison-2-de-the-last-of-us-sur-max-bella-ramsey-a-resume-la-saison-1-comme-personne_248549.html\" target=\"_blank\" rel=\"noopener\">The Last of Us<\/a> revient sur<a href=\"https:\/\/www.huffingtonpost.fr\/culture\/article\/the-white-lotus-saison-3-le-final-sanglant-a-laisse-les-stars-en-larmes-et-on-comprend-pourquoi_248491.html\" target=\"_blank\" rel=\"noopener\"> Max<\/a> le dimanche 14\u00a0avril. Apr\u00e8s plus de deux ans d\u2019attente, les t\u00e9l\u00e9spectateurs vont enfin retrouver Ellie et Joel dans une Am\u00e9rique d\u00e9vast\u00e9e par l\u2019apocalypse et les \u00ab\u00a0infect\u00e9s\u00a0\u00bb. Mais dans cette <a href=\"https:\/\/www.huffingtonpost.fr\/culture\/video\/la-saison-2-de-the-last-of-us-est-pour-tres-bientot-et-elle-s-annonce-terrifiante-clx2_244467.html\" target=\"_blank\" rel=\"noopener\">2e saison de l\u2019adaptation du jeu vid\u00e9o culte<\/a>, les zombies sont loin d\u2019\u00eatre les plus mena\u00e7ants.<\/p>\n<p class=\"asset asset-text\">Nous avons vu les sept \u00e9pisodes de cette nouvelle saison d\u2019une traite, ou presque. Et ils nous ont, peut-\u00eatre plus encore que ceux de la premi\u00e8re saison, bluff\u00e9s. C\u2019est dire si une fois encore, les showrunners ont gagn\u00e9 leur pari tr\u00e8s risqu\u00e9 en adaptant la suite du jeu vid\u00e9o culte.<\/p>\n<p class=\"asset asset-text\">Sans rien d\u00e9voiler de l\u2019intrigue, que connaissent d\u00e9j\u00e0 celles et ceux qui ont jou\u00e9 \u00e0 The Last of Us Part\u00a0II, ce qu\u2019on peut dire c\u2019est qu\u2019elle laisse la part belle \u00e0 l\u2019humanit\u00e9, dans ce qu\u2019elle a de meilleur, mais surtout de pire.<\/p>\n<p> La lecture de ce contenu est susceptible d\u2019entra\u00eener un d\u00e9p\u00f4t de cookies de la part de l\u2019op\u00e9rateur tiers qui l\u2019h\u00e9berge. Compte-tenu des choix que vous avez exprim\u00e9s en mati\u00e8re de d\u00e9p\u00f4t de cookies, nous avons bloqu\u00e9 l\u2019affichage de ce contenu. Si vous souhaitez y acc\u00e9der, vous devez accepter la cat\u00e9gorie de cookies \u201cContenus tiers\u201d en cliquant sur le bouton ci-dessous. <\/p>\n<p> Lire la Vid\u00e9o              <\/p>\n<p class=\"asset asset-text\">The Last of Us reprend apr\u00e8s un bond dans le temps. On retrouve Ellie (Bella Ramsey) et Joel (Pedro Pascal) 5\u00a0ans apr\u00e8s les \u00e9v\u00e8nements qui avaient cl\u00f4tur\u00e9 la premi\u00e8re saison. La jeune femme immunis\u00e9e et l\u2019ancien contrebandier qui l\u2019a adopt\u00e9e sont d\u00e9sormais bien install\u00e9s \u00e0 Jackson. Mais leur quotidien dans la communaut\u00e9 prosp\u00e8re dirig\u00e9e par Maria (Rutina Wesley) et Tommy (Gabriel Luna) le fr\u00e8re de Joel, est chamboul\u00e9 \u00e0 jamais lorsque des \u00ab\u00a0fant\u00f4mes\u00a0\u00bb de leur pass\u00e9 font surface.<\/p>\n<p>                     Moins de zombies dans The Last of Us    <\/p>\n<p class=\"asset asset-text\">Rassurez-vous, cette seconde salve d\u2019\u00e9pisodes n\u2019exclut pas totalement du sc\u00e9nario des infect\u00e9s, ces \u00eatres humains mutants aux excroissances r\u00e9pugnantes. Ils sont toujours aussi rapides et assoiff\u00e9s de sang, et l\u2019un des \u00e9pisodes nous r\u00e9serve m\u00eame un sp\u00e9cimen particuli\u00e8rement repoussant. Mais ils ne sont pas centraux et appartiennent d\u00e9sormais presque au d\u00e9cor.<\/p>\n<p>         <img decoding=\"async\" loading=\"lazy\" src=\"https:\/\/www.europesays.com\/fr\/wp-content\/uploads\/2025\/04\/b8f0f97_sirius-fs-upload-1-yeioi6e3mchg-1744214224778-tlou2.jpg\"  width=\"728\" height=\"409\" alt=\"Bella Ramsey est Ellie dans \u00ab\u00a0The Last of Us\u00a0\u00bb \"\/>  <\/p>\n<p>Max<\/p>\n<p>Bella Ramsey est Ellie dans \u00ab\u00a0The Last of Us\u00a0\u00bb <\/p>\n<p class=\"asset asset-text\">Ce que les sc\u00e9naristes ont mis en avant, plus encore que dans la 1\u00e8re saison, ce sont les rapports humains complexes qui se jouent dans cette r\u00e9alit\u00e9 effrayante. Ceux internes \u00e0 la communaut\u00e9, qui lient Ellie et Joel, Ellie et sa meilleure amie Dina (Isabela Merced) ou Joel et son fr\u00e8re Tommy. Des liens qu\u2019analyse la psy de Jackson, Gail, incarn\u00e9e par une Catherine O\u2019Hara comme \u00e0 son habitude exceptionnelle. Mais pas seulement. La saison 2\u00a0de The Last of Us ajoute en effet progressivement sur l\u2019\u00e9chiquier de nouveaux \u00ab\u00a0joueurs\u00a0\u00bb, de nouvelles communaut\u00e9s avec lesquelles les h\u00e9ros doivent composer (et lutter).<\/p>\n<p>    Ellie et Joel face \u00e0 de nouvelles communaut\u00e9s    <\/p>\n<p class=\"asset asset-text\">Exit les \u00ab\u00a0Fireflies\u00a0\u00bb, il y a les Wolfs, groupe militaire aux m\u00e9thodes radicales men\u00e9 par le tr\u00e8s placide Isaac (Jeffrey Wright) et dans lequel \u00e9volue Abby (Kaitlyn Dever), personnage central de cette saison s\u2019il en est. Il y a aussi les \u00ab\u00a0Scars\u00a0\u00bb, comprenez les cicatrices, groupe de survivants fanatiques au visage scarifi\u00e9 adulant une myst\u00e9rieuse proph\u00e9tesse. Des hommes et des femmes non moins cruels dans leurs rapports avec les autres communaut\u00e9s, malgr\u00e9 leur pr\u00e9tendu pacifisme.<\/p>\n<p>                          <img decoding=\"async\" loading=\"lazy\" src=\"https:\/\/www.europesays.com\/fr\/wp-content\/uploads\/2025\/04\/883adbf_sirius-fs-upload-1-tjlws0qgqfza-1744214224805-b0de40929f5ffcc920afb6a822580c9b.jpg\"  width=\"728\" height=\"410\" alt=\"Kaitlyn Dever est Abby dans \u00ab\u00a0The last of Us\u00a0\u00bb saison 2\"\/>  <\/p>\n<p>Max<\/p>\n<p>Kaitlyn Dever est Abby dans \u00ab\u00a0The last of Us\u00a0\u00bb saison 2<\/p>\n<p class=\"asset asset-text\">Les morsures des infect\u00e9s sont loin d\u2019\u00eatre la menace la plus effrayante de cette nouvelle r\u00e9alit\u00e9. \u00c9pisode apr\u00e8s \u00e9pisode, \u00e0 coups de flashbacks parfois tr\u00e8s lointains, de multiples fils se nouent et se d\u00e9nouent entre les protagonistes pour faire monter la tension jusqu\u2019\u00e0 un final \u00e9pique.<\/p>\n<p class=\"asset asset-text\">Sans prendre le t\u00e9l\u00e9spectateur par la main, la s\u00e9rie l\u2019embarque de force dans un voyage brutal fait de trahison, de vengeance, de ranc\u0153ur, mais aussi de loyaut\u00e9 et d\u2019amour. Autant d\u2019\u00e9l\u00e9ments qui vont \u00e0 coup s\u00fbr profond\u00e9ment accrocher les abonn\u00e9s, mais aussi les surprendre et les \u00e9mouvoir aux larmes. Non, ce n\u2019est pas un spoiler, c\u2019est une promesse.<\/p>\n<p class=\"asset asset-text\"><strong>\u00c0 voir \u00e9galement sur\u00a0Le HuffPost\u00a0:<\/strong><\/p>\n<p> La lecture de ce contenu est susceptible d\u2019entra\u00eener un d\u00e9p\u00f4t de cookies de la part de l\u2019op\u00e9rateur tiers qui l\u2019h\u00e9berge. Compte-tenu des choix que vous avez exprim\u00e9s en mati\u00e8re de d\u00e9p\u00f4t de cookies, nous avons bloqu\u00e9 l\u2019affichage de ce contenu. Si vous souhaitez y acc\u00e9der, vous devez accepter la cat\u00e9gorie de cookies \u201cContenus tiers\u201d en cliquant sur le bouton ci-dessous. <\/p>\n<p> Lire la Vid\u00e9o                <\/p>\n","protected":false},"excerpt":{"rendered":"Max Pedro Pascal est Joel Miller dans \u00ab\u00a0The Last of Us\u00a0\u00bb S\u00c9RIES T\u00c9L\u00c9 &#8211; C\u2019est la saison des&hellip;\n","protected":false},"author":2,"featured_media":25066,"comment_status":"","ping_status":"","sticky":false,"template":"","format":"standard","meta":{"footnotes":""},"categories":[1356],"tags":[251,58,59,1011,27,5547,595,252,187,1364],"class_list":{"0":"post-25065","1":"post","2":"type-post","3":"status-publish","4":"format-standard","5":"has-post-thumbnail","7":"category-television","8":"tag-culture","9":"tag-divertissement","10":"tag-entertainment","11":"tag-fr","12":"tag-france","13":"tag-hbo","14":"tag-serie-tv","15":"tag-television","16":"tag-the-last-of-us","17":"tag-tv"},"share_on_mastodon":{"url":"https:\/\/pubeurope.com\/@fr\/114338078704061320","error":""},"_links":{"self":[{"href":"https:\/\/www.europesays.com\/fr\/wp-json\/wp\/v2\/posts\/25065","targetHints":{"allow":["GET"]}}],"collection":[{"href":"https:\/\/www.europesays.com\/fr\/wp-json\/wp\/v2\/posts"}],"about":[{"href":"https:\/\/www.europesays.com\/fr\/wp-json\/wp\/v2\/types\/post"}],"author":[{"embeddable":true,"href":"https:\/\/www.europesays.com\/fr\/wp-json\/wp\/v2\/users\/2"}],"replies":[{"embeddable":true,"href":"https:\/\/www.europesays.com\/fr\/wp-json\/wp\/v2\/comments?post=25065"}],"version-history":[{"count":0,"href":"https:\/\/www.europesays.com\/fr\/wp-json\/wp\/v2\/posts\/25065\/revisions"}],"wp:featuredmedia":[{"embeddable":true,"href":"https:\/\/www.europesays.com\/fr\/wp-json\/wp\/v2\/media\/25066"}],"wp:attachment":[{"href":"https:\/\/www.europesays.com\/fr\/wp-json\/wp\/v2\/media?parent=25065"}],"wp:term":[{"taxonomy":"category","embeddable":true,"href":"https:\/\/www.europesays.com\/fr\/wp-json\/wp\/v2\/categories?post=25065"},{"taxonomy":"post_tag","embeddable":true,"href":"https:\/\/www.europesays.com\/fr\/wp-json\/wp\/v2\/tags?post=25065"}],"curies":[{"name":"wp","href":"https:\/\/api.w.org\/{rel}","templated":true}]}}