{"id":250651,"date":"2025-07-15T02:59:14","date_gmt":"2025-07-15T02:59:14","guid":{"rendered":"https:\/\/www.europesays.com\/fr\/250651\/"},"modified":"2025-07-15T02:59:14","modified_gmt":"2025-07-15T02:59:14","slug":"pres-de-rouen-un-au-revoir-au-directeur-de-lecole","status":"publish","type":"post","link":"https:\/\/www.europesays.com\/fr\/250651\/","title":{"rendered":"pr\u00e8s de Rouen, un au revoir au directeur de l&rsquo;\u00e9cole"},"content":{"rendered":"<p>            Par<br \/>\n        <strong><br \/>\n            <a href=\"https:\/\/actu.fr\/auteur\/isabellevilly\" title=\"Consulter tous les articles de Isabelle Villy\" target=\"_blank\" rel=\"noopener\">Isabelle Villy<\/a><br \/>\n        <\/strong><\/p>\n<p>        Publi\u00e9 le<\/p>\n<p>            14 juil. 2025 \u00e0 20h26        <\/p>\n<p>\u00ab Adieu monsieur le professeur \/ On ne vous oubliera jamais \/ Et tout au fond de notre c\u0153ur \/Ces mots sont \u00e9crits \u00e0 la craie \u00bb,<strong> chantait Hugues Aufray<\/strong> dans un texte rest\u00e9 c\u00e9l\u00e8bre. Des paroles qui pourraient presque convenir pour parler<strong> du directeur de l\u2019\u00e9cole Bernard-Lemaistre<\/strong>, \u00e0 <a href=\"https:\/\/actu.fr\/normandie\/buchy_76146\" target=\"_blank\" rel=\"noopener\">Buchy<\/a>, qui va donc quitter son poste apr\u00e8s 13 ann\u00e9es dans l\u2019\u00e9tablissement\u2026 Mais ce n\u2019\u00e9tait pas un adieu.<\/p>\n<p>Une \u00e9tape suppl\u00e9mentaire dans son parcours<\/p>\n<p class=\" wall-content\">Mais mardi 1er juillet, ce n\u2019est pas un adieu que S\u00e9bastien Rassent a prononc\u00e9, devant les \u00e9lus de Buchy, son \u00e9quipe enseignante, les jeunes \u00e9lus de la commune et quelques enfants : il l\u2019a en effet promis, <strong>il reviendra les voir, lors des kermesses notamment<\/strong>. Il faut dire qu\u2019il ne part pas tr\u00e8s loin puisque d\u00e8s la rentr\u00e9e, il sera en poste \u00e0 l\u2019\u00e9cole \u00e9l\u00e9mentaire Claude-Monet de Neufch\u00e2tel-en-Bray : une autre dimension, pour une \u00e9tape suppl\u00e9mentaire dans son parcours d\u2019enseignant.<\/p>\n<p class=\" wall-content\">De l\u2019\u00e9motion, il y en avait bien s\u00fbr, m\u00eame si chacun voulait la contenir pour ne garder de cette c\u00e9r\u00e9monie de d\u00e9part du directeur de l\u2019\u00e9cole, que des instants de souvenirs joyeux. Il faut dire qu\u2019en 13 ans, S\u00e9bastien Rassent a su marquer de son empreinte l\u2019\u00e9tablissement scolaire, avec des projets \u00e9ducatifs qui s\u00e9duisaient tout autant les enseignants, que les enfants et les familles.<\/p>\n<p>\u00ab\u00a0Un pincement au c\u0153ur\u00a0\u00bb\u00a0<\/p>\n<p class=\" wall-content\">\u00ab On a un petit pincement au c\u0153ur, on avait de bonnes relations et on avait cr\u00e9\u00e9 un bon climat de confiance \u00bb, a d\u00e9clar\u00e9 le maire de Buchy, Jo\u00ebl Lefebvre, ajoutant que l\u2019\u00e9cole de Neufch\u00e2tel va \u00ab r\u00e9cup\u00e9rer un directeur \u00e0 la hauteur \u00bb, et comprenant \u00e9videmment la motivation de S\u00e9bastien Rassent d\u2019aller enseigner dans la commune o\u00f9 il vit. \u00ab Ce n\u2019est pas une surprise, il avait d\u00e9j\u00e0 fait la demande il y a trois ans \u00bb, a poursuivi l\u2019\u00e9lu.<\/p>\n<p>Sens de l\u2019\u00e9coute et patience<\/p>\n<p class=\" wall-content\">Ses coll\u00e8gues enseignantes ont de leur c\u00f4t\u00e9 mis en avant le<strong> \u00ab sens de l\u2019\u00e9coute et la patience \u00bb<\/strong> de S\u00e9bastien Rassent : \u00ab Nous ne serons pas les seuls \u00e0 te regretter \u00bb.<\/p>\n<p class=\" wall-content\">Des compliments qui ont visiblement fait plaisir au directeur, m\u00eame si lui, de son c\u00f4t\u00e9, avouait n\u2019avoir \u00e9crit aucun discours : inutile pour cet enseignant p\u00e9dagogue, les souvenirs de toutes ces ann\u00e9es \u00e9tant d\u00e9sormais ancr\u00e9s dans sa m\u00e9moire.<\/p>\n<p>    <img   decoding=\"async\" loading=\"lazy\" class=\"size-large\" src=\"https:\/\/www.europesays.com\/fr\/wp-content\/uploads\/2025\/07\/c12a6e2f35686162a6e2f35681a2a6v-960x640.jpg\" alt=\"Buchy d\u00e9part directeur \u00e9cole\" width=\"960\" height=\"640\"\/><br \/>\n    L\u2019\u00e9quipe enseignante \u00e9tait rassembl\u00e9e pour saluer le d\u00e9part du directeur.\u00a0 \u00a9Isabelle VILLY\u00ab La communication, c\u2019est la base \u00bb<\/p>\n<p class=\" wall-content\">\u00ab En 13 ans, mes \u00e9l\u00e8ves ont grandi \u00bb, a-t-il constat\u00e9, avant d\u2019adresser ses remerciements aux personnes pr\u00e9sentes : aux \u00e9lus, Jo\u00ebl Lefebvre et Patrick Chauvet avant lui, pour tout ce que la commune fait pour l\u2019\u00e9cole de Buchy. Bien entendu, il s\u2019est adress\u00e9 aux enseignants, soulignant ainsi : \u00ab<strong> Sans mon \u00e9quipe, je ne suis rien.<\/strong> Les \u00e9l\u00e8ves ont de la chance d\u2019\u00eatre \u00e0 Buchy. J\u2019ai pu travailler en confiance avec les parents. La communication, c\u2019est la base : un simple bonjour, le matin, \u00e0 la barri\u00e8re, c\u2019est quelque chose de simple, mais c\u2019est important \u00bb. Et il n\u2019a pas oubli\u00e9 l\u2019association des parents d\u2019\u00e9l\u00e8ves, dont les actions permettent notamment de financer les classes d\u00e9couvertes.<\/p>\n<p>Une nouvelle directrice \u00e0 la rentr\u00e9e<\/p>\n<p class=\" wall-content\">Une page se tourne \u00e0 Buchy : \u00e0 la rentr\u00e9e de septembre, S\u00e9bastien Rassent ne viendra plus accueillir enfants et familles \u00e0 la barri\u00e8re. Il sera alors temps pour tous de d\u00e9couvrir et d\u2019apprendre \u00e0 conna\u00eetre la nouvelle directrice : St\u00e9phanie Brecq, qui \u00e9tait jusqu\u2019ici \u00e0 l\u2019\u00e9cole de Serqueux.<\/p>\n<p>Suivez l\u2019actualit\u00e9 de Rouen <a href=\"https:\/\/www.whatsapp.com\/channel\/0029VaKfnf99hXF2ddApFB1D\" target=\"_blank\" rel=\"noopener\">sur notre cha\u00eene WhatsApp<\/a> et <a href=\"https:\/\/www.tiktok.com\/@76actu.fr?lang=fr\" target=\"_blank\" rel=\"noopener\">sur notre compte TikTok<\/a><\/p>\n<p class=\" wall-content\">Suivez toute l\u2019actualit\u00e9 de vos villes et m\u00e9dias favoris en vous inscrivant \u00e0 <a href=\"https:\/\/moncompte.actu.fr\" title=\"D\u00e9couvez Mon Actu\" rel=\"nofollow noopener\" data-trk=\"{&quot;cta&quot;:{&quot;action&quot;:&quot;https:\\\/\\\/moncompte.actu.fr&quot;,&quot;category&quot;:&quot;mon compte&quot;,&quot;from&quot;:&quot;article footer&quot;,&quot;name&quot;:&quot;Mon actu&quot;,&quot;type&quot;:&quot;cta&quot;}}\" target=\"_blank\">Mon Actu<\/a>.<\/p>\n<ul class=\"ac-article-tag wall-content\">\n<li><a href=\"https:\/\/actu.fr\/tag\/ecoles\" data-trk=\"{&quot;cta&quot;:{&quot;action&quot;:&quot;Ecoles&quot;,&quot;category&quot;:&quot;tag&quot;,&quot;from&quot;:&quot;article footer&quot;,&quot;name&quot;:&quot;Ecoles&quot;,&quot;type&quot;:&quot;cta&quot;}}\" target=\"_blank\" rel=\"noopener\">#Ecoles<\/a><\/li>\n<li><a href=\"https:\/\/actu.fr\/tag\/vacances-scolaires\" data-trk=\"{&quot;cta&quot;:{&quot;action&quot;:&quot;Vacances scolaires&quot;,&quot;category&quot;:&quot;tag&quot;,&quot;from&quot;:&quot;article footer&quot;,&quot;name&quot;:&quot;Vacances scolaires&quot;,&quot;type&quot;:&quot;cta&quot;}}\" target=\"_blank\" rel=\"noopener\">#Vacances scolaires<\/a><\/li>\n<\/ul>\n<p>                    <script async src=\"\/\/www.tiktok.com\/embed.js\"><\/script><\/p>\n","protected":false},"excerpt":{"rendered":"Par Isabelle Villy Publi\u00e9 le 14 juil. 2025 \u00e0 20h26 \u00ab Adieu monsieur le professeur \/ On ne&hellip;\n","protected":false},"author":2,"featured_media":250652,"comment_status":"","ping_status":"","sticky":false,"template":"","format":"standard","meta":{"footnotes":""},"categories":[9587],"tags":[1111,11,4019,1777,674,1011,27,1757,12,5161,25,9590,3176],"class_list":{"0":"post-250651","1":"post","2":"type-post","3":"status-publish","4":"format-standard","5":"has-post-thumbnail","7":"category-rouen","8":"tag-actu","9":"tag-actualites","10":"tag-ecoles","11":"tag-eu","12":"tag-europe","13":"tag-fr","14":"tag-france","15":"tag-insolite","16":"tag-news","17":"tag-normandie","18":"tag-republique-francaise","19":"tag-rouen","20":"tag-vacances-scolaires"},"share_on_mastodon":{"url":"https:\/\/pubeurope.com\/@fr\/114855016985954593","error":""},"_links":{"self":[{"href":"https:\/\/www.europesays.com\/fr\/wp-json\/wp\/v2\/posts\/250651","targetHints":{"allow":["GET"]}}],"collection":[{"href":"https:\/\/www.europesays.com\/fr\/wp-json\/wp\/v2\/posts"}],"about":[{"href":"https:\/\/www.europesays.com\/fr\/wp-json\/wp\/v2\/types\/post"}],"author":[{"embeddable":true,"href":"https:\/\/www.europesays.com\/fr\/wp-json\/wp\/v2\/users\/2"}],"replies":[{"embeddable":true,"href":"https:\/\/www.europesays.com\/fr\/wp-json\/wp\/v2\/comments?post=250651"}],"version-history":[{"count":0,"href":"https:\/\/www.europesays.com\/fr\/wp-json\/wp\/v2\/posts\/250651\/revisions"}],"wp:featuredmedia":[{"embeddable":true,"href":"https:\/\/www.europesays.com\/fr\/wp-json\/wp\/v2\/media\/250652"}],"wp:attachment":[{"href":"https:\/\/www.europesays.com\/fr\/wp-json\/wp\/v2\/media?parent=250651"}],"wp:term":[{"taxonomy":"category","embeddable":true,"href":"https:\/\/www.europesays.com\/fr\/wp-json\/wp\/v2\/categories?post=250651"},{"taxonomy":"post_tag","embeddable":true,"href":"https:\/\/www.europesays.com\/fr\/wp-json\/wp\/v2\/tags?post=250651"}],"curies":[{"name":"wp","href":"https:\/\/api.w.org\/{rel}","templated":true}]}}