{"id":250653,"date":"2025-07-15T03:04:10","date_gmt":"2025-07-15T03:04:10","guid":{"rendered":"https:\/\/www.europesays.com\/fr\/250653\/"},"modified":"2025-07-15T03:04:10","modified_gmt":"2025-07-15T03:04:10","slug":"rennes-un-premier-salon-de-lalgue-en-novembre-pour-structurer-une-filiere-davenir","status":"publish","type":"post","link":"https:\/\/www.europesays.com\/fr\/250653\/","title":{"rendered":"Rennes. Un premier Salon de l\u2019Algue en novembre pour structurer une fili\u00e8re d\u2019avenir"},"content":{"rendered":"<p style=\"text-align: justify;\">\u00c0 Rennes, les 23 et 24 novembre 2025, l\u2019association \u00ab Merci les Algues \u00bb organise le tout premier salon fran\u00e7ais consacr\u00e9 aux algues. Un \u00e9v\u00e9nement in\u00e9dit, \u00e0 la crois\u00e9e des enjeux agricoles, \u00e9conomiques et environnementaux.<\/p>\n<p><strong>Une ressource bretonne, mais une fili\u00e8re encore balbutiante<\/strong><\/p>\n<p style=\"text-align: justify;\">C\u2019est \u00e0 la Halle de la Courrouze, \u00e0 Saint-Jacques-de-la-Lande, que se tiendra la premi\u00e8re \u00e9dition du Salon de l\u2019Algue. Une initiative port\u00e9e par l\u2019association \u00ab Merci les Algues \u00bb, cr\u00e9\u00e9e en 2020 dans les C\u00f4tes d\u2019Armor, avec l\u2019appui du Cluster Algues Bretagne, du CEVA, de Normandie Fili\u00e8re Algues et d\u2019autres partenaires.<\/p>\n<p style=\"text-align: justify;\">La France est le deuxi\u00e8me producteur europ\u00e9en d\u2019algues, derri\u00e8re la Norv\u00e8ge. Mais la quasi-totalit\u00e9 de cette production est bretonne, avec 90 % des volumes nationaux concentr\u00e9s sur le littoral armoricain. Selon le Centre d\u2019\u00e9tudes et de valorisation des algues (Ceva), entre 40 000 et 60 000 tonnes sont r\u00e9colt\u00e9es chaque ann\u00e9e, issues de navires go\u00e9moniers, de r\u00e9coltants \u00e0 pied, ou encore de l\u2019aquaculture.<\/p>\n<p style=\"text-align: justify;\">Malgr\u00e9 ce potentiel, la fili\u00e8re reste mal connue. Jeanne-Marie Robert, animatrice de l\u2019association organisatrice, souligne que l\u2019objectif du salon est de renforcer la visibilit\u00e9 du secteur et de mieux faire conna\u00eetre ses d\u00e9bouch\u00e9s : alimentation, cosm\u00e9tique, nutrition, sant\u00e9, agriculture ou biomat\u00e9riaux. \u00ab C\u2019est une solution efficace pour r\u00e9duire les pesticides, nourrir le sol et stimuler les d\u00e9fenses immunitaires des plantes \u00bb, explique-t-elle, \u00e0 propos des extraits d\u2019algues utilis\u00e9s comme biostimulants.<\/p>\n<p><strong>Deux journ\u00e9es pour faire conna\u00eetre les usages de demain<\/strong><\/p>\n<p style=\"text-align: justify;\">Le salon s\u2019organisera en deux temps : une premi\u00e8re journ\u00e9e, le dimanche 23 novembre, ouverte au grand public, avec des animations p\u00e9dagogiques, un jeu de piste familial, des d\u00e9monstrations culinaires et un concours de recettes aux algues. La seconde journ\u00e9e, lundi 24 novembre, sera consacr\u00e9e aux professionnels avec des mini-conf\u00e9rences, des workshops th\u00e9matiques, des ateliers interactifs et des sessions de speed-meeting.<\/p>\n<p style=\"text-align: justify;\">Pr\u00e8s de 70 exposants sont attendus. L\u2019enjeu : favoriser les synergies entre chercheurs, industriels, agriculteurs, artisans, collectivit\u00e9s et investisseurs.<\/p>\n<p style=\"text-align: justify;\">En Bretagne, on recense environ 150 structures actives dans la fili\u00e8re algue, repr\u00e9sentant pr\u00e8s de 2 500 emplois. Parmi elles, une quarantaine de r\u00e9coltants, une centaine d\u2019entreprises de transformation et de valorisation, et de plus en plus d\u2019acteurs agricoles.<\/p>\n<p style=\"text-align: justify;\">\u00ab Nous voulons montrer l\u2019int\u00e9r\u00eat qu\u2019elles rev\u00eatent pour le domaine agricole, l\u2019agroalimentaire et dans les biomat\u00e9riaux \u00bb, r\u00e9sume Jeanne-Marie Robert. \u00c0 terme, l\u2019ambition est claire : faire de l\u2019algue un levier \u00e9conomique pour les territoires c\u00f4tiers bretons.<\/p>\n<p style=\"text-align: justify;\">Cr\u00e9dit photo : DR (photo d\u2019illustration)<br \/>[cc] Breizh-info.com, 2025, d\u00e9p\u00eaches libres de copie et de diffusion sous r\u00e9serve de mention et de lien vers la source d\u2019origine<\/p>\n","protected":false},"excerpt":{"rendered":"\u00c0 Rennes, les 23 et 24 novembre 2025, l\u2019association \u00ab Merci les Algues \u00bb organise le tout premier&hellip;\n","protected":false},"author":2,"featured_media":250654,"comment_status":"","ping_status":"","sticky":false,"template":"","format":"standard","meta":{"footnotes":""},"categories":[2821],"tags":[1111,11,39092,829,1777,674,1011,27,3135,12,584,25,18461,39093],"class_list":{"0":"post-250653","1":"post","2":"type-post","3":"status-publish","4":"format-standard","5":"has-post-thumbnail","7":"category-rennes","8":"tag-actu","9":"tag-actualites","10":"tag-biomateriaux","11":"tag-bretagne","12":"tag-eu","13":"tag-europe","14":"tag-fr","15":"tag-france","16":"tag-littoral","17":"tag-news","18":"tag-rennes","19":"tag-republique-francaise","20":"tag-saint-jacques-de-la-lande","21":"tag-salon-de-lalgue"},"share_on_mastodon":{"url":"https:\/\/pubeurope.com\/@fr\/114855035745742232","error":""},"_links":{"self":[{"href":"https:\/\/www.europesays.com\/fr\/wp-json\/wp\/v2\/posts\/250653","targetHints":{"allow":["GET"]}}],"collection":[{"href":"https:\/\/www.europesays.com\/fr\/wp-json\/wp\/v2\/posts"}],"about":[{"href":"https:\/\/www.europesays.com\/fr\/wp-json\/wp\/v2\/types\/post"}],"author":[{"embeddable":true,"href":"https:\/\/www.europesays.com\/fr\/wp-json\/wp\/v2\/users\/2"}],"replies":[{"embeddable":true,"href":"https:\/\/www.europesays.com\/fr\/wp-json\/wp\/v2\/comments?post=250653"}],"version-history":[{"count":0,"href":"https:\/\/www.europesays.com\/fr\/wp-json\/wp\/v2\/posts\/250653\/revisions"}],"wp:featuredmedia":[{"embeddable":true,"href":"https:\/\/www.europesays.com\/fr\/wp-json\/wp\/v2\/media\/250654"}],"wp:attachment":[{"href":"https:\/\/www.europesays.com\/fr\/wp-json\/wp\/v2\/media?parent=250653"}],"wp:term":[{"taxonomy":"category","embeddable":true,"href":"https:\/\/www.europesays.com\/fr\/wp-json\/wp\/v2\/categories?post=250653"},{"taxonomy":"post_tag","embeddable":true,"href":"https:\/\/www.europesays.com\/fr\/wp-json\/wp\/v2\/tags?post=250653"}],"curies":[{"name":"wp","href":"https:\/\/api.w.org\/{rel}","templated":true}]}}