{"id":250657,"date":"2025-07-15T03:06:13","date_gmt":"2025-07-15T03:06:13","guid":{"rendered":"https:\/\/www.europesays.com\/fr\/250657\/"},"modified":"2025-07-15T03:06:13","modified_gmt":"2025-07-15T03:06:13","slug":"strasbourg-ringo-figure-du-quartier-du-polygone-lance-une-cagnotte-en-ligne-pour-acheter-un-nouveau-fauteuil-roulant","status":"publish","type":"post","link":"https:\/\/www.europesays.com\/fr\/250657\/","title":{"rendered":"Strasbourg\u00a0: Ringo, figure du quartier du Polygone, lance une cagnotte en ligne pour acheter un nouveau fauteuil roulant"},"content":{"rendered":"<p>Jean-Claude Weiss, surnomm\u00e9 Ringo, est lourdement handicap\u00e9 depuis sa naissance. Avec le soutien du centre socioculturel Lupovino, cet habitant du quartier du Polygone a ouvert une cagnotte Leetchi pour financer l&rsquo;achat d&rsquo;un nouveau fauteuil roulant \u00e9lectrique. <\/p>\n<p>Depuis sa naissance, <strong>Ringo souffre d&rsquo;une infirmit\u00e9 motrice c\u00e9r\u00e9brale<\/strong> (une paralysie d&rsquo;origine c\u00e9r\u00e9brale). \u00ab\u00a0Quand je suis venu au monde, j&rsquo;ai failli mourir \u00e0 cause d&rsquo;un manque d&rsquo;oxyg\u00e8ne dans le cerveau\u00a0\u00bb, raconte celui qui a quasiment toujours habit\u00e9 dans le quartier du Polygone \u00e0 Strasbourg.<\/p>\n<p>Sa situation se d\u00e9grade encore en 2001, quand il se blesse lors d&rsquo;un exercice de musculation qu&rsquo;il avait l&rsquo;habitude de faire. \u00ab\u00a0\u00c7a m&rsquo;a coup\u00e9 le souffle et d\u00e9chir\u00e9 les deux muscles du dos\u00a0\u00bb, se souvient-il.<\/p>\n<p>Depuis, Jean-Claude Weiss se d\u00e9place en fauteuil roulant. Il aurait besoin d&rsquo;un nouveau mod\u00e8le high tech plus adapt\u00e9 pour soulager ses douleurs de plus en plus handicapantes. <strong>Fr\u00e9d\u00e9ric Goetz, le directeur du centre socioculturel Lupovino<\/strong>, n&rsquo;a pas h\u00e9sit\u00e9 \u00e0 l&rsquo;aider. <a target=\"_blank\" rel=\"nofollow noopener noreferrer\" class=\"IciLink ici-link IciArticleLink g-ici-body-regular-1 underline brand svelte-lu7k6w\" href=\"https:\/\/www.leetchi.com\/fr\/c\/un-fauteuil-electrique-pour-ringo-3856370?utm_source=copylink&amp;utm_medium=social_sharing\">Ils ont ouvert ensemble une cagnotte sur Leetchi.<\/a><\/p>\n<p>\u00ab\u00a0Ringo, c&rsquo;est quelqu&rsquo;un de tr\u00e8s impliqu\u00e9 au niveau du quartier, en plus de l&rsquo;\u00eatre au niveau de Lupovino directement (il est membre du conseil d&rsquo;administration de la structure), explique Fr\u00e9d\u00e9ric Goetz. Il propose \u00e9norm\u00e9ment d&rsquo;id\u00e9es et de projets pour am\u00e9liorer les conditions de vie des habitants du Polygone. Et \u00e7a me semblait plut\u00f4t naturel de pouvoir aussi lui donner ce coup de pouce en retour\u00a0\u00bb.<\/p>\n<p>Il manque plus de 30.000\u00a0\u20ac<\/p>\n<p>Pour l&rsquo;instant, 2.135 \u20ac ont \u00e9t\u00e9 r\u00e9colt\u00e9s sur les 35.000 n\u00e9cessaires pour l&rsquo;achat de ce fauteuil nouvelle g\u00e9n\u00e9ration, qui est tr\u00e8s peu subventionn\u00e9.<\/p>\n<p>\u00ab\u00a0Ce fauteuil m&rsquo;aiderait pour beaucoup de choses, pr\u00e9cise Ringo. D\u00e9j\u00e0 pour monter les escaliers car il y a des chenilles. En plus, il est sur deux roues, \u00e7a me pla\u00eet \u00e9norm\u00e9ment. Il me permettrait d&rsquo;\u00eatre autonome \u00e0 90%. Si je n&rsquo;ai pas ce fauteuil, je vous le dis comme je pense, je serai foutu dans ma vie. Ma maladie va s&rsquo;acc\u00e9l\u00e9rer. Et \u00e0 la maison, je dois aider ma m\u00e8re qui a 78 ans et qui ne peut plus se d\u00e9placer comme avant. Cela devient urgent\u00a0\u00bb.<\/p>\n<p>Jean-Claude Weiss d\u00e9borde d&rsquo;id\u00e9es pour m\u00e9diatiser sa situation. Il envisage notamment de <strong>multiplier les contacts avec les entreprises et de plaider sa cause sur les plateaux de t\u00e9l\u00e9vision parisiens.<\/strong><\/p>\n<p>\u00c0 lire aussi   <img decoding=\"async\" src=\"https:\/\/www.europesays.com\/fr\/wp-content\/uploads\/2025\/07\/560x315_sc_whatsapp-image-2025-04-25-at-15-34-09.jpg\" alt=\"\u00c0 Mulhouse, au 5 rue de la loge, Ammar doit descendre tous les jours 45 marches avec sa b\u00e9quille depuis que l'ascenseur est tomb\u00e9 en panne\" style=\"--_image-preview:url('data:image\/jpeg;base64,\/9j\/2wBDACgcHiMeGSgjISMtKygwPGRBPDc3PHtYXUlkkYCZlo+AjIqgtObDoKrarYqMyP\/L2u71\/\/\/\/m8H\/\/\/\/6\/+b9\/\/j\/2wBDASstLTw1PHZBQXb4pYyl+Pj4+Pj4+Pj4+Pj4+Pj4+Pj4+Pj4+Pj4+Pj4+Pj4+Pj4+Pj4+Pj4+Pj4+Pj4+Pj4+Pj\/wAARCAAXACoDASIAAhEBAxEB\/8QAGAAAAwEBAAAAAAAAAAAAAAAAAAIDBAH\/xAAYEAEBAQEBAAAAAAAAAAAAAAAAAQIREv\/EABcBAQEBAQAAAAAAAAAAAAAAAAEAAgP\/xAAUEQEAAAAAAAAAAAAAAAAAAAAA\/9oADAMBAAIRAxEAPwDRaW0Wktc2jdNNI+nZoppzo\/UM6U6Uz2k1QAiWuygEK4qnQEX\/2Q==');\" loading=\"lazy\" fetchpriority=\"low\" aria-hidden=\"true\" class=\"svelte-1pnmlwx rounded\" onload=\"this.__e=event\" onerror=\"this.__e=event\"\/>\u00c0 \u00e9couter aussi   <img decoding=\"async\" src=\"https:\/\/www.europesays.com\/fr\/wp-content\/uploads\/2025\/07\/560x315_sc_sc_montage-photo.jpg\" alt=\"Starck, qui a du \u00eatre amput\u00e9 d'une patte, vit d\u00e9sormais en Suisse dans une famille d'accueil\" style=\"--_image-preview:url('data:image\/jpeg;base64,\/9j\/2wBDACgcHiMeGSgjISMtKygwPGRBPDc3PHtYXUlkkYCZlo+AjIqgtObDoKrarYqMyP\/L2u71\/\/\/\/m8H\/\/\/\/6\/+b9\/\/j\/2wBDASstLTw1PHZBQXb4pYyl+Pj4+Pj4+Pj4+Pj4+Pj4+Pj4+Pj4+Pj4+Pj4+Pj4+Pj4+Pj4+Pj4+Pj4+Pj4+Pj4+Pj\/wAARCAAXACoDASIAAhEBAxEB\/8QAGAAAAwEBAAAAAAAAAAAAAAAAAAIDBAH\/xAAYEAEBAQEBAAAAAAAAAAAAAAAAAQIREv\/EABYBAQEBAAAAAAAAAAAAAAAAAAABAv\/EABQRAQAAAAAAAAAAAAAAAAAAAAD\/2gAMAwEAAhEDEQA\/AMmYtkkimYyKZNwZNxBPUJ5XuS+QZ5FMwBVUypAAd4OAA\/\/Z');\" loading=\"lazy\" fetchpriority=\"low\" aria-hidden=\"true\" class=\"svelte-1pnmlwx rounded\" onload=\"this.__e=event\" onerror=\"this.__e=event\"\/>\u00c0 \u00e9couter aussi   <img decoding=\"async\" src=\"https:\/\/www.europesays.com\/fr\/wp-content\/uploads\/2025\/07\/560x315_sc_maxnewsspecialtwo168290.jpg\" alt=\"Match de f\u00e9d\u00e9rale 3 entre Haguenau et Metz le 30 mars 2025\" style=\"--_image-preview:url('data:image\/jpeg;base64,\/9j\/2wBDACgcHiMeGSgjISMtKygwPGRBPDc3PHtYXUlkkYCZlo+AjIqgtObDoKrarYqMyP\/L2u71\/\/\/\/m8H\/\/\/\/6\/+b9\/\/j\/2wBDASstLTw1PHZBQXb4pYyl+Pj4+Pj4+Pj4+Pj4+Pj4+Pj4+Pj4+Pj4+Pj4+Pj4+Pj4+Pj4+Pj4+Pj4+Pj4+Pj4+Pj\/wAARCAAXACoDASIAAhEBAxEB\/8QAGAAAAwEBAAAAAAAAAAAAAAAAAAECAwT\/xAAWEAEBAQAAAAAAAAAAAAAAAAAAAQL\/xAAWAQEBAQAAAAAAAAAAAAAAAAACAAH\/xAAWEQEBAQAAAAAAAAAAAAAAAAAAARH\/2gAMAwEAAhEDEQA\/AOjVZaqrWdGVIoh0QtRxRQxtYdTQBjUgAkqGANY\/\/9k=');\" loading=\"lazy\" fetchpriority=\"low\" aria-hidden=\"true\" class=\"svelte-1pnmlwx rounded\" onload=\"this.__e=event\" onerror=\"this.__e=event\"\/><\/p>\n","protected":false},"excerpt":{"rendered":"Jean-Claude Weiss, surnomm\u00e9 Ringo, est lourdement handicap\u00e9 depuis sa naissance. Avec le soutien du centre socioculturel Lupovino, cet&hellip;\n","protected":false},"author":2,"featured_media":250658,"comment_status":"","ping_status":"","sticky":false,"template":"","format":"standard","meta":{"footnotes":""},"categories":[2820],"tags":[1111,11,1777,674,1011,27,775,12,25,640],"class_list":{"0":"post-250657","1":"post","2":"type-post","3":"status-publish","4":"format-standard","5":"has-post-thumbnail","7":"category-strasbourg","8":"tag-actu","9":"tag-actualites","10":"tag-eu","11":"tag-europe","12":"tag-fr","13":"tag-france","14":"tag-grand-est","15":"tag-news","16":"tag-republique-francaise","17":"tag-strasbourg"},"share_on_mastodon":{"url":"https:\/\/pubeurope.com\/@fr\/114855043767863693","error":""},"_links":{"self":[{"href":"https:\/\/www.europesays.com\/fr\/wp-json\/wp\/v2\/posts\/250657","targetHints":{"allow":["GET"]}}],"collection":[{"href":"https:\/\/www.europesays.com\/fr\/wp-json\/wp\/v2\/posts"}],"about":[{"href":"https:\/\/www.europesays.com\/fr\/wp-json\/wp\/v2\/types\/post"}],"author":[{"embeddable":true,"href":"https:\/\/www.europesays.com\/fr\/wp-json\/wp\/v2\/users\/2"}],"replies":[{"embeddable":true,"href":"https:\/\/www.europesays.com\/fr\/wp-json\/wp\/v2\/comments?post=250657"}],"version-history":[{"count":0,"href":"https:\/\/www.europesays.com\/fr\/wp-json\/wp\/v2\/posts\/250657\/revisions"}],"wp:featuredmedia":[{"embeddable":true,"href":"https:\/\/www.europesays.com\/fr\/wp-json\/wp\/v2\/media\/250658"}],"wp:attachment":[{"href":"https:\/\/www.europesays.com\/fr\/wp-json\/wp\/v2\/media?parent=250657"}],"wp:term":[{"taxonomy":"category","embeddable":true,"href":"https:\/\/www.europesays.com\/fr\/wp-json\/wp\/v2\/categories?post=250657"},{"taxonomy":"post_tag","embeddable":true,"href":"https:\/\/www.europesays.com\/fr\/wp-json\/wp\/v2\/tags?post=250657"}],"curies":[{"name":"wp","href":"https:\/\/api.w.org\/{rel}","templated":true}]}}