{"id":250668,"date":"2025-07-15T03:15:11","date_gmt":"2025-07-15T03:15:11","guid":{"rendered":"https:\/\/www.europesays.com\/fr\/250668\/"},"modified":"2025-07-15T03:15:11","modified_gmt":"2025-07-15T03:15:11","slug":"les-previsions-meteo-de-ce-mardi","status":"publish","type":"post","link":"https:\/\/www.europesays.com\/fr\/250668\/","title":{"rendered":"les pr\u00e9visions m\u00e9t\u00e9o de ce mardi"},"content":{"rendered":"<p>            Par<br \/>\n        <strong><br \/>\n            <a href=\"https:\/\/actu.fr\/auteur\/redaction-toulouse\" title=\"Consulter tous les articles de R\u00e9daction de Toulouse\" rel=\"nofollow noopener\" target=\"_blank\">R\u00e9daction de Toulouse<\/a><br \/>\n        <\/strong><\/p>\n<p>        Publi\u00e9 le<\/p>\n<p>            15 juil. 2025 \u00e0 5h04        <\/p>\n<p>Apr\u00e8s un week-end tr\u00e8s ensoleill\u00e9, <a href=\"https:\/\/actu.fr\/toulouse\/\" rel=\"nofollow noopener\" target=\"_blank\">Toulouse<\/a> s\u2019offre une petite pause fra\u00eecheur. Les temp\u00e9ratures sont \u00e0 nouveau en baisse dans la Ville rose et en Occitanie. Alors que les temp\u00e9ratures atteignaient les 30 degr\u00e9s ce lundi 14 juillet, <strong>elles ne d\u00e9passeront pas les 25 degr\u00e9s<\/strong> ce mardi 15 \u00e0 Toulouse, indique <a href=\"https:\/\/actu.fr\/tag\/meteo-france\" rel=\"nofollow noopener\" target=\"_blank\">M\u00e9t\u00e9o France<\/a>.<\/p>\n<p class=\" wall-content\">Le ciel sera particuli\u00e8rement couvert le matin et restera nuageux dans l\u2019apr\u00e8s-midi, m\u00eame s\u2019il se d\u00e9gagera l\u00e9g\u00e8rement en milieu de journ\u00e9e. C\u00f4t\u00e9 vent, on est tranquilles : les rafales ne d\u00e9passeront pas les 20 km\/h.<\/p>\n<p>    <img   decoding=\"async\" loading=\"lazy\" src=\"https:\/\/www.europesays.com\/fr\/wp-content\/uploads\/2025\/07\/meteo-toulouse-15-juillet-960x640.jpg\" alt=\"La m\u00e9t\u00e9o \u00e0 Toulouse ce mardi 15 juillet.\" width=\"960\" height=\"640\"\/><br \/>\n    La m\u00e9t\u00e9o \u00e0 Toulouse ce mardi 15 juillet. (\u00a9M\u00e9t\u00e9o France)Et en Occitanie ?\u00a0<\/p>\n<p class=\" wall-content\">Ailleurs dans la r\u00e9gion, les temp\u00e9ratures seront similaires \u00e0 Toulouse, sauf au Sud o\u00f9 elles seront particuli\u00e8rement basses.<\/p>\n<p>    <img   decoding=\"async\" loading=\"lazy\" src=\"https:\/\/www.europesays.com\/fr\/wp-content\/uploads\/2025\/07\/meteo-occitatinie-15-juillet-960x640.jpg\" alt=\"Les temp\u00e9ratures en Occitanie ce mardi 15 juillet.\" width=\"960\" height=\"640\"\/><br \/>\n    Les temp\u00e9ratures en Occitanie ce mardi 15 juillet. (\u00a9M\u00e9t\u00e9o France)<\/p>\n<p class=\" wall-content\">On attend 27 degr\u00e9s \u00e0 Saint-Affrique dans l\u2019Aveyron, 25 \u00e0 Rodez, 26 dans le Tarn \u00e0 <a href=\"https:\/\/actu.fr\/occitanie\/albi_81004\" rel=\"nofollow noopener\" target=\"_blank\">Albi<\/a> et Castres, 26 \u00e0 Montauban et 22 \u00e0 Saint-Gaudens, avec des minimales \u00e0 17 degr\u00e9s le matin. Pas de pluie attendue cependant.\u00a0<\/p>\n<p>Vid\u00e9os : en ce moment sur Actu<\/p>\n<p class=\" wall-content\">Suivez toute l\u2019actualit\u00e9 de vos villes et m\u00e9dias favoris en vous inscrivant \u00e0 <a href=\"https:\/\/moncompte.actu.fr\" title=\"D\u00e9couvez Mon Actu\" rel=\"nofollow noopener\" data-trk=\"{&quot;cta&quot;:{&quot;action&quot;:&quot;https:\\\/\\\/moncompte.actu.fr&quot;,&quot;category&quot;:&quot;mon compte&quot;,&quot;from&quot;:&quot;article footer&quot;,&quot;name&quot;:&quot;Mon actu&quot;,&quot;type&quot;:&quot;cta&quot;}}\" target=\"_blank\">Mon Actu<\/a>.<\/p>\n","protected":false},"excerpt":{"rendered":"Par R\u00e9daction de Toulouse Publi\u00e9 le 15 juil. 2025 \u00e0 5h04 Apr\u00e8s un week-end tr\u00e8s ensoleill\u00e9, Toulouse s\u2019offre&hellip;\n","protected":false},"author":2,"featured_media":250669,"comment_status":"","ping_status":"","sticky":false,"template":"","format":"standard","meta":{"footnotes":""},"categories":[2816],"tags":[1111,11,1777,674,1011,27,2487,2357,12,2680,25,2312],"class_list":{"0":"post-250668","1":"post","2":"type-post","3":"status-publish","4":"format-standard","5":"has-post-thumbnail","7":"category-toulouse","8":"tag-actu","9":"tag-actualites","10":"tag-eu","11":"tag-europe","12":"tag-fr","13":"tag-france","14":"tag-meteo","15":"tag-meteo-france","16":"tag-news","17":"tag-occitanie","18":"tag-republique-francaise","19":"tag-toulouse"},"share_on_mastodon":{"url":"https:\/\/pubeurope.com\/@fr\/114855079151460714","error":""},"_links":{"self":[{"href":"https:\/\/www.europesays.com\/fr\/wp-json\/wp\/v2\/posts\/250668","targetHints":{"allow":["GET"]}}],"collection":[{"href":"https:\/\/www.europesays.com\/fr\/wp-json\/wp\/v2\/posts"}],"about":[{"href":"https:\/\/www.europesays.com\/fr\/wp-json\/wp\/v2\/types\/post"}],"author":[{"embeddable":true,"href":"https:\/\/www.europesays.com\/fr\/wp-json\/wp\/v2\/users\/2"}],"replies":[{"embeddable":true,"href":"https:\/\/www.europesays.com\/fr\/wp-json\/wp\/v2\/comments?post=250668"}],"version-history":[{"count":0,"href":"https:\/\/www.europesays.com\/fr\/wp-json\/wp\/v2\/posts\/250668\/revisions"}],"wp:featuredmedia":[{"embeddable":true,"href":"https:\/\/www.europesays.com\/fr\/wp-json\/wp\/v2\/media\/250669"}],"wp:attachment":[{"href":"https:\/\/www.europesays.com\/fr\/wp-json\/wp\/v2\/media?parent=250668"}],"wp:term":[{"taxonomy":"category","embeddable":true,"href":"https:\/\/www.europesays.com\/fr\/wp-json\/wp\/v2\/categories?post=250668"},{"taxonomy":"post_tag","embeddable":true,"href":"https:\/\/www.europesays.com\/fr\/wp-json\/wp\/v2\/tags?post=250668"}],"curies":[{"name":"wp","href":"https:\/\/api.w.org\/{rel}","templated":true}]}}