{"id":250670,"date":"2025-07-15T03:19:14","date_gmt":"2025-07-15T03:19:14","guid":{"rendered":"https:\/\/www.europesays.com\/fr\/250670\/"},"modified":"2025-07-15T03:19:14","modified_gmt":"2025-07-15T03:19:14","slug":"departs-dincendie-et-policiers-blesses-apres-des-tirs-de-feux-dartifice-pres-du-parc-corot","status":"publish","type":"post","link":"https:\/\/www.europesays.com\/fr\/250670\/","title":{"rendered":"d\u00e9parts d&rsquo;incendie et policiers bless\u00e9s apr\u00e8s des tirs de feux d&rsquo;artifice pr\u00e8s du Parc Corot"},"content":{"rendered":"<p>Les abords de la traverse de la Palud, dans le 13e arrondissement de Marseille, ont bri\u00e8vement pris des airs de zone d\u2019\u00e9meute, ce soir du dimanche 13\u00a0juillet 2025. Vers 23h30, plusieurs groupes de personnes ont fait usage de fus\u00e9es d\u2019artifices en p\u00e9riph\u00e9rie de la cit\u00e9 du Parc Corot et de Font-Obscure, tandis que des d\u00e9parts d\u2019incendie \u00e9taient constat\u00e9s.<\/p>\n<p>En effet, les multiples tirs tendus de part et d\u2019autre de la chauss\u00e9e, dans ce secteur parsem\u00e9 de zones relativement bois\u00e9es, ont d\u00e9clench\u00e9 plusieurs feux. Les marins-pompiers ont rapidement \u00e9teint les flammes en d\u00e9pit de jets de projectiles qui n\u2019ont pas fait de bless\u00e9s dans leurs rangs.<\/p>\n<p><a href=\"https:\/\/www.laprovence.com\/article\/faits-divers-justice\/1826540109042\/une-demi-douzaine-de-chats-abandonnes-deux-semaines-dans-un-appartement-liberes-par-la-police-a-marseille\" target=\"_blank\" rel=\"noopener\">Les services de police <\/a>appel\u00e9s en renfort ont \u00e9galement essuy\u00e9 caillassages et tirs d\u2019engins pyrotechniques. Deux fonctionnaires ont \u00e9t\u00e9 l\u00e9g\u00e8rement bless\u00e9s lors de l\u2019intervention &#8211; ils n\u2019ont toutefois pas eu besoin d\u2019\u00eatre hospitalis\u00e9s et ont poursuivi le service.<\/p>\n","protected":false},"excerpt":{"rendered":"Les abords de la traverse de la Palud, dans le 13e arrondissement de Marseille, ont bri\u00e8vement pris des&hellip;\n","protected":false},"author":2,"featured_media":250671,"comment_status":"","ping_status":"","sticky":false,"template":"","format":"standard","meta":{"footnotes":""},"categories":[2814],"tags":[17,1111,11,150,4901,39094,16162,154,1777,674,274,1011,27,884,12,6890,882,25],"class_list":{"0":"post-250670","1":"post","2":"type-post","3":"status-publish","4":"format-standard","5":"has-post-thumbnail","7":"category-marseille","8":"tag-17","9":"tag-actu","10":"tag-actualites","11":"tag-apres","12":"tag-blesses","13":"tag-dincendie","14":"tag-departs","15":"tag-des","16":"tag-eu","17":"tag-europe","18":"tag-faits-divers-justice","19":"tag-fr","20":"tag-france","21":"tag-marseille","22":"tag-news","23":"tag-policiers","24":"tag-provence-alpes-cote-dazur","25":"tag-republique-francaise"},"share_on_mastodon":{"url":"https:\/\/pubeurope.com\/@fr\/114855095013288199","error":""},"_links":{"self":[{"href":"https:\/\/www.europesays.com\/fr\/wp-json\/wp\/v2\/posts\/250670","targetHints":{"allow":["GET"]}}],"collection":[{"href":"https:\/\/www.europesays.com\/fr\/wp-json\/wp\/v2\/posts"}],"about":[{"href":"https:\/\/www.europesays.com\/fr\/wp-json\/wp\/v2\/types\/post"}],"author":[{"embeddable":true,"href":"https:\/\/www.europesays.com\/fr\/wp-json\/wp\/v2\/users\/2"}],"replies":[{"embeddable":true,"href":"https:\/\/www.europesays.com\/fr\/wp-json\/wp\/v2\/comments?post=250670"}],"version-history":[{"count":0,"href":"https:\/\/www.europesays.com\/fr\/wp-json\/wp\/v2\/posts\/250670\/revisions"}],"wp:featuredmedia":[{"embeddable":true,"href":"https:\/\/www.europesays.com\/fr\/wp-json\/wp\/v2\/media\/250671"}],"wp:attachment":[{"href":"https:\/\/www.europesays.com\/fr\/wp-json\/wp\/v2\/media?parent=250670"}],"wp:term":[{"taxonomy":"category","embeddable":true,"href":"https:\/\/www.europesays.com\/fr\/wp-json\/wp\/v2\/categories?post=250670"},{"taxonomy":"post_tag","embeddable":true,"href":"https:\/\/www.europesays.com\/fr\/wp-json\/wp\/v2\/tags?post=250670"}],"curies":[{"name":"wp","href":"https:\/\/api.w.org\/{rel}","templated":true}]}}