{"id":250680,"date":"2025-07-15T03:26:14","date_gmt":"2025-07-15T03:26:14","guid":{"rendered":"https:\/\/www.europesays.com\/fr\/250680\/"},"modified":"2025-07-15T03:26:14","modified_gmt":"2025-07-15T03:26:14","slug":"vitinha-hakimi-et-marquinhos-trois-parisiens-dans-lequipe-type-de-la-coupe-du-monde-des-clubs","status":"publish","type":"post","link":"https:\/\/www.europesays.com\/fr\/250680\/","title":{"rendered":"Vitinha, Hakimi et Marquinhos\u00a0: trois Parisiens dans l\u2019\u00e9quipe type de la Coupe du monde des clubs"},"content":{"rendered":"<p class=\"paragraph text_align_left lp-f-body-02\"><a href=\"https:\/\/www.leparisien.fr\/sports\/football\/coupe-du-monde-des-clubs\/coupe-du-monde-des-clubs-de-la-californie-a-new-york-un-mois-dans-les-pas-du-psg-aux-etats-unis-14-07-2025-MXPDJGK6ZVCFRDPHVQOFCCGGKU.php\" target=\"_blank\" rel=\"noreferrer noopener\">Le PSG<\/a> n\u2019a pas gagn\u00e9 la<a href=\"https:\/\/www.leparisien.fr\/sports\/football\/coupe-du-monde-des-clubs\/\" target=\"_blank\" rel=\"noreferrer noopener\"> Coupe du monde des clubs.<\/a> Il pourra, toutefois, se pr\u00e9valoir de voir trois de ses joueurs figurer dans le onze type de la comp\u00e9tition. Ainsi en ont d\u00e9cid\u00e9 la Fifa et son diffuseur DAZN. Les trois Parisiens \u00e9lus sont Vitinha, Achraf Hakimi et Marquinhos.<\/p>\n<p class=\"paragraph text_align_left lp-f-body-02\">Cette \u00e9quipe type est par ailleurs domin\u00e9e par les Europ\u00e9ens puisque 8 joueurs d\u2019\u00e9quipes du vieux continent y figurent.<\/p>\n<p class=\"paragraph text_align_left lp-f-body-02\">\u00c0 commencer par le \u00ab joueur de la comp\u00e9tition \u00bb : Cole Palmer auteur d\u2019un doubl\u00e9 et d\u2019une passe d\u00e9cisive en finale contre Paris (3-0). Chelsea place, lui aussi, un bon paquet de joueurs dans cette \u00e9quipe de r\u00eave : Enzo Fernandez, meilleur passeur du tournoi avec trois caviars et un but durant la comp\u00e9tition, Pedro Neto auteur de 3 buts et Marc Cucurella.<\/p>\n<p class=\"paragraph text_align_left lp-f-body-02\">\u00c0 c\u00f4t\u00e9 des 7 finalistes, on trouve aussi le Colombien Jhon Arias qui va quitter Fluminense pour Wolverhampton et d\u00e9couvrir la Premier League anglaise. Le Real Madrid sauve la face avec sa p\u00e9pite espagnole Gonzalo Garcia.<\/p>\n<p class=\"paragraph text_align_left lp-f-body-02\">Le dixi\u00e8me joueur de champ a aussi un rapport avec le PSG puisqu\u2019il s\u2019agit de son ancien capitaine Thiago Silva. Avec un autre brassard et du haut de ses 40 ans, il a port\u00e9 Fluminense jusqu\u2019en demi-finale.<\/p>\n<p class=\"paragraph text_align_left lp-f-body-02\">Dix joueurs de champ donc et qu\u2019en est-il du gardien ? \u00c0 ce poste, il y a une bizarrerie. Le portier de Chelsea Robert Sanchez a \u00e9t\u00e9 d\u00e9sign\u00e9 meilleur gardien de la Coupe du monde. Mais c\u2019est pourtant bien le Marocain d\u2019Al Hilal, Yassine Bounou,<b> <\/b>qui se faufile dans ce onze type. Comprenne qui pourra\u2026<\/p>\n","protected":false},"excerpt":{"rendered":"Le PSG n\u2019a pas gagn\u00e9 la Coupe du monde des clubs. Il pourra, toutefois, se pr\u00e9valoir de voir&hellip;\n","protected":false},"author":2,"featured_media":250681,"comment_status":"","ping_status":"","sticky":false,"template":"","format":"standard","meta":{"footnotes":""},"categories":[1888],"tags":[1111,1928,11,1927,7151,1777,674,63,1011,27,12,1926,626,1925,25,60],"class_list":{"0":"post-250680","1":"post","2":"type-post","3":"status-publish","4":"format-standard","5":"has-post-thumbnail","7":"category-paris","8":"tag-actu","9":"tag-actu-paris","10":"tag-actualites","11":"tag-actualites-paris","12":"tag-coupe-du-monde-des-clubs","13":"tag-eu","14":"tag-europe","15":"tag-football","16":"tag-fr","17":"tag-france","18":"tag-news","19":"tag-news-paris","20":"tag-paris","21":"tag-paris-news","22":"tag-republique-francaise","23":"tag-sports"},"share_on_mastodon":{"url":"https:\/\/pubeurope.com\/@fr\/114855122350806479","error":""},"_links":{"self":[{"href":"https:\/\/www.europesays.com\/fr\/wp-json\/wp\/v2\/posts\/250680","targetHints":{"allow":["GET"]}}],"collection":[{"href":"https:\/\/www.europesays.com\/fr\/wp-json\/wp\/v2\/posts"}],"about":[{"href":"https:\/\/www.europesays.com\/fr\/wp-json\/wp\/v2\/types\/post"}],"author":[{"embeddable":true,"href":"https:\/\/www.europesays.com\/fr\/wp-json\/wp\/v2\/users\/2"}],"replies":[{"embeddable":true,"href":"https:\/\/www.europesays.com\/fr\/wp-json\/wp\/v2\/comments?post=250680"}],"version-history":[{"count":0,"href":"https:\/\/www.europesays.com\/fr\/wp-json\/wp\/v2\/posts\/250680\/revisions"}],"wp:featuredmedia":[{"embeddable":true,"href":"https:\/\/www.europesays.com\/fr\/wp-json\/wp\/v2\/media\/250681"}],"wp:attachment":[{"href":"https:\/\/www.europesays.com\/fr\/wp-json\/wp\/v2\/media?parent=250680"}],"wp:term":[{"taxonomy":"category","embeddable":true,"href":"https:\/\/www.europesays.com\/fr\/wp-json\/wp\/v2\/categories?post=250680"},{"taxonomy":"post_tag","embeddable":true,"href":"https:\/\/www.europesays.com\/fr\/wp-json\/wp\/v2\/tags?post=250680"}],"curies":[{"name":"wp","href":"https:\/\/api.w.org\/{rel}","templated":true}]}}