{"id":250682,"date":"2025-07-15T03:27:29","date_gmt":"2025-07-15T03:27:29","guid":{"rendered":"https:\/\/www.europesays.com\/fr\/250682\/"},"modified":"2025-07-15T03:27:29","modified_gmt":"2025-07-15T03:27:29","slug":"une-plongee-dans-une-villa-de-la-belle-epoque","status":"publish","type":"post","link":"https:\/\/www.europesays.com\/fr\/250682\/","title":{"rendered":"Une plong\u00e9e dans une villa de la Belle \u00c9poque"},"content":{"rendered":"<p>            Par<br \/>\n        <strong><br \/>\n            <a href=\"https:\/\/actu.fr\/auteur\/emilie-salabelle\" title=\"Consulter tous les articles de Emilie Salabelle\" rel=\"nofollow noopener\" target=\"_blank\">Emilie Salabelle<\/a><br \/>\n        <\/strong><\/p>\n<p>        Publi\u00e9 le<\/p>\n<p>            14 juil. 2025 \u00e0 6h48        <\/p>\n<p>Hector Guimard va avoir son <strong>mus\u00e9e<\/strong>, enfin. Et pas n\u2019importe o\u00f9\u2009: l\u2019architecte et d\u00e9corateur phare de l<strong>\u2019Art nouveau<\/strong>, \u00e0 qui l\u2019on doit de nombreux monuments dans <a href=\"https:\/\/actu.fr\/paris\/\" rel=\"nofollow noopener\" target=\"_blank\">Paris<\/a>, notamment les <a href=\"https:\/\/actu.fr\/ile-de-france\/paris_75056\/chicago-mexico-moscou-pourquoi-y-a-t-il-des-stations-de-metro-de-paris-dans-le-monde_53793277.html\" rel=\"nofollow noopener\" target=\"_blank\">fameuses entr\u00e9es du m\u00e9tro<\/a>, sera mis \u00e0 l\u2019honneur dans l\u2019\u00e9crin d\u2019un de ses propres joyaux. <a href=\"https:\/\/actu.fr\/ile-de-france\/paris_75056\/paris-ce-magnifique-hotel-particulier-de-850-m-cherche-toujours-son-locataire_59153007.html\" rel=\"nofollow noopener\" target=\"_blank\">L<strong>\u2019h\u00f4tel Mezzara<\/strong><\/a><strong>,<\/strong> situ\u00e9 dans le <a href=\"https:\/\/actu.fr\/ile-de-france\/paris_75056\/paris-pres-de-roland-garros-la-vie-discrete-et-privilegiee-des-vieilles-familles-d-auteuil_61134497.html\" rel=\"nofollow noopener\" target=\"_blank\">quartier d\u2019Auteuil<\/a> (16e), attendait depuis 10\u00a0ans de sortir de sa torpeur. Cette propri\u00e9t\u00e9 de l\u2019\u00c9tat a accueilli jusqu\u2019en 2015 les lyc\u00e9ennes pensionnaires du lyc\u00e9e Jean-Zay. Class\u00e9e Monument historique en 2016, la maison de ville construite en 1910 s\u2019est retrouv\u00e9e quelque peu d\u00e9laiss\u00e9e depuis. Il aura fallu trois appels d\u2019offres pour lui trouver un nouvel occupant. Le 23\u00a0juin 2025, un bail emphyt\u00e9otique de 50\u00a0ans a \u00e9t\u00e9 attribu\u00e9 au Cercle Guimard. L\u2019association, engag\u00e9e depuis 20\u00a0ans \u00e0 redonner ses lettres de noblesse \u00e0 l\u2019artiste prolifique injustement oubli\u00e9, a enfin atteint son objectif en s\u2019associant \u00e0 l\u2019investisseur priv\u00e9 Fabien Chon\u00e9 et \u00e0 la Banque des territoires. Mais avant d\u2019accueillir du public, un important <strong>chantier de restauration<\/strong> et d\u2019am\u00e9nagement va d\u00e9marrer.<\/p>\n<p>\u00ab\u2009Guimard, un paradoxe\u2009\u00bb<\/p>\n<p class=\" wall-content\">Pour Nicolas Horiot, pr\u00e9sident du Cercle Guimard, cette victoire vient r\u00e9compenser des ann\u00e9es de combat acharn\u00e9 pour faire reconna\u00eetre <strong>un ma\u00eetre de l\u2019art d\u00e9coratif trop longtemps sous-estim\u00e9<\/strong>. \u00ab\u2009Guimard est un paradoxe\u2009: il est tr\u00e8s connu \u00e0 l\u2019\u00e9tranger, mais beaucoup moins \u00e0 Paris, o\u00f9 il est pourtant tr\u00e8s pr\u00e9sent, notamment dans le 16e\u2009\u00bb. Avant-gardiste, son \u0153uvre n\u2019a pas toujours \u00e9t\u00e9 bien per\u00e7ue par les Parisiens, dans une capitale o\u00f9 la <a href=\"https:\/\/actu.fr\/ile-de-france\/paris_75056\/a-paris-pourquoi-les-immeubles-haussmanniens-ont-ils-un-balcon-aux-2eme-et-5eme-etages_38467123.html\" rel=\"nofollow noopener\" target=\"_blank\">rigueur Haussmannienne<\/a> r\u00e8gne encore en ma\u00eetre. \u00ab\u2009Les nouilles\u2009\u00bb, tel \u00e9tait le sobriquet dont \u00e9taient affubl\u00e9es les fameuses bouches de m\u00e9tro, dont les \u00e9trangers raffolent aujourd\u2019hui. Victime de l\u2019urbanisation intensive d\u2019apr\u00e8s-guerre, la moiti\u00e9 des b\u00e2timents sign\u00e9s Guimard ont \u00e9t\u00e9 d\u00e9truits \u00e0 Paris.<\/p>\n<p class=\" wall-content\">Il y a donc \u00ab<strong>\u2009une injustice \u00e0 r\u00e9parer<\/strong>\u2009\u00bb. Et l\u2019h\u00f4tel Mezzara a tous les atouts pour cela, estime Nicolas Horiot, qui a d\u2019ailleurs r\u00e9ussi \u00e0 y faire venir le public lors de deux expositions du Cercle Guimard. Ins\u00e9r\u00e9 au c\u0153ur du 16e, \u00e0 deux pas d\u2019autres \u0153uvres embl\u00e9matiques de l\u2019architecte, comme l\u2019<a href=\"https:\/\/actu.fr\/ile-de-france\/paris_75056\/paris-un-appartement-a-vendre-dans-un-immeuble-unique-joyau-de-l-art-nouveau-dans-la-capitale_60800323.html\" rel=\"nofollow noopener\" target=\"_blank\">immeuble Castel B\u00e9ranger,<\/a> le mus\u00e9e fera coup double, pr\u00e9voit Nicolas Horiot. \u00ab\u2009Il ouvrira les portes au grand public d\u2019un b\u00e2timent Guimard, alors qu\u2019aucun n\u2019est visitable aujourd\u2019hui \u00e0 Paris. Et le parcours mus\u00e9al permettra de d\u00e9couvrir toute la richesse de son \u0153uvre\u2009\u00bb.<\/p>\n<p>    <img   decoding=\"async\" loading=\"lazy\" src=\"https:\/\/static.actu.fr\/uploads\/2025\/07\/design-sans-titre-2025-07-11t140515598-960x640.png\" alt=\"Le grand hall d'entr\u00e9e de l'h\u00f4tel Mezzara.\" width=\"960\" height=\"640\"\/><br \/>\n    Le grand hall d\u2019entr\u00e9e de l\u2019h\u00f4tel Mezzara. (\u00a9Fr\u00e9d\u00e9ric Descouturelle \u2013 Cercle Guimard)<\/p>\n<p class=\" wall-content\">Car l\u2019architecte a bien des facettes \u00e0 faire d\u00e9couvrir. Promoteur, communicant,<strong> d\u00e9corateur, designer<\/strong>, l\u2019artiste a dessin\u00e9 un nombre infini d\u2019objets, qu\u2019il s\u2019agisse d\u2019ameublement d\u2019int\u00e9rieur ou d\u2019\u00e9quipements urbains. Vases, fauteuils, miroirs, chemin\u00e9es, couverts, tapis d\u2019escalier, poign\u00e9es de porte, papiers peints, porte-encriers, mais aussi garde-corps, grilles, bancs, num\u00e9ros de rue\u2026 La liste est non exhaustive.<\/p>\n<p>Un projet de mus\u00e9e vieux de 10\u00a0ans<\/p>\n<p class=\" wall-content\">Le Cercle Guimard milite depuis 2015 pour transformer l\u2019h\u00f4tel Mezzara en mus\u00e9e. Mais il aura fallu passer par un long \u00ab<strong>\u2009parcours du combattant<\/strong>\u2009\u00bb, retrace rapidement son pr\u00e9sident. L\u2019\u00c9tat, qui souhaitait d\u2019abord vendre le b\u00e2timent, s\u2019est finalement ravis\u00e9, mais n\u2019a jamais donn\u00e9 suite aux sollicitations de l\u2019association pour cr\u00e9er un mus\u00e9e public.<\/p>\n<p class=\" wall-content\">En 2018, un investisseur priv\u00e9 donne un second souffle au projet mus\u00e9al du Cercle Guimard. Cofondateur de l\u2019entreprise Direct \u00c9nergie, rachet\u00e9 par Total en 2019, Fabien Chon\u00e9, par ailleurs amateur d\u2019architecture, propose \u00e0 Nicolas Horiot de s\u2019associer pour cr\u00e9er un <strong>mus\u00e9e priv\u00e9<\/strong>. Il aura tout de m\u00eame fallu attendre le troisi\u00e8me appel d\u2019offres de l\u2019\u00c9tat sur l\u2019h\u00f4tel Mezzara, pour que le projet, port\u00e9 d\u00e9sormais par le Cercle Guimard et par la soci\u00e9t\u00e9 Hector Guimard Diffusion via la holding Fabelsi de Fabien Chon\u00e9, soit accept\u00e9.<\/p>\n<p class=\" wall-content\">Un d\u00e9nouement rendu possible par une condition jusqu\u2019alors refus\u00e9e par l\u2019\u00c9tat\u2009: la cr\u00e9ation d\u2019un <strong>loyer fixe<\/strong> au co\u00fbt relativement faible, auquel s\u2019ajoutera un loyer variable en fonction des recettes du mus\u00e9e, une fois le seuil de rentabilit\u00e9 atteint. \u00ab\u2009Un bail de 50\u00a0ans, c\u2019est presque comme un achat. Je ne voulais pas prendre de risque immobilier. Avec ce syst\u00e8me, si jamais \u00e7a ne marche pas, on leur rend les cl\u00e9s d\u2019un h\u00f4tel particulier compl\u00e8tement r\u00e9nov\u00e9 \u00e0 la fin, l\u2019\u00c9tat reste gagnant\u2009\u00bb, estime l\u2019investisseur. Une mani\u00e8re de s\u00e9curiser un investissement mus\u00e9al risqu\u00e9, m\u00eame si Fabien Chon\u00e9 se montre confiant\u2009: \u00ab\u2009Je pense que le projet est tr\u00e8s int\u00e9ressant d\u2019un point de vue culturel et scientifique, et tout \u00e0 fait \u00e9quilibrable d\u2019un point de vue business\u2009\u00bb.<\/p>\n<p>Restaurer l\u2019h\u00f4tel et l\u2019esprit Guimard<\/p>\n<p class=\" wall-content\">Les <strong>6\u00a0millions d\u2019euros<\/strong> investis par Fabien Chon\u00e9 et la Banque des Territoires serviront pour les deux tiers \u00e0 la restauration et \u00e0 la mise en valeur du b\u00e2timent lui-m\u00eame, et pour un tiers \u00e0 la mus\u00e9ographie et la conception des parcours de visite.<\/p>\n<p class=\" wall-content\">Pour l\u2019heure, il faut d\u2019abord redonner tout son lustre \u00e0 l\u2019h\u00f4tel particulier, qui a perdu plusieurs de ses attributs au fil des ans. Les goutti\u00e8res, les descentes en fonte, et la lucarne sur rue ont disparu, des \u00e9l\u00e9ments ont \u00e9t\u00e9 modifi\u00e9s. C\u00f4t\u00e9 jardin, l\u2019harmonie a \u00e9galement \u00e9t\u00e9 rompue avec la disparition de la casquette d\u2019entr\u00e9e et des modifications de la toiture. \u00ab<strong>\u2009L\u2019\u00e9quilibre de Guimard est instable<\/strong>, quand on supprime quelque chose, \u00e7a fausse les perceptions. Mais gr\u00e2ce \u00e0 nos recherches, on a une connaissance quasi parfaite de l\u2019ensemble. Aujourd\u2019hui, va restituer tr\u00e8s fid\u00e8lement la fa\u00e7ade d\u2019origine sur rue et sur jardin. On a m\u00eame retrouv\u00e9 une des goutti\u00e8res d\u2019origine\u2009!\u2009\u00bb, s\u2019enthousiasme Nicolas Horiot.<\/p>\n<p class=\" wall-content\">Les travaux, qui sont en cours d\u2019autorisation, seront suivis par un architecte des Monuments historiques. Ils devraient durer plusieurs ann\u00e9es. L\u2019ouverture au public est esp\u00e9r\u00e9e pour mi-2027 \u2013 d\u00e9but 2028.<\/p>\n<p>Plong\u00e9e dans une demeure de la Belle \u00c9poque<\/p>\n<p class=\" wall-content\">Le visiteur sera d\u2019abord accueilli dans les pi\u00e8ces d\u2019apparat du rez-de-chauss\u00e9e, spectaculaires. Le grand atrium illumin\u00e9 par un immense vitrail z\u00e9nithal dessin\u00e9 par Guimard et la salle \u00e0 manger se chargeront de cr\u00e9er un premier choc visuel. \u00ab\u2009On <strong>replongera dans une villa de la Belle \u00c9poque<\/strong>. C\u2019est un petit tr\u00e9sor, tout l\u2019ensemble mobilier a \u00e9t\u00e9 fait pour l\u2019h\u00f4tel, l\u2019architecture est faite en fonction de lui\u2009\u00bb, d\u00e9crit Nicolas Horiot.<\/p>\n<p class=\" wall-content\">Dans les espaces qui n\u2019ont pas \u00e9t\u00e9 d\u00e9cor\u00e9s par Guimard \u2013 le propri\u00e9taire de l\u2019h\u00f4tel, le d\u00e9corateur et dentellier Paul Mezzara, quitte l\u2019h\u00f4tel en 1913, sans laisser le temps \u00e0 son cr\u00e9ateur d\u2019aboutir son travail \u2013 et donc plus neutres, une sc\u00e9nographie mus\u00e9ale plus libre va \u00eatre d\u00e9ploy\u00e9e. On y retrouvera beaucoup d\u2019objets cr\u00e9\u00e9s par Guimard issus des collections de l\u2019association ou de leurs partenaires. Mais pas uniquement. \u00ab\u2009On veut <strong>\u00e9viter le mus\u00e9e poussi\u00e9reux<\/strong>. Il y aura aussi des exp\u00e9riences immersives pour se replonger dans l\u2019ambiance du Paris de 1900\u2009\u00bb, met en avant Fabien Chon\u00e9. Les visiteurs pourront par exemple d\u00e9couvrir comme s\u2019ils y \u00e9taient, avec des lunettes 3D, un chef-d\u2019\u0153uvre aujourd\u2019hui disparu de Guimard\u2009: la salle Humbert de Romans, une salle de concert construite entre\u00a01989 et\u00a01901 rue Saint-Didier (16e) avant d\u2019\u00eatre d\u00e9molie en 1905.<\/p>\n<p><a class=\"jo-module-caroussel__img-container\" href=\"https:\/\/static.actu.fr\/uploads\/2025\/07\/design-sans-titre-2025-07-11t140644154.png\" title=\"Agrandir la photo Image d\u2019archive de la salle de concert Humbert de Romans (\u00a9 Collection Cercle Guimard)\" data-idx=\"1\" rel=\"nofollow noopener\" target=\"_blank\"><br \/>\n    <img decoding=\"async\" class=\"jo-module-caroussel__img\" loading=\"lazy\" src=\"https:\/\/www.europesays.com\/fr\/wp-content\/uploads\/2025\/07\/design-sans-titre-2025-07-11t140644154-640x427.png\" alt=\"Image d\u2019archive de la salle de concert Humbert de Romans (\u00a9 Collection Cercle Guimard)\" width=\"640\" height=\"427\"\/><\/a><a class=\"jo-module-caroussel__img-container\" href=\"https:\/\/static.actu.fr\/uploads\/2025\/07\/design-sans-titre-2025-07-11t140708529.png\" title=\"Agrandir la photo Fauteuils issus de la salle de concert Humbert de Romans, con\u00e7ue par Guimard. (\u00a9 Collection Cercle Guimard)\" data-idx=\"2\" rel=\"nofollow noopener\" target=\"_blank\"><br \/>\n    <img decoding=\"async\" class=\"jo-module-caroussel__img\" loading=\"lazy\" src=\"https:\/\/www.europesays.com\/fr\/wp-content\/uploads\/2025\/07\/design-sans-titre-2025-07-11t140708529-640x427.png\" alt=\"Fauteuils issus de la salle de concert Humbert de Romans, con\u00e7ue par Guimard. (\u00a9 Collection Cercle Guimard)\" width=\"640\" height=\"427\"\/><\/a>Un d\u00e9fi financier<\/p>\n<p class=\" wall-content\">Pour atteindre la rentabilit\u00e9, les nouveaux locataires de l\u2019h\u00f4tel Mezzara projettent une fr\u00e9quentation de <strong>100\u2009000\u00a0\u00e0 120\u2009000 visiteurs par an<\/strong>, aussi bien parisiens qu\u2019\u00e9trangers, pour un ticket d\u2019entr\u00e9e pr\u00e9vu pour l\u2019heure entre 15 et 20\u00a0euros. \u00ab\u2009On veut cr\u00e9er une nouvelle destination touristique, et faire de Paris une destination capitale de l\u2019Art nouveau clairement identifi\u00e9e, comme Bruxelles avec Horta ou Barcelone avec Gaud\u00ed\u2009\u00bb, ambitionne le pr\u00e9sident du Cercle Guimard.<\/p>\n<p>    <img   decoding=\"async\" loading=\"lazy\" src=\"https:\/\/www.europesays.com\/fr\/wp-content\/uploads\/2025\/07\/design-sans-titre-2025-07-11t140913701-960x640.png\" alt=\"Boiserie Art nouveau sign\u00e9e Guimard.\" width=\"960\" height=\"640\"\/><br \/>\n    Boiserie Art nouveau sign\u00e9e Guimard. (\u00a9Fr\u00e9d\u00e9ric Descouturelle \u2013 Cercle Guimard)<\/p>\n<p class=\" wall-content\">Pour compl\u00e9ter les ressources financi\u00e8res, de nouveaux <strong>partenaires et m\u00e9c\u00e8nes<\/strong>, notamment am\u00e9ricains, seront recherch\u00e9s. Certaines institutions soutiennent d\u00e9j\u00e0 le projet, comme la <a href=\"https:\/\/actu.fr\/tag\/ratp\" rel=\"nofollow noopener\" target=\"_blank\">RATP<\/a>, ou plusieurs mus\u00e9es parisiens, comme le <a href=\"https:\/\/actu.fr\/tag\/musee-dorsay\" rel=\"nofollow noopener\" target=\"_blank\">mus\u00e9e d\u2019Orsay<\/a> ou celui des <a href=\"https:\/\/actu.fr\/ile-de-france\/paris_75056\/en-attendant-sa-reouverture-le-musee-des-arts-decoratifs-a-paris-lance-son-jeu-video_40627819.html\" rel=\"nofollow noopener\" target=\"_blank\">Arts d\u00e9coratifs<\/a>, avec qui des pr\u00eats de collection pourraient voir le jour.<\/p>\n<p class=\" wall-content\">Les anges gardiens de l\u2019\u0153uvre de Guimard comptent m\u00eame aller plus loin, en faisant \u00ab<strong>\u2009des r\u00e9\u00e9ditions de qualit\u00e9<\/strong>\u2009\u00bb de certaines de ses cr\u00e9ations. Un projet scientifique, Guimard 3D, vise \u00e0 remod\u00e9liser l\u2019ensemble d\u2019un catalogue de fontes artistiques cr\u00e9\u00e9 par le d\u00e9corateur, et de relancer la production avec les fonderies de Saint-Dizier, historiquement li\u00e9es \u00e0 l\u2019architecte. \u00ab\u2009Son \u0153uvre tr\u00e8s organique reste intemporelle. Elle a un potentiel attractif fort, quels que soient la p\u00e9riode et le support\u2009\u00bb, estime Fabien Chon\u00e9.<\/p>\n<p class=\" wall-content\">Et apr\u00e8s les 50\u00a0ans de location\u2009? Les deux partenaires esp\u00e8rent faire \u00e9voluer leur mod\u00e8le vers celui d\u2019une<strong> fondation Guimard<\/strong>, pour p\u00e9renniser le mus\u00e9e et continuer \u00e0 diffuser l\u2019\u0153uvre de l\u2019artiste.<\/p>\n<p class=\" wall-content\">Suivez toute l\u2019actualit\u00e9 de vos villes et m\u00e9dias favoris en vous inscrivant \u00e0 <a href=\"https:\/\/moncompte.actu.fr\" title=\"D\u00e9couvez Mon Actu\" rel=\"nofollow noopener\" data-trk=\"{&quot;cta&quot;:{&quot;action&quot;:&quot;https:\\\/\\\/moncompte.actu.fr&quot;,&quot;category&quot;:&quot;mon compte&quot;,&quot;from&quot;:&quot;article footer&quot;,&quot;name&quot;:&quot;Mon actu&quot;,&quot;type&quot;:&quot;cta&quot;}}\" target=\"_blank\">Mon Actu<\/a>.<\/p>\n","protected":false},"excerpt":{"rendered":"Par Emilie Salabelle Publi\u00e9 le 14 juil. 2025 \u00e0 6h48 Hector Guimard va avoir son mus\u00e9e, enfin. Et&hellip;\n","protected":false},"author":2,"featured_media":250683,"comment_status":"","ping_status":"","sticky":false,"template":"","format":"standard","meta":{"footnotes":""},"categories":[1888],"tags":[11,1777,674,1011,27,937,1652,12,626,2551,25,2086],"class_list":{"0":"post-250682","1":"post","2":"type-post","3":"status-publish","4":"format-standard","5":"has-post-thumbnail","7":"category-paris","8":"tag-actualites","9":"tag-eu","10":"tag-europe","11":"tag-fr","12":"tag-france","13":"tag-histoire","14":"tag-loisirs-culture","15":"tag-news","16":"tag-paris","17":"tag-patrimoine","18":"tag-republique-francaise","19":"tag-travaux"},"share_on_mastodon":{"url":"https:\/\/pubeurope.com\/@fr\/114855126712042844","error":""},"_links":{"self":[{"href":"https:\/\/www.europesays.com\/fr\/wp-json\/wp\/v2\/posts\/250682","targetHints":{"allow":["GET"]}}],"collection":[{"href":"https:\/\/www.europesays.com\/fr\/wp-json\/wp\/v2\/posts"}],"about":[{"href":"https:\/\/www.europesays.com\/fr\/wp-json\/wp\/v2\/types\/post"}],"author":[{"embeddable":true,"href":"https:\/\/www.europesays.com\/fr\/wp-json\/wp\/v2\/users\/2"}],"replies":[{"embeddable":true,"href":"https:\/\/www.europesays.com\/fr\/wp-json\/wp\/v2\/comments?post=250682"}],"version-history":[{"count":0,"href":"https:\/\/www.europesays.com\/fr\/wp-json\/wp\/v2\/posts\/250682\/revisions"}],"wp:featuredmedia":[{"embeddable":true,"href":"https:\/\/www.europesays.com\/fr\/wp-json\/wp\/v2\/media\/250683"}],"wp:attachment":[{"href":"https:\/\/www.europesays.com\/fr\/wp-json\/wp\/v2\/media?parent=250682"}],"wp:term":[{"taxonomy":"category","embeddable":true,"href":"https:\/\/www.europesays.com\/fr\/wp-json\/wp\/v2\/categories?post=250682"},{"taxonomy":"post_tag","embeddable":true,"href":"https:\/\/www.europesays.com\/fr\/wp-json\/wp\/v2\/tags?post=250682"}],"curies":[{"name":"wp","href":"https:\/\/api.w.org\/{rel}","templated":true}]}}