{"id":250686,"date":"2025-07-15T03:29:14","date_gmt":"2025-07-15T03:29:14","guid":{"rendered":"https:\/\/www.europesays.com\/fr\/250686\/"},"modified":"2025-07-15T03:29:14","modified_gmt":"2025-07-15T03:29:14","slug":"donald-trump-donne-50-jours-a-la-russie-pour-mettre-fin-a-linvasion-russe","status":"publish","type":"post","link":"https:\/\/www.europesays.com\/fr\/250686\/","title":{"rendered":"Donald Trump donne 50 jours \u00e0 la Russie pour mettre fin \u00e0 l\u2019invasion russe"},"content":{"rendered":"<p class=\"article-p mdl\">Donald Trump semble avoir op\u00e9r\u00e9 une \u00e9ni\u00e8me volte-face dans la guerre en Ukraine. Lundi 14 juillet, le pr\u00e9sident a menac\u00e9 la Russie de sanctions douani\u00e8res \u00ab\u00a0tr\u00e8s s\u00e9v\u00e8res\u00a0\u00bb, et <strong>a autoris\u00e9 davantage de livraisons d&rsquo;armes \u00e0 Kiev<\/strong>.<\/p>\n<p class=\"article-p mdl\">\u00ab\u00a0Je suis reconnaissant au pr\u00e9sident Trump pour sa volont\u00e9 de <strong>soutenir la protection des vies de notre population<\/strong>\u00ab\u00a0, a d\u00e9clar\u00e9\u00a0<a class=\"link\" href=\"https:\/\/www.rtl.fr\/actu\/international\/les-infos-de-18h-guerre-en-ukraine-un-appel-telephonique-important-et-riche-entre-zelensky-et-trump-7900521520\" title=\"Les infos de 18h - Guerre en Ukraine : un appel t\u00e9l\u00e9phonique &quot;important et riche&quot; entre Zelensky et Trump\" target=\"_blank\" rel=\"noopener\">Volodymyr Zelensky<\/a>, dans un discours, lundi soir. Sur X, le pr\u00e9sident ukrainien a indiqu\u00e9 qu\u2019il s&rsquo;\u00e9tait entretenu avec son homologue am\u00e9ricain et qu&rsquo;ils ont discut\u00e9 de \u00ab\u00a0solutions\u00a0\u00bb pour mieux d\u00e9fendre Kiev.<\/p>\n<p class=\"article-p mdl\"><a class=\"link\" href=\"https:\/\/www.rtl.fr\/actu\/international\/droits-de-douane-donald-trump-annonce-une-taxe-de-30-pour-l-union-europeenne-a-partir-du-1er-aout-7900523423\" title=\"Droits de douane : Donald Trump annonce une taxe de 30 % pour l&#039;Union europ\u00e9enne \u00e0 partir du 1er ao\u00fbt\" target=\"_blank\" rel=\"noopener\">Donald Trump<\/a>\u00a0a accord\u00e9 un d\u00e9lai de 50 jours \u00e0 la Russie pour mettre fin \u00e0 l&rsquo;invasion de l&rsquo;Ukraine. Le ton du pr\u00e9sident des \u00c9tats-Unis a chang\u00e9 ces derni\u00e8res semaines, apr\u00e8s une s\u00e9rie de pourparlers infructueux, Donald Trump affichant clairement son m\u00e9contentement avec\u00a0<a class=\"link\" href=\"https:\/\/www.rtl.fr\/actu\/international\/russie-le-suicide-apparent-d-un-ministre-tout-juste-limoge-par-poutine-seme-la-peur-au-sein-de-l-elite-7900523014\" title=\"Russie : le suicide apparent d&#039;un ministre, tout juste limog\u00e9 par Poutine, s\u00e8me la peur au sein de l&#039;\u00e9lite\" target=\"_blank\" rel=\"noopener\">Vladimir Poutine<\/a>. Le pr\u00e9sident russe \u00ab\u00a0parle bien\u00a0\u00bb en journ\u00e9e et se met \u00ab\u00a0\u00e0 bombarder tout le monde le soir (&#8230;) Je ne veux pas dire que c&rsquo;est un assassin, mais <strong>c&rsquo;est un dur \u00e0 cuire<\/strong>\u00ab\u00a0, a-t-il d\u00e9clar\u00e9 lundi.<\/p>\n<p class=\"article-p mdl\">Les frappes a\u00e9riennes russes en Ukraine se sont intensifi\u00e9es r\u00e9cemment. <strong>Moscou bat chaque semaine des records en nombre d&rsquo;engins tir\u00e9s<\/strong>, fournis par une industrie de d\u00e9fense qui tourne \u00e0 plein r\u00e9gime.<\/p>\n<p>    La r\u00e9daction vous recommande<\/p>\n<p class=\"s-newsletter__title\">\n                L\u2019actualit\u00e9 par la r\u00e9daction de RTL dans votre bo\u00eete mail.\n            <\/p>\n<p class=\"s-newsletter__subtitle\">\n                Gr\u00e2ce \u00e0 votre compte RTL abonnez-vous \u00e0 la newsletter RTL info pour suivre toute l&rsquo;actualit\u00e9 au quotidien\n            <\/p>\n<p>\n                                    Lire la suite\n                                <\/p>\n","protected":false},"excerpt":{"rendered":"Donald Trump semble avoir op\u00e9r\u00e9 une \u00e9ni\u00e8me volte-face dans la guerre en Ukraine. Lundi 14 juillet, le pr\u00e9sident&hellip;\n","protected":false},"author":2,"featured_media":250687,"comment_status":"","ping_status":"","sticky":false,"template":"","format":"standard","meta":{"footnotes":""},"categories":[1591],"tags":[11,75,73,1887,107,131,14,12,1885,1886,132,220,135,134],"class_list":{"0":"post-250686","1":"post","2":"type-post","3":"status-publish","4":"format-standard","5":"has-post-thumbnail","7":"category-russie","8":"tag-actualites","9":"tag-donald-trump","10":"tag-etats-unis","11":"tag-federation-de-russie","12":"tag-fil-info","13":"tag-guerre-en-ukraine","14":"tag-international","15":"tag-news","16":"tag-russia","17":"tag-russian-federation","18":"tag-russie","19":"tag-ukraine","20":"tag-vladimir-poutine","21":"tag-volodymyr-zelensky"},"share_on_mastodon":{"url":"https:\/\/pubeurope.com\/@fr\/114855134189662746","error":""},"_links":{"self":[{"href":"https:\/\/www.europesays.com\/fr\/wp-json\/wp\/v2\/posts\/250686","targetHints":{"allow":["GET"]}}],"collection":[{"href":"https:\/\/www.europesays.com\/fr\/wp-json\/wp\/v2\/posts"}],"about":[{"href":"https:\/\/www.europesays.com\/fr\/wp-json\/wp\/v2\/types\/post"}],"author":[{"embeddable":true,"href":"https:\/\/www.europesays.com\/fr\/wp-json\/wp\/v2\/users\/2"}],"replies":[{"embeddable":true,"href":"https:\/\/www.europesays.com\/fr\/wp-json\/wp\/v2\/comments?post=250686"}],"version-history":[{"count":0,"href":"https:\/\/www.europesays.com\/fr\/wp-json\/wp\/v2\/posts\/250686\/revisions"}],"wp:featuredmedia":[{"embeddable":true,"href":"https:\/\/www.europesays.com\/fr\/wp-json\/wp\/v2\/media\/250687"}],"wp:attachment":[{"href":"https:\/\/www.europesays.com\/fr\/wp-json\/wp\/v2\/media?parent=250686"}],"wp:term":[{"taxonomy":"category","embeddable":true,"href":"https:\/\/www.europesays.com\/fr\/wp-json\/wp\/v2\/categories?post=250686"},{"taxonomy":"post_tag","embeddable":true,"href":"https:\/\/www.europesays.com\/fr\/wp-json\/wp\/v2\/tags?post=250686"}],"curies":[{"name":"wp","href":"https:\/\/api.w.org\/{rel}","templated":true}]}}