{"id":250688,"date":"2025-07-15T03:30:32","date_gmt":"2025-07-15T03:30:32","guid":{"rendered":"https:\/\/www.europesays.com\/fr\/250688\/"},"modified":"2025-07-15T03:30:32","modified_gmt":"2025-07-15T03:30:32","slug":"sondage-exclusif-lopinion-des-francais-sur-le-conflit-en-ukraine","status":"publish","type":"post","link":"https:\/\/www.europesays.com\/fr\/250688\/","title":{"rendered":"SONDAGE EXCLUSIF.\u00a0L\u2019opinion des Fran\u00e7ais sur le conflit en Ukraine"},"content":{"rendered":"<p>Inquiets mais r\u00e9silients. Tel est l&rsquo;\u00e9tat d&rsquo;esprit des Fran\u00e7ais apr\u00e8s cette semaine historique o\u00f9 l&rsquo;on a vu Donald Trump traiter <a href=\"https:\/\/www.latribune.fr\/economie\/international\/zelensky-refuse-finalement-un-accord-avec-trump-sur-les-minerais-ukrainiens-1018480.html\" target=\"_blank\" rel=\"noopener\">Volodymyr Zelensky<\/a> en ennemi, Vladimir Poutine assister avec gourmandise \u00e0 ce renversement des alliances, et l&rsquo;Europe se t\u00e9taniser en comprenant que l&rsquo;alli\u00e9 am\u00e9ricain n&rsquo;en \u00e9tait plus vraiment un. Ind\u00e9niablement, notre sondage Ipsos-Cesi \u00e9cole d&rsquo;ing\u00e9nieurs-La Tribune Dimanche montre qu&rsquo;un possible d\u00e9sengagement du pr\u00e9sident am\u00e9ricain, sur l&rsquo;<a href=\"https:\/\/www.latribune.fr\/entreprises-finance\/industrie\/aeronautique-defense\/defense-les-pays-europeens-de-l-otan-pousses-a-augmenter-leurs-depenses-1018213.html\" target=\"_blank\" rel=\"noopener\">Otan<\/a> ou sur le dossier ukrainien, angoisse. \u00ab\u202fLe niveau d&rsquo;inqui\u00e9tude est tr\u00e8s \u00e9lev\u00e9, souligne Brice Teinturier, directeur g\u00e9n\u00e9ral d\u00e9l\u00e9gu\u00e9 d&rsquo;Ipsos. En m\u00eame temps, cela montre que les Fran\u00e7ais ont tr\u00e8s bien compris le basculement qui est en train de s&rsquo;op\u00e9rer.\u202f\u00bb<\/p>\n<p>Pour autant, et c&rsquo;est l\u00e0 l&rsquo;un des enseignements principaux de l&rsquo;\u00e9tude, ils refusent que la France et l&rsquo;Europe baissent les bras \u2009: deux tiers d&rsquo;entre eux plaident pour la poursuite de l&rsquo;appui \u00e0 Kiev quand bien m\u00eame les <a href=\"https:\/\/www.latribune.fr\/economie\/international\/negociations-sur-l-ukraine-l-europe-ecartee-par-les-etats-unis-et-la-russie-1018686.html\" target=\"_blank\" rel=\"noopener\">\u00c9tats-Unis<\/a> fermeraient, eux, le robinet. Que ce soit sur la livraison d&rsquo;armes, l&rsquo;aide humanitaire ou m\u00eame l&rsquo;accueil des r\u00e9fugi\u00e9s, le soutien est m\u00eame sup\u00e9rieur \u00e0 celui enregistr\u00e9 il y a un an. \u00ab En cela, Trump est un acc\u00e9l\u00e9rateur de solidarit\u00e9, traduit Brice Teinturier. Et puis il y a une prise de conscience collective que c\u00e9der face \u00e0 Trump et Poutine serait une erreur, que cela nous mettrait en danger.\u202f\u00bb<\/p>\n<p>Autre preuve que les Fran\u00e7ais voient la <a href=\"https:\/\/www.latribune.fr\/economie\/international\/en-russie-plusieurs-centaines-de-personnes-se-sont-recueillies-sur-la-tombe-de-navalny-1018542.html\" target=\"_blank\" rel=\"noopener\">Russie<\/a> et le conflit ukrainien comme des menaces qui les concernent\u2009 : sur un sujet aussi sensible que l&rsquo;envoi de troupes europ\u00e9ennes pour garantir le respect d&rsquo;un \u00e9ventuel cessez-le-feu, la moiti\u00e9 d&rsquo;entre eux s&rsquo;y dit favorable. \u00ab\u202fSi l&rsquo;on exclut les sympathisants RN, c&rsquo;est majoritaire partout\u202f\u00bb, note le dirigeant d&rsquo;Ipsos. C&rsquo;est d&rsquo;ailleurs une constante de cette enqu\u00eate \u2009: sur la plupart des th\u00e8mes, les \u00e9lecteurs de Marine Le\u202fPen sont \u00e0 rebours du reste des sond\u00e9s. \u00ab\u202fDes ann\u00e9es de discours conciliants \u00e0 l&rsquo;\u00e9gard de Moscou ne sont pas sans cons\u00e9quences\u202f\u00bb, glisse Brice Teinturier. Malgr\u00e9 tout, ainsi que\u202fles sympathisants Insoumis, ils\u202fsoutiennent largement l&rsquo;id\u00e9e d&rsquo;une d\u00e9fense europ\u00e9enne si les \u00c9tats-Unis venaient \u00e0 l\u00e2cher le Vieux Continent.<\/p>\n<p><img alt=\"Sondage Ukraine 1\" fetchpriority=\"auto\" loading=\"lazy\" decoding=\"async\" data-nimg=\"fill\" class=\"TwicCore_img__i9TC1\" style=\"position:absolute;height:100%;width:100%;left:0;top:0;right:0;bottom:0;color:transparent\"   src=\"https:\/\/www.europesays.com\/fr\/wp-content\/uploads\/2025\/07\/2537278.jpg\"\/>Photo d&rsquo;illustration (Cr\u00e9dits : LTD\/Ipsos &#8211; CESI \u00c9cole d\u2019Ing\u00e9nieurs)<img alt=\"Sondage Ukraine 2\" fetchpriority=\"auto\" loading=\"lazy\" decoding=\"async\" data-nimg=\"fill\" class=\"TwicCore_img__i9TC1\" style=\"position:absolute;height:100%;width:100%;left:0;top:0;right:0;bottom:0;color:transparent\"   src=\"https:\/\/www.europesays.com\/fr\/wp-content\/uploads\/2025\/07\/2537279.jpg\"\/>Photo d&rsquo;illustration (Cr\u00e9dits : LTD\/Ipsos &#8211; CESI \u00c9cole d\u2019Ing\u00e9nieurs)<img alt=\"Sondage Ukraine 3\" fetchpriority=\"auto\" loading=\"lazy\" decoding=\"async\" data-nimg=\"fill\" class=\"TwicCore_img__i9TC1\" style=\"position:absolute;height:100%;width:100%;left:0;top:0;right:0;bottom:0;color:transparent\"   src=\"https:\/\/www.europesays.com\/fr\/wp-content\/uploads\/2025\/07\/2537280.jpg\"\/>Photo d&rsquo;illustration (Cr\u00e9dits : LTD\/Ipsos &#8211; CESI \u00c9cole d\u2019Ing\u00e9nieurs)<img alt=\"Sondage Ukraine 4\" fetchpriority=\"auto\" loading=\"lazy\" decoding=\"async\" data-nimg=\"fill\" class=\"TwicCore_img__i9TC1\" style=\"position:absolute;height:100%;width:100%;left:0;top:0;right:0;bottom:0;color:transparent\"   src=\"https:\/\/www.europesays.com\/fr\/wp-content\/uploads\/2025\/07\/2537281.jpg\"\/>Photo d&rsquo;illustration (Cr\u00e9dits : LTD\/Ipsos &#8211; CESI \u00c9cole d\u2019Ing\u00e9nieurs)<img alt=\"Sondage Ukraine 5\" fetchpriority=\"auto\" loading=\"lazy\" decoding=\"async\" data-nimg=\"fill\" class=\"TwicCore_img__i9TC1\" style=\"position:absolute;height:100%;width:100%;left:0;top:0;right:0;bottom:0;color:transparent\"   src=\"https:\/\/www.europesays.com\/fr\/wp-content\/uploads\/2025\/07\/2537282.jpg\"\/>Photo d&rsquo;illustration (Cr\u00e9dits : LTD\/Ipsos &#8211; CESI \u00c9cole d\u2019Ing\u00e9nieurs)<img alt=\"Sondage Ukraine 6\" fetchpriority=\"auto\" loading=\"lazy\" decoding=\"async\" data-nimg=\"fill\" class=\"TwicCore_img__i9TC1\" style=\"position:absolute;height:100%;width:100%;left:0;top:0;right:0;bottom:0;color:transparent\"   src=\"https:\/\/www.europesays.com\/fr\/wp-content\/uploads\/2025\/07\/2537283.jpg\"\/>Sondage Ipsos-Cesi \u00e9cole d\u2019ing\u00e9nieurs pour La Tribune Dimanche effectu\u00e9 du 19 au 21 f\u00e9vrier 2025 aupr\u00e8s d\u2019un \u00e9chantillon repr\u00e9sentatif de la population fran\u00e7aise de 1 099 personnes \u00e2g\u00e9es de 18 ans et plus interrog\u00e9es en ligne selon la m\u00e9thode des quotas. (Cr\u00e9dits : LTD\/Ipsos &#8211; CESI \u00c9cole d\u2019Ing\u00e9nieurs)<\/p>\n","protected":false},"excerpt":{"rendered":"Inquiets mais r\u00e9silients. Tel est l&rsquo;\u00e9tat d&rsquo;esprit des Fran\u00e7ais apr\u00e8s cette semaine historique o\u00f9 l&rsquo;on a vu Donald&hellip;\n","protected":false},"author":2,"featured_media":250689,"comment_status":"","ping_status":"","sticky":false,"template":"","format":"standard","meta":{"footnotes":""},"categories":[1590],"tags":[17,11,2120,154,1777,674,39095,3844,3102,12,13947,3356,220],"class_list":{"0":"post-250688","1":"post","2":"type-post","3":"status-publish","4":"format-standard","5":"has-post-thumbnail","7":"category-ukraine","8":"tag-17","9":"tag-actualites","10":"tag-conflit","11":"tag-des","12":"tag-eu","13":"tag-europe","14":"tag-exclusif-lopinion","15":"tag-francais","16":"tag-la-tribune-dimanche","17":"tag-news","18":"tag-sondage","19":"tag-sur","20":"tag-ukraine"},"share_on_mastodon":{"url":"https:\/\/pubeurope.com\/@fr\/114855138256664288","error":""},"_links":{"self":[{"href":"https:\/\/www.europesays.com\/fr\/wp-json\/wp\/v2\/posts\/250688","targetHints":{"allow":["GET"]}}],"collection":[{"href":"https:\/\/www.europesays.com\/fr\/wp-json\/wp\/v2\/posts"}],"about":[{"href":"https:\/\/www.europesays.com\/fr\/wp-json\/wp\/v2\/types\/post"}],"author":[{"embeddable":true,"href":"https:\/\/www.europesays.com\/fr\/wp-json\/wp\/v2\/users\/2"}],"replies":[{"embeddable":true,"href":"https:\/\/www.europesays.com\/fr\/wp-json\/wp\/v2\/comments?post=250688"}],"version-history":[{"count":0,"href":"https:\/\/www.europesays.com\/fr\/wp-json\/wp\/v2\/posts\/250688\/revisions"}],"wp:featuredmedia":[{"embeddable":true,"href":"https:\/\/www.europesays.com\/fr\/wp-json\/wp\/v2\/media\/250689"}],"wp:attachment":[{"href":"https:\/\/www.europesays.com\/fr\/wp-json\/wp\/v2\/media?parent=250688"}],"wp:term":[{"taxonomy":"category","embeddable":true,"href":"https:\/\/www.europesays.com\/fr\/wp-json\/wp\/v2\/categories?post=250688"},{"taxonomy":"post_tag","embeddable":true,"href":"https:\/\/www.europesays.com\/fr\/wp-json\/wp\/v2\/tags?post=250688"}],"curies":[{"name":"wp","href":"https:\/\/api.w.org\/{rel}","templated":true}]}}