{"id":250692,"date":"2025-07-15T03:32:23","date_gmt":"2025-07-15T03:32:23","guid":{"rendered":"https:\/\/www.europesays.com\/fr\/250692\/"},"modified":"2025-07-15T03:32:23","modified_gmt":"2025-07-15T03:32:23","slug":"lunion-europeenne-et-le-royaume-uni-signent-un-accord-post-brexit-sur-la-defense-la-peche-et-lenergie-politico","status":"publish","type":"post","link":"https:\/\/www.europesays.com\/fr\/250692\/","title":{"rendered":"L\u2019Union europ\u00e9enne et le Royaume-Uni signent un accord post-Brexit sur la d\u00e9fense, la p\u00eache et l\u2019\u00e9nergie \u2013 POLITICO"},"content":{"rendered":"<p>A ce titre, le pacte de s\u00e9curit\u00e9 et de d\u00e9fense formalise la coop\u00e9ration entre les deux parties dans des domaines tels que la guerre hybride, la cybers\u00e9curit\u00e9, la r\u00e9silience des infrastructures et la s\u00e9curit\u00e9 maritime.<\/p>\n<p>Mais Ursula von der Leyen a clairement indiqu\u00e9 qu\u2019il y avait encore du chemin \u00e0 parcourir, d\u00e9crivant le pacte de lundi comme \u00e9tant seulement \u201cle premier pas vers la participation du Royaume-Uni au programme europ\u00e9en d\u2019investissement dans la d\u00e9fense\u201d et d\u00e9nomm\u00e9 SAFE. \u201cNous avons besoin d\u2019une deuxi\u00e8me \u00e9tape, mais ces achats communs dont nous avons discut\u00e9 am\u00e9lioreront notre \u00e9tat de pr\u00e9paration, combleront les lacunes militaires que nous avons, et augmenteront [&#8230;] notre interop\u00e9rabilit\u00e9 lorsque nos forces arm\u00e9es partiront en mission ensemble\u201d, a-t-elle soulign\u00e9.<\/p>\n<p>D\u2019autres accords en perspective<\/p>\n<p>Outre la d\u00e9fense, les deux parties ont sign\u00e9 une \u201cconvention d\u2019entente\u201d listant les sujets sur lesquels elles souhaitent am\u00e9liorer leurs relations dans les mois \u00e0 venir. Elles ont convenu de travailler \u00e0 des accords sur l\u2019\u00e9nergie, la r\u00e9glementation de l\u2019agroalimentaire, le climat, les migrations et la s\u00e9curit\u00e9, ainsi que sur la mobilit\u00e9 des personnes. Ursula von der Leyen a d\u00e9clar\u00e9 aux journalistes lundi qu\u2019elle esp\u00e9rait que ces n\u00e9gociations seraient conclues dans \u201cquelques semaines\u201d.<\/p>\n<p>Le projet le plus ambitieux concerne peut-\u00eatre l\u2019\u00e9nergie : les deux parties ont convenu que le Royaume-Uni rejoindrait effectivement le march\u00e9 unique de l\u2019\u00e9lectricit\u00e9 et suivrait les r\u00e9glementations bruxelloises, sous le contr\u00f4le de la Cour de justice de l\u2019Union europ\u00e9enne, ce qui pourrait d\u00e9clencher la col\u00e8re des eurosceptiques \u00e0 Londres.<\/p>\n<p>\u201cNous avons d\u00e9cid\u00e9 d\u2019\u00e9tudier la participation du Royaume-Uni au march\u00e9 europ\u00e9en de l\u2019\u00e9lectricit\u00e9\u201d, a indiqu\u00e9 Ursula von der Leyen. Bruxelles et Londres ont, a-t-elle ajout\u00e9, \u201cconvenu de travailler \u00e0 lier nos syst\u00e8mes d\u2019\u00e9change de quotas d\u2019\u00e9mission\u201d, c\u2019est-\u00e0-dire leurs march\u00e9s du carbone.<\/p>\n<p>Des accords similaires seront n\u00e9goci\u00e9s sur les r\u00e8gles sanitaires et phytosanitaires (SPS), ce qui permettrait de r\u00e9duire consid\u00e9rablement les formalit\u00e9s administratives dans les ports de la Manche et \u00e0 la fronti\u00e8re de l\u2019Irlande du Nord, facilitant ainsi les \u00e9changes commerciaux.<\/p>\n","protected":false},"excerpt":{"rendered":"A ce titre, le pacte de s\u00e9curit\u00e9 et de d\u00e9fense formalise la coop\u00e9ration entre les deux parties dans&hellip;\n","protected":false},"author":2,"featured_media":250693,"comment_status":"","ping_status":"","sticky":false,"template":"","format":"standard","meta":{"footnotes":""},"categories":[1588],"tags":[47,11,1777,674,2581,12,473,1853,1851,364,1850,1852,2544],"class_list":{"0":"post-250692","1":"post","2":"type-post","3":"status-publish","4":"format-standard","5":"has-post-thumbnail","7":"category-royaume-uni","8":"tag-actualite","9":"tag-actualites","10":"tag-eu","11":"tag-europe","12":"tag-keir-starmer","13":"tag-news","14":"tag-royaume-uni","15":"tag-royaume-uni-de-grande-bretagne-et-dirlande-du-nord","16":"tag-uk","17":"tag-union-europeenne","18":"tag-united-kingdom","19":"tag-united-kingdom-of-great-britain-and-northern-ireland","20":"tag-ursula-von-der-leyen"},"share_on_mastodon":{"url":"https:\/\/pubeurope.com\/@fr\/114855146090654663","error":""},"_links":{"self":[{"href":"https:\/\/www.europesays.com\/fr\/wp-json\/wp\/v2\/posts\/250692","targetHints":{"allow":["GET"]}}],"collection":[{"href":"https:\/\/www.europesays.com\/fr\/wp-json\/wp\/v2\/posts"}],"about":[{"href":"https:\/\/www.europesays.com\/fr\/wp-json\/wp\/v2\/types\/post"}],"author":[{"embeddable":true,"href":"https:\/\/www.europesays.com\/fr\/wp-json\/wp\/v2\/users\/2"}],"replies":[{"embeddable":true,"href":"https:\/\/www.europesays.com\/fr\/wp-json\/wp\/v2\/comments?post=250692"}],"version-history":[{"count":0,"href":"https:\/\/www.europesays.com\/fr\/wp-json\/wp\/v2\/posts\/250692\/revisions"}],"wp:featuredmedia":[{"embeddable":true,"href":"https:\/\/www.europesays.com\/fr\/wp-json\/wp\/v2\/media\/250693"}],"wp:attachment":[{"href":"https:\/\/www.europesays.com\/fr\/wp-json\/wp\/v2\/media?parent=250692"}],"wp:term":[{"taxonomy":"category","embeddable":true,"href":"https:\/\/www.europesays.com\/fr\/wp-json\/wp\/v2\/categories?post=250692"},{"taxonomy":"post_tag","embeddable":true,"href":"https:\/\/www.europesays.com\/fr\/wp-json\/wp\/v2\/tags?post=250692"}],"curies":[{"name":"wp","href":"https:\/\/api.w.org\/{rel}","templated":true}]}}