{"id":250694,"date":"2025-07-15T03:33:14","date_gmt":"2025-07-15T03:33:14","guid":{"rendered":"https:\/\/www.europesays.com\/fr\/250694\/"},"modified":"2025-07-15T03:33:14","modified_gmt":"2025-07-15T03:33:14","slug":"allemagne-un-medecin-accuse-davoir-tue-15-patients-entre-2021-et-2024-linfo-re","status":"publish","type":"post","link":"https:\/\/www.europesays.com\/fr\/250694\/","title":{"rendered":"Allemagne : un m\u00e9decin accus\u00e9 d\u2019avoir tu\u00e9 15 patients entre 2021 et 2024 &#8211; LINFO.re"},"content":{"rendered":"<p>Le parquet soup\u00e7onne qu\u2019il pourrait \u00eatre impliqu\u00e9 dans un nombre bien plus \u00e9lev\u00e9 de d\u00e9c\u00e8s.<\/p>\n<p>\t\t\t\t\t\t<strong>Une m\u00e9thode pr\u00e9m\u00e9dit\u00e9e<\/strong><\/p>\n<p style=\"text-align: justify;\">Ce lundi 14 juillet, Johannes M., 40 ans, m\u00e9decin sp\u00e9cialis\u00e9 dans les soins \u00e0 domicile, compara\u00eet pour l\u2019<a href=\"https:\/\/www.linfo.re\/tags\/assassinats\" target=\"_blank\" rel=\"nofollow noopener\"><strong>assassinat<\/strong><\/a> de 15 patients, \u00e0 <a href=\"https:\/\/www.linfo.re\/tags\/berlin\" target=\"_blank\" rel=\"nofollow noopener\"><strong>Berlin<\/strong><\/a>. Les faits remontent \u00e0 la p\u00e9riode allant de septembre 2021 \u00e0 juillet 2024. Surnomm\u00e9 par l\u2019hebdomadaire Die Zeit \u00ab\u00a0le Docteur de la mort\u00a0\u00bb, il aurait inject\u00e9 un s\u00e9datif puis un relaxant musculaire \u00e0 des patients \u00e2g\u00e9s de 25 \u00e0 94 ans, sans justification m\u00e9dicale. Cette combinaison provoque une paralysie respiratoire qui conduit \u00e0 la mort en quelques minutes.<\/p>\n<p style=\"text-align: justify;\">Aucun des malades n\u2019aurait donn\u00e9 son accord. Dans certains cas, l\u2019homme aurait incendi\u00e9 les lieux pour faire dispara\u00eetre les preuves. La plupart des victimes vivaient dans des quartiers populaires du sud de Berlin.<\/p>\n<p><strong>Des soup\u00e7ons bien au-del\u00e0 des 15 cas connus<\/strong><\/p>\n<p style=\"text-align: justify;\">Outre les 15 <a href=\"https:\/\/www.linfo.re\/tags\/meurtre-131826\" target=\"_blank\" rel=\"nofollow noopener\"><strong>meurtres<\/strong><\/a> d\u00e9j\u00e0 jug\u00e9s, 96 d\u00e9c\u00e8s suppl\u00e9mentaires sont en cours d\u2019examen, dont celui de sa propre belle-m\u00e8re. Selon les \u00e9l\u00e9ments rapport\u00e9s par le site Leparisien.fr, le suspect aurait \u00e9tudi\u00e9 les <a href=\"https:\/\/www.linfo.re\/tags\/homicide\" target=\"_blank\" rel=\"nofollow noopener\">homicides<\/a> dans le cadre de sa th\u00e8se de doctorat, soutenue en 2013. C\u2019est sa sup\u00e9rieure hi\u00e9rarchique qui a donn\u00e9 l\u2019alerte fin juillet 2024.<\/p>\n<p style=\"text-align: justify;\">Interpell\u00e9 au d\u00e9but du mois d\u2019ao\u00fbt, il \u00e9tait alors poursuivi pour quatre cas. Le nombre de victimes pr\u00e9sum\u00e9es a ensuite \u00e9t\u00e9 revu \u00e0 la hausse. Le parquet ne lui attribue aucun mobile clair, si ce n\u2019est l\u2019acte de tuer. Une peine maximale avec interdiction d\u00e9finitive d\u2019exercer est demand\u00e9e. Trente-cinq audiences sont pr\u00e9vues jusqu\u2019en janvier 2026.<\/p>\n","protected":false},"excerpt":{"rendered":"Le parquet soup\u00e7onne qu\u2019il pourrait \u00eatre impliqu\u00e9 dans un nombre bien plus \u00e9lev\u00e9 de d\u00e9c\u00e8s. Une m\u00e9thode pr\u00e9m\u00e9dit\u00e9e&hellip;\n","protected":false},"author":2,"featured_media":250695,"comment_status":"","ping_status":"","sticky":false,"template":"","format":"standard","meta":{"footnotes":""},"categories":[1587],"tags":[47,11,672,1898,1804,1805,1803,1777,674,1801,1922,74,12,1802],"class_list":{"0":"post-250694","1":"post","2":"type-post","3":"status-publish","4":"format-standard","5":"has-post-thumbnail","7":"category-allemagne","8":"tag-actualite","9":"tag-actualites","10":"tag-allemagne","11":"tag-berlin","12":"tag-bundesrepublik-deutschland","13":"tag-de","14":"tag-deutschland","15":"tag-eu","16":"tag-europe","17":"tag-germany","18":"tag-info","19":"tag-monde","20":"tag-news","21":"tag-republique-federale-dallemagne"},"share_on_mastodon":{"url":"https:\/\/pubeurope.com\/@fr\/114855149739091668","error":""},"_links":{"self":[{"href":"https:\/\/www.europesays.com\/fr\/wp-json\/wp\/v2\/posts\/250694","targetHints":{"allow":["GET"]}}],"collection":[{"href":"https:\/\/www.europesays.com\/fr\/wp-json\/wp\/v2\/posts"}],"about":[{"href":"https:\/\/www.europesays.com\/fr\/wp-json\/wp\/v2\/types\/post"}],"author":[{"embeddable":true,"href":"https:\/\/www.europesays.com\/fr\/wp-json\/wp\/v2\/users\/2"}],"replies":[{"embeddable":true,"href":"https:\/\/www.europesays.com\/fr\/wp-json\/wp\/v2\/comments?post=250694"}],"version-history":[{"count":0,"href":"https:\/\/www.europesays.com\/fr\/wp-json\/wp\/v2\/posts\/250694\/revisions"}],"wp:featuredmedia":[{"embeddable":true,"href":"https:\/\/www.europesays.com\/fr\/wp-json\/wp\/v2\/media\/250695"}],"wp:attachment":[{"href":"https:\/\/www.europesays.com\/fr\/wp-json\/wp\/v2\/media?parent=250694"}],"wp:term":[{"taxonomy":"category","embeddable":true,"href":"https:\/\/www.europesays.com\/fr\/wp-json\/wp\/v2\/categories?post=250694"},{"taxonomy":"post_tag","embeddable":true,"href":"https:\/\/www.europesays.com\/fr\/wp-json\/wp\/v2\/tags?post=250694"}],"curies":[{"name":"wp","href":"https:\/\/api.w.org\/{rel}","templated":true}]}}