{"id":250706,"date":"2025-07-15T03:41:20","date_gmt":"2025-07-15T03:41:20","guid":{"rendered":"https:\/\/www.europesays.com\/fr\/250706\/"},"modified":"2025-07-15T03:41:20","modified_gmt":"2025-07-15T03:41:20","slug":"antoine-dupont-son-infidelite-a-iris-mittenaere","status":"publish","type":"post","link":"https:\/\/www.europesays.com\/fr\/250706\/","title":{"rendered":"Antoine Dupont, son infid\u00e9lit\u00e9 \u00e0 Iris Mittenaere ?"},"content":{"rendered":"<p class=\"heading\">Depuis de nombreux mois, Antoine Dupont n\u2019appara\u00eet plus sur les terrains. Le demi de m\u00eal\u00e9e est bless\u00e9 et il est donc en pleine r\u00e9\u00e9ducation. Le Toulousain a r\u00e9cemment pris un peu de repos en Suisse, plus pr\u00e9cis\u00e9ment \u00e0 Gen\u00e8ve, avec sa compagne Iris Mittenaere. Le joueur du XV de France a d\u2019ailleurs publi\u00e9 une photo lors de cette escapade dans sa story Instagram, mais il n\u2019\u00e9tait pas avec l\u2019ancienne miss. <\/p>\n<p>Le temps commence \u00e0 \u00eatre long pour <a href=\"https:\/\/le10sport.com\/rugby\/antoine-dupont-chez-les-all-blacks-lannonce-incroyable-750396\" rel=\"nofollow noopener\" target=\"_blank\">Antoine Dupont<\/a>. Le demi de m\u00eal\u00e9e n\u2019est plus apparu sur les terrains depuis le dernier <strong>Tournoi des Six Nations<\/strong> et plus pr\u00e9cis\u00e9ment le match contre l&rsquo;<strong>Irlande<\/strong>. \u00c0 cette occasion, le Fran\u00e7ais s\u2019\u00e9tait fait une rupture du ligament crois\u00e9, ce qui le pousse sur la touche pour un long moment. Le Toulousain a depuis entam\u00e9 sa r\u00e9duction et il progresse bien, avec l\u2019espoir de pouvoir revenir sur les terrains \u00e0 la rentr\u00e9e. <\/p>\n<p>                                            Dupont s\u2019affiche avec la chienne d\u2019Iris Mittenaere <\/p>\n<p>Depuis de longs mois, <strong>Antoine Dupont<\/strong> donne tout pour sa r\u00e9\u00e9ducation, mais il se repose aussi. Derni\u00e8rement, le demi de m\u00eal\u00e9e s\u2019est d\u2019ailleurs rendu en <strong>Suisse<\/strong> pour prendre un peu de bon temps avec la femme qui partage sa vie, <strong>Iris Mittenaere<\/strong>. Les deux amoureux ont s\u00e9journ\u00e9 \u00e0 l\u2019h\u00f4tel 5 \u00e9toiles de<strong> La R\u00e9serve<\/strong>, qui se trouve sur les rives du lac <strong>L\u00e9man<\/strong>, mais ils n\u2019\u00e9taient pas seuls. Sur <strong>Instagram<\/strong>, le rugbyman a post\u00e9 une story o\u00f9 on le voit c\u00e2liner dans un lit la chienne de l\u2019ancienne miss de beaut\u00e9, <strong>Calypso<\/strong>, une petite teckel naine arlequin adopt\u00e9e par la compagne de l&rsquo;internationale fran\u00e7ais il y a bient\u00f4t un an.<\/p>\n<p>                                            Antoine Dupont se confie sur sa r\u00e9\u00e9ducation <\/p>\n<p>Avant cette escapade en <strong>Suisse<\/strong>, <strong>Antoine<\/strong> <strong>Dupont<\/strong> avait donn\u00e9 de ses nouvelles au micro de Canal +. La r\u00e9\u00e9ducation du joueur du<strong> Stade Toulousain <\/strong>se passe bien pour le moment, mais il lui reste encore plusieurs \u00e9tapes. \u00ab\u00a0\u00c7a va bien, a-t-il d\u2019abord d\u00e9clar\u00e9. La r\u00e9\u00e9ducation se poursuit. Rien de tr\u00e8s fun pour le moment. Toujours en train de retravailler musculairement pour regagner de l\u2019amplitude, du volume musculaire pour pr\u00e9parer la reprise de course qui arrivera dans les prochaines semaines. Tout suit son cours pour le moment.\u00a0\u00bb<\/p>\n","protected":false},"excerpt":{"rendered":"Depuis de nombreux mois, Antoine Dupont n\u2019appara\u00eet plus sur les terrains. Le demi de m\u00eal\u00e9e est bless\u00e9 et&hellip;\n","protected":false},"author":2,"featured_media":250707,"comment_status":"","ping_status":"","sticky":false,"template":"","format":"standard","meta":{"footnotes":""},"categories":[1416],"tags":[1011,27,479,1468,60],"class_list":{"0":"post-250706","1":"post","2":"type-post","3":"status-publish","4":"format-standard","5":"has-post-thumbnail","7":"category-rugby","8":"tag-fr","9":"tag-france","10":"tag-rugby","11":"tag-rugby-football","12":"tag-sports"},"share_on_mastodon":{"url":"https:\/\/pubeurope.com\/@fr\/114855181217446091","error":""},"_links":{"self":[{"href":"https:\/\/www.europesays.com\/fr\/wp-json\/wp\/v2\/posts\/250706","targetHints":{"allow":["GET"]}}],"collection":[{"href":"https:\/\/www.europesays.com\/fr\/wp-json\/wp\/v2\/posts"}],"about":[{"href":"https:\/\/www.europesays.com\/fr\/wp-json\/wp\/v2\/types\/post"}],"author":[{"embeddable":true,"href":"https:\/\/www.europesays.com\/fr\/wp-json\/wp\/v2\/users\/2"}],"replies":[{"embeddable":true,"href":"https:\/\/www.europesays.com\/fr\/wp-json\/wp\/v2\/comments?post=250706"}],"version-history":[{"count":0,"href":"https:\/\/www.europesays.com\/fr\/wp-json\/wp\/v2\/posts\/250706\/revisions"}],"wp:featuredmedia":[{"embeddable":true,"href":"https:\/\/www.europesays.com\/fr\/wp-json\/wp\/v2\/media\/250707"}],"wp:attachment":[{"href":"https:\/\/www.europesays.com\/fr\/wp-json\/wp\/v2\/media?parent=250706"}],"wp:term":[{"taxonomy":"category","embeddable":true,"href":"https:\/\/www.europesays.com\/fr\/wp-json\/wp\/v2\/categories?post=250706"},{"taxonomy":"post_tag","embeddable":true,"href":"https:\/\/www.europesays.com\/fr\/wp-json\/wp\/v2\/tags?post=250706"}],"curies":[{"name":"wp","href":"https:\/\/api.w.org\/{rel}","templated":true}]}}