{"id":250709,"date":"2025-07-15T03:44:20","date_gmt":"2025-07-15T03:44:20","guid":{"rendered":"https:\/\/www.europesays.com\/fr\/250709\/"},"modified":"2025-07-15T03:44:20","modified_gmt":"2025-07-15T03:44:20","slug":"alex-marquez-ma-blessure-ma-peut-etre-aide-a-ne-pas-tomber","status":"publish","type":"post","link":"https:\/\/www.europesays.com\/fr\/250709\/","title":{"rendered":"\u00c1lex M\u00e1rquez\u00a0:\u00a0\u00ab\u00a0Ma blessure m&rsquo;a peut-\u00eatre aid\u00e9 \u00e0 ne pas tomber\u00a0\u00bb"},"content":{"rendered":"<p>En prenant la huiti\u00e8me place de la course sprint, samedi, de loin son plus faible r\u00e9sultat de l&rsquo;ann\u00e9e dans cet exercice, <a href=\"https:\/\/fr.motorsport.com\/driver\/alex-marquez\/96324\/\" target=\"_blank\" rel=\"noopener\">\u00c1lex M\u00e1rquez<\/a> avait assur\u00e9 que sa r\u00e9cente blessure \u00e0 la main ne devait pas lui servir d&rsquo;excuse. Il est n\u00e9anmoins \u00e9vident, et tout \u00e0 fait logique, que sa condition physique a pes\u00e9 sur son week-end, lui qui a souhait\u00e9 ne manquer aucune \u00e9preuve malgr\u00e9 une fracture \u00e0 l&rsquo;index. Et la performance qu&rsquo;il a livr\u00e9e dimanche n&rsquo;en est que plus admirable.<\/p>\n<p>\u00ab\u00a0Je suis super content\u00a0\u00bb, s&rsquo;est-il f\u00e9licit\u00e9 \u00e0 sa descente du podium, apr\u00e8s avoir re\u00e7u son septi\u00e8me troph\u00e9e cette saison. \u00ab\u00a0C&rsquo;\u00e9tait une journ\u00e9e importante. Quand j&rsquo;ai vu que c&rsquo;\u00e9tait sec, je me suis dit que c&rsquo;\u00e9tait mieux parce qu&rsquo;hier, sous la pluie, j&rsquo;avais eu un peu de mal, je pensais trop \u00e0 ne pas tomber et \u00e0 ne pas faire d&rsquo;erreur. Aujourd&rsquo;hui, j&rsquo;ai mieux pilot\u00e9. Apr\u00e8s ce qui s&rsquo;est pass\u00e9 \u00e0 Assen, \u00eatre deuxi\u00e8me ici me donne beaucoup de confiance et me motive beaucoup.\u00a0\u00bb<\/p>\n<blockquote>\n<p>Cette deuxi\u00e8me place a la saveur d&rsquo;une victoire pour moi.<\/p>\n<\/blockquote>\n<p>La deuxi\u00e8me place qu&rsquo;il a d\u00e9croch\u00e9e derri\u00e8re son fr\u00e8re sonne comme une victoire pour le pilote Gresini. \u00ab\u00a0De toute fa\u00e7on, quand on vient au Sachsenring on s&rsquo;attend \u00e0 ne pas faire mieux que deuxi\u00e8me, c&rsquo;est la r\u00e9alit\u00e9\u00a0!\u00a0\u00bb, a-t-il fait remarquer au site officiel du MotoGP. \u00ab\u00a0Encore une fois, Marc a \u00e9t\u00e9 incroyable aujourd&rsquo;hui. Comme Arag\u00f3n et Austin, celui-ci fait partie de ses circuits. Pour nous, le maximum \u00e9tait de faire deuxi\u00e8me.\u00a0\u00bb<\/p>\n<p>\u00ab\u00a0Et je ne m&rsquo;y attendais pas. Quand j&rsquo;ai commenc\u00e9 la course je me disais que \u00e7a serait bien de faire cinqui\u00e8me, sixi\u00e8me ou septi\u00e8me, plus ou moins comme hier. Mais j&rsquo;\u00e9tais l\u00e0, j&rsquo;ai trouv\u00e9 mes sensations. Je ne pilotais pas tr\u00e8s bien parce que j&rsquo;\u00e9tais vraiment rigide dans les virages \u00e0 gauche et je n&rsquo;aidais pas la moto \u00e0 tourner et \u00e0 prendre du grip. Mais j&rsquo;ai aussi eu un peu de chance\u00a0:\u00a0deux pilotes sont tomb\u00e9s devant moi.\u00a0\u00bb<\/p>\n<p>   <img decoding=\"async\" draggable=\"false\" src=\"https:\/\/www.europesays.com\/fr\/wp-content\/uploads\/2025\/07\/podium-third-place-alex-marque.jpg\" alt=\"\u00c0 mi-saison, \u00c1lex M\u00e1rquez compte sept podiums en course principale et dix en sprint.\" width=\"1200\" height=\"800\" loading=\"lazy\"\/> <\/p>\n<p class=\"title\">\u00c0 mi-saison, \u00c1lex M\u00e1rquez compte sept podiums en course principale et dix en sprint.<\/p>\n<p class=\"photographer\">Photo de: Alexander Trienitz<\/p>\n<p>Longtemps quatri\u00e8me, \u00c1lex M\u00e1rquez a en effet profit\u00e9 des chutes de <a href=\"https:\/\/fr.motorsport.com\/driver\/marco-bezzecchi\/441839\/\" target=\"_blank\" rel=\"noopener\">Marco Bezzecchi<\/a> et <a href=\"https:\/\/fr.motorsport.com\/driver\/fabio-di-giannantonio\/289538\/\" target=\"_blank\" rel=\"noopener\">Fabio Di Giannantonio<\/a>, qui ont lib\u00e9r\u00e9 deux places sur le podium. \u00ab\u00a0Honn\u00eatement, ma blessure m&rsquo;a peut-\u00eatre aid\u00e9 \u00e0 ne pas tomber, parce que je faisais tr\u00e8s attention \u00e0 ne pas chuter et \u00e0 contr\u00f4ler les limites\u00a0\u00bb, a-t-il observ\u00e9.<\/p>\n<p>\u00ab\u00a0Quand on est bless\u00e9, on fait un peu plus attention aux d\u00e9tails. J&rsquo;ai roul\u00e9 de mani\u00e8re moins fluide, en faisant un peu plus attention. \u00c7a m&rsquo;a aid\u00e9. Et quand j&rsquo;ai vu qu&rsquo;ils sont tomb\u00e9s tous les deux, j&rsquo;ai juste essay\u00e9 de garder Pecco [Bagnaia] derri\u00e8re moi parce qu&rsquo;il revenait tr\u00e8s vite. Cette deuxi\u00e8me place a la saveur d&rsquo;une victoire pour moi.\u00a0\u00bb<\/p>\n<p>Le deuxi\u00e8me homme du championnat<\/p>\n<p>\u00ab\u00a0Je suis content d&rsquo;\u00eatre deuxi\u00e8me, et aussi de marquer des points importants pour le <a href=\"https:\/\/fr.motorsport.com\/motogp\/news\/championnat-marc-marquez-impossible-rattraper-10741888\/10741888\/\" target=\"_self\" rel=\"noopener\">championnat<\/a>\u00ab\u00a0,\u00a0a ajout\u00e9 le pilote espagnol. Des 12 points c\u00e9d\u00e9s \u00e0 <a href=\"https:\/\/fr.motorsport.com\/driver\/pecco-bagnaia\/109394\/\" target=\"_blank\" rel=\"noopener\">Pecco Bagnaia<\/a> \u00e0 Assen, \u00c1lex M\u00e1rquez a en effet r\u00e9cup\u00e9r\u00e9 la moiti\u00e9 au cours de ce week-end. Aujourd&rsquo;hui, 64 points les s\u00e9parent au classement g\u00e9n\u00e9ral, alors que l&rsquo;Espagnol appara\u00eet de plus en plus solide au deuxi\u00e8me rang, derri\u00e8re un <a href=\"https:\/\/fr.motorsport.com\/driver\/marc-marquez\/92646\/\" target=\"_blank\" rel=\"noopener\">Marc M\u00e1rquez<\/a> qu&rsquo;on imagine mal \u00eatre rattrap\u00e9 \u00e0 la r\u00e9guli\u00e8re apr\u00e8s la premi\u00e8re moiti\u00e9 de saison impressionnante qu&rsquo;il a r\u00e9alis\u00e9e.<\/p>\n<p>\u00ab\u00a0Je suis tr\u00e8s content. Toutes ces heures pass\u00e9es \u00e0 aller chez le kin\u00e9 et \u00e0 essayer des centaines de machines pour aider l&rsquo;os \u00e0 gu\u00e9rir ont pay\u00e9. Maintenant, je vais faire le maximum pour me remettre et arriver \u00e0 Brno en allant un tout petit peu mieux, ne serait-ce que 5%\u00a0\u00bb, a poursuivi\u00a0\u00c1lex M\u00e1rquez en se tournant vers la derni\u00e8re course au programme avant la pause estivale et qu&rsquo;il va falloir disputer d\u00e8s le week-end \u00e0 venir.<\/p>\n<p>Son programme d&rsquo;ici-l\u00e0\u00a0?\u00a0\u00ab\u00a0Des machines, et surtout beaucoup de glace pour faire baisser l&rsquo;inflammation, car elle a un peu augment\u00e9 ce week-end. Je vais essayer de me donner \u00e0 100% \u00e0 nouveau, de faire tout ce qui est en mon pouvoir pour r\u00e9cup\u00e9rer. Apr\u00e8s, peut-\u00eatre que je vais souffrir un peu plus \u00e0 Brno parce que la vitesse est plus \u00e9lev\u00e9e, qu&rsquo;il y a plus de changements de direction. Je ne sais pas, en tout cas je vais essayer d&rsquo;aller un petit peu mieux pour mieux piloter.\u00a0\u00bb<\/p>\n<p>Lire aussi :<\/p>\n<p>Dans cet article<\/p>\n<p>Soyez le premier inform\u00e9 et souscrivez aux alertes mails pour recevoir les infos en temps r\u00e9el<\/p>\n<p>    S&rsquo;abonner aux alertes de news<\/p>\n","protected":false},"excerpt":{"rendered":"En prenant la huiti\u00e8me place de la course sprint, samedi, de loin son plus faible r\u00e9sultat de l&rsquo;ann\u00e9e&hellip;\n","protected":false},"author":2,"featured_media":250710,"comment_status":"","ping_status":"","sticky":false,"template":"","format":"standard","meta":{"footnotes":""},"categories":[1413],"tags":[1011,27,36254,3452,1457,1456,1458,36255,60,7896],"class_list":{"0":"post-250709","1":"post","2":"type-post","3":"status-publish","4":"format-standard","5":"has-post-thumbnail","7":"category-moto","8":"tag-fr","9":"tag-france","10":"tag-gp-dallemagne","11":"tag-gresini-racing","12":"tag-moto","13":"tag-motocycle","14":"tag-motogp","15":"tag-sachsenring","16":"tag-sports","17":"tag-u00c1lex-mu00e1rquez"},"share_on_mastodon":{"url":"https:\/\/pubeurope.com\/@fr\/114855193066588974","error":""},"_links":{"self":[{"href":"https:\/\/www.europesays.com\/fr\/wp-json\/wp\/v2\/posts\/250709","targetHints":{"allow":["GET"]}}],"collection":[{"href":"https:\/\/www.europesays.com\/fr\/wp-json\/wp\/v2\/posts"}],"about":[{"href":"https:\/\/www.europesays.com\/fr\/wp-json\/wp\/v2\/types\/post"}],"author":[{"embeddable":true,"href":"https:\/\/www.europesays.com\/fr\/wp-json\/wp\/v2\/users\/2"}],"replies":[{"embeddable":true,"href":"https:\/\/www.europesays.com\/fr\/wp-json\/wp\/v2\/comments?post=250709"}],"version-history":[{"count":0,"href":"https:\/\/www.europesays.com\/fr\/wp-json\/wp\/v2\/posts\/250709\/revisions"}],"wp:featuredmedia":[{"embeddable":true,"href":"https:\/\/www.europesays.com\/fr\/wp-json\/wp\/v2\/media\/250710"}],"wp:attachment":[{"href":"https:\/\/www.europesays.com\/fr\/wp-json\/wp\/v2\/media?parent=250709"}],"wp:term":[{"taxonomy":"category","embeddable":true,"href":"https:\/\/www.europesays.com\/fr\/wp-json\/wp\/v2\/categories?post=250709"},{"taxonomy":"post_tag","embeddable":true,"href":"https:\/\/www.europesays.com\/fr\/wp-json\/wp\/v2\/tags?post=250709"}],"curies":[{"name":"wp","href":"https:\/\/api.w.org\/{rel}","templated":true}]}}