{"id":250713,"date":"2025-07-15T03:46:11","date_gmt":"2025-07-15T03:46:11","guid":{"rendered":"https:\/\/www.europesays.com\/fr\/250713\/"},"modified":"2025-07-15T03:46:11","modified_gmt":"2025-07-15T03:46:11","slug":"tdf-tour-de-france-tadej-pogacar-la-visma-a-tente-pas-mal-de-choses-mais","status":"publish","type":"post","link":"https:\/\/www.europesays.com\/fr\/250713\/","title":{"rendered":"TDF. Tour de France &#8211; Tadej Pogacar : \u00abLa Visma a tent\u00e9 pas mal de choses, mais&#8230;\u00bb"},"content":{"rendered":"<p>Pour la premi\u00e8re fois de sa carri\u00e8re, <strong>Tadej Pogacar<\/strong> a perdu \u00e0 deux reprises le maillot de leader sur une m\u00eame course. Hormis cette statistique quelque peu insignifiante, le Slov\u00e8ne de la formation <strong>UAE Team Emirates XRG<\/strong> a pass\u00e9 une bonne journ\u00e9e ce lundi lors de la 10e \u00e9tape du <strong><a href=\"https:\/\/www.cyclismactu.net\/..\/news-tdf-route-tour-de-france-simon-yates-s-offre-10e-etape-ben-healy-prend-maillot-jaune-88952.html\" target=\"_blank\" rel=\"nofollow noopener\">Tour de France<\/a><\/strong>. S&rsquo;il a laiss\u00e9 le Maillot Jaune \u00e0 <strong>Ben Healy<\/strong> (EF Education-EasyPost), le Champion du Monde s&rsquo;est montr\u00e9 solide dans le final. Harcel\u00e9 par la <strong>Visma | Lease a Bike<\/strong> dans les deux derni\u00e8res ascensions, <strong>Pogacar <\/strong>et son \u00e9quipe ont tr\u00e8s bien r\u00e9agi, avant que le Slov\u00e8ne passe lui-m\u00eame \u00e0 l&rsquo;offensive.<\/p>\n<p>Vid\u00e9o &#8211; Jonas Vingegaard \u00e0 l&rsquo;arriv\u00e9e de cette 10e \u00e9tape Lire la suite de l&rsquo;article&#13;<\/p>\n<p>\u00a0<\/p>\n<p>&#13;<br \/>\n\u00ab\u00a0Les mont\u00e9es n\u2019\u00e9taient selon moi pas assez s\u00e9lectives\u00a0\u00bb&#13;<\/p>\n<p>Malgr\u00e9 une attaque fulgurante, <strong>Pogacar <\/strong>n&rsquo;a pas r\u00e9ussi \u00e0 l\u00e2cher son grand rival<strong> Jonas Vingegaard <\/strong>(Visma | Lease a Bike). Une chose rare, mais qui ne semble pas l&rsquo;avoir perturb\u00e9. \u00ab\u00a0J\u2019avais de tr\u00e8s bonnes jambes et l\u2019\u00e9quipe a parfaitement g\u00e9r\u00e9 la course\u00a0\u00bb, a-t-il d\u00e9clar\u00e9 \u00e0 diff\u00e9rents m\u00e9dias \u00e0 l&rsquo;arriv\u00e9e.\u00a0\u00ab\u00a0Au final, il n\u2019y a pas eu de diff\u00e9rence avec Visma | Lease a Bike. Ils ont tent\u00e9 pas mal de choses pendant l\u2019\u00e9tape, mais les mont\u00e9es n\u2019\u00e9taient selon moi pas assez s\u00e9lectives pour cr\u00e9er de vrais \u00e9carts.\u00a0\u00bb<\/p>\n<p>Tour de France &#8211; Classement de la 10\u00e8 \u00e9tape Tour de France &#8211; Classement g\u00e9n\u00e9ral provisoire apr\u00e8s la 10\u00e8 \u00e9tape<\/p>\n","protected":false},"excerpt":{"rendered":"Pour la premi\u00e8re fois de sa carri\u00e8re, Tadej Pogacar a perdu \u00e0 deux reprises le maillot de leader&hellip;\n","protected":false},"author":2,"featured_media":250714,"comment_status":"","ping_status":"","sticky":false,"template":"","format":"standard","meta":{"footnotes":""},"categories":[1411],"tags":[1154,207,211,1011,27,209,60,210,212,208,213],"class_list":{"0":"post-250713","1":"post","2":"type-post","3":"status-publish","4":"format-standard","5":"has-post-thumbnail","7":"category-cyclisme","8":"tag-cycling","9":"tag-cyclisme","10":"tag-ffc","11":"tag-fr","12":"tag-france","13":"tag-route","14":"tag-sports","15":"tag-tour-de-france","16":"tag-uci","17":"tag-velo","18":"tag-world-tour"},"share_on_mastodon":{"url":"https:\/\/pubeurope.com\/@fr\/114855200880049386","error":""},"_links":{"self":[{"href":"https:\/\/www.europesays.com\/fr\/wp-json\/wp\/v2\/posts\/250713","targetHints":{"allow":["GET"]}}],"collection":[{"href":"https:\/\/www.europesays.com\/fr\/wp-json\/wp\/v2\/posts"}],"about":[{"href":"https:\/\/www.europesays.com\/fr\/wp-json\/wp\/v2\/types\/post"}],"author":[{"embeddable":true,"href":"https:\/\/www.europesays.com\/fr\/wp-json\/wp\/v2\/users\/2"}],"replies":[{"embeddable":true,"href":"https:\/\/www.europesays.com\/fr\/wp-json\/wp\/v2\/comments?post=250713"}],"version-history":[{"count":0,"href":"https:\/\/www.europesays.com\/fr\/wp-json\/wp\/v2\/posts\/250713\/revisions"}],"wp:featuredmedia":[{"embeddable":true,"href":"https:\/\/www.europesays.com\/fr\/wp-json\/wp\/v2\/media\/250714"}],"wp:attachment":[{"href":"https:\/\/www.europesays.com\/fr\/wp-json\/wp\/v2\/media?parent=250713"}],"wp:term":[{"taxonomy":"category","embeddable":true,"href":"https:\/\/www.europesays.com\/fr\/wp-json\/wp\/v2\/categories?post=250713"},{"taxonomy":"post_tag","embeddable":true,"href":"https:\/\/www.europesays.com\/fr\/wp-json\/wp\/v2\/tags?post=250713"}],"curies":[{"name":"wp","href":"https:\/\/api.w.org\/{rel}","templated":true}]}}