{"id":250733,"date":"2025-07-15T03:58:12","date_gmt":"2025-07-15T03:58:12","guid":{"rendered":"https:\/\/www.europesays.com\/fr\/250733\/"},"modified":"2025-07-15T03:58:12","modified_gmt":"2025-07-15T03:58:12","slug":"la-maison-de-mode-loro-piana-propriete-de-lvmh-epinglee-pour-exploitation-douvriers-en-italie","status":"publish","type":"post","link":"https:\/\/www.europesays.com\/fr\/250733\/","title":{"rendered":"La maison de mode Loro Piana, propri\u00e9t\u00e9 de LVMH, \u00e9pingl\u00e9e pour exploitation d\u2019ouvriers en Italie"},"content":{"rendered":"<p>        <img decoding=\"async\" loading=\"lazy\" src=\"https:\/\/www.europesays.com\/fr\/wp-content\/uploads\/2025\/07\/ec16b6e_upload-1-ehq4alnfecyv-000-34pm3m4.jpg\"  width=\"728\" height=\"409\" alt=\"La maison de mode Loro Piana, propri\u00e9t\u00e9 de LVMH, \u00e9pingl\u00e9e pour exploitation d\u2019ouvriers en Italie. (Photo d\u2019illustration)\"\/>  <\/p>\n<p>MIGUEL MEDINA \/ AFP<\/p>\n<p>La maison de mode Loro Piana, propri\u00e9t\u00e9 de LVMH, \u00e9pingl\u00e9e pour exploitation d\u2019ouvriers en Italie. (Photo d\u2019illustration)<\/p>\n<p class=\"asset asset-text\">LUXE &#8211; Une nouvelle marque prestigieuse \u00e9pingl\u00e9e en Italie. La maison de mode Loro\u00a0Piana, propri\u00e9t\u00e9 du g\u00e9ant fran\u00e7ais du luxe<a href=\"https:\/\/www.huffingtonpost.fr\/economie\/article\/bernard-arnault-fait-modifier-les-statuts-de-lvmh-pour-rester-encore-plus-longtemps-a-la-tete-du-groupe_248943.html\" target=\"_blank\" rel=\"noopener\"> LVMH<\/a>, a \u00e9t\u00e9 plac\u00e9e sous \u00ab\u00a0administration judiciaire\u00a0\u00bb en Italie pour avoir \u00ab\u00a0facilit\u00e9 par n\u00e9gligence\u00a0\u00bb l\u2019<a href=\"https:\/\/www.huffingtonpost.fr\/international\/video\/en-inde-des-ouvriers-saccagent-une-usine-d-iphones-pour-denoncer-leur-exploitation_174063.html\" target=\"_blank\" rel=\"noopener\">exploitation d\u2019ouvriers<\/a> chez des sous-traitants, selon le verdict du tribunal de Milan, ce lundi 14\u00a0juillet.<\/p>\n<p class=\"asset asset-text\">Cette mesure, d\u2019une dur\u00e9e d\u2019un an, a un objectif \u00ab\u00a0plut\u00f4t de pr\u00e9vention que de r\u00e9pression\u00a0\u00bb afin d\u2019\u00e9viter qu\u2019une entreprise ne soit entra\u00een\u00e9e dans des circuits criminels, selon la m\u00eame source.<\/p>\n<p class=\"asset asset-text\">Dans un communiqu\u00e9, les carabiniers du service de d\u00e9fense des conditions de travail disent avoir \u00ab\u00a0ex\u00e9cut\u00e9 un d\u00e9cret d\u2019administration judiciaire du tribunal de Milan\u00a0\u00bb contre cette maison, r\u00e9put\u00e9e pour ses v\u00eatements en cachemire, jug\u00e9e \u00ab\u00a0incapable d\u2019emp\u00eacher et d\u2019endiguer des ph\u00e9nom\u00e8nes d\u2019exploitation de main-d\u2019\u0153uvre dans le cadre de la production\u00a0\u00bb de ses collections.<\/p>\n<p>    Des ouvriers en situation irr\u00e9guli\u00e8re    <\/p>\n<p class=\"asset asset-text\">Loro\u00a0Piana\u00a0est accus\u00e9e de \u00ab\u00a0ne pas avoir mis en place les mesures ad\u00e9quates pour v\u00e9rifier les conditions r\u00e9elles de travail (&#8230;) des soci\u00e9t\u00e9s sous-traitantes\u00a0\u00bb.<\/p>\n<p class=\"asset asset-text\">Les juges du tribunal de Milan estiment que la direction de\u00a0Loro\u00a0Piana\u00a0a \u00ab\u00a0facilit\u00e9 par n\u00e9gligence\u00a0\u00bb l\u2019exploitation de main-d\u2019\u0153uvre, \u00e0 cause d\u2019une \u00ab\u00a0carence g\u00e9n\u00e9ralis\u00e9e de mod\u00e8les d\u2019organisations et d\u2019un syst\u00e8me d\u2019audit interne d\u00e9faillant\u00a0\u00bb.<\/p>\n<p class=\"asset asset-text\">Selon les enqu\u00eateurs, la maison confiait la confection de v\u00eatements \u00e0 une soci\u00e9t\u00e9 d\u00e9pourvue de toute capacit\u00e9 productive, laquelle recourait elle-m\u00eame \u00e0 une autre soci\u00e9t\u00e9, qui \u00e0 son tour faisait appel \u00e0 des ateliers employant des ouvriers chinois en Italie pour faire baisser ses co\u00fbts.<\/p>\n<p class=\"asset asset-text\">Dans ces ateliers \u00e9taient exploit\u00e9s des ouvriers en situation irr\u00e9guli\u00e8re sans respecter la l\u00e9gislation sur la sant\u00e9 et la s\u00e9curit\u00e9 sur le lieu de travail, notamment pour \u00ab\u00a0les salaires, les horaires de travail, les pauses et les vacances\u00a0\u00bb.<\/p>\n<p>                     Plainte d\u2019un ouvrier chinois pass\u00e9 \u00e0 tabac    <\/p>\n<p class=\"asset asset-text\">L\u2019enqu\u00eate a d\u00e9but\u00e9 en mai dernier apr\u00e8s la plainte d\u2019un ouvrier chinois pass\u00e9 \u00e0 tabac par son patron parce qu\u2019il r\u00e9clamait le paiement de ses arri\u00e9r\u00e9s de salaires.<\/p>\n<p class=\"asset asset-text\">Les carabiniers ont constat\u00e9 que des ouvriers \u00e9taient log\u00e9s dans des \u00ab\u00a0dortoirs construits abusivement et dans des conditions hygi\u00e9niques et sanitaires en dessous du minimum \u00e9thique\u00a0\u00bb.<\/p>\n<p class=\"asset asset-text\">Deux ressortissants chinois propri\u00e9taires d\u2019ateliers ont \u00e9t\u00e9 d\u00e9f\u00e9r\u00e9s devant la justice pour exploitation de main-d\u2019\u0153uvre, ainsi que deux Italiens pour violations des normes sur la sant\u00e9 et la s\u00e9curit\u00e9 sur le lieu de travail. Sept ouvriers d\u00e9pourvus de titres de s\u00e9jours ont aussi \u00e9t\u00e9 renvoy\u00e9s devant la justice.<\/p>\n<p class=\"asset asset-text\">Le tribunal a aussi inflig\u00e9 des amendes d\u2019un montant de plus de 181\u00a0000\u00a0euros et des sanctions administratives d\u2019environ 60\u00a0000\u00a0euros.<\/p>\n<p class=\"asset asset-text\">Les activit\u00e9s de deux ateliers chinois ont en outre \u00e9t\u00e9 suspendues \u00ab\u00a0pour violations graves en mati\u00e8re de s\u00e9curit\u00e9 et recours au travail au noir\u00a0\u00bb.<\/p>\n<p>    Loro\u00a0Piana \u00ab\u00a0pas au courant\u00a0\u00bb des activit\u00e9s de son sous-traitant    <\/p>\n<p class=\"asset asset-text\">Dans un communiqu\u00e9 parvenu lundi soir \u00e0 l\u2019AFP, Loro\u00a0Piana\u00a0affirme ne pas avoir \u00e9t\u00e9 au courant des activit\u00e9s de son sous-traitant et quand la soci\u00e9t\u00e9 a \u00e9t\u00e9 inform\u00e9e, le 20\u00a0mai dernier, \u00ab\u00a0elle a interrompu tout rapport avec le fournisseur concern\u00e9 en moins de 24\u00a0heures\u00a0\u00bb.<\/p>\n<p class=\"asset asset-text\">\u00ab\u00a0Loro\u00a0Piana\u00a0condamne fermement toute pratique ill\u00e9gale et r\u00e9it\u00e8re son engagement continu dans la protection des droits humains\u00a0\u00bb, selon la m\u00eame source.<\/p>\n<p class=\"asset asset-text\">Loro\u00a0Piana\u00a0avait \u00e9t\u00e9 achet\u00e9 par LVMH en 2013. L\u2019actuel pr\u00e9sident de la soci\u00e9t\u00e9 est Antoine Arnault, fils a\u00een\u00e9 de Bernard Arnault, patron de LVMH, dont un autre fils, Fr\u00e9d\u00e9ric, est directeur g\u00e9n\u00e9ral de cette filiale italienne.<\/p>\n<p class=\"asset asset-text\">Plusieurs prestigieuses maisons de mode, dont Armani, ont d\u00e9j\u00e0 \u00e9t\u00e9 \u00e9pingl\u00e9es par la justice italienne dans des affaires similaires. L\u2019autorit\u00e9 italienne de la concurrence a ainsi contraint en mai la marque de luxe Dior, appartenant \u00e9galement \u00e0 LVMH, \u00e0 verser deux millions d\u2019euros d\u2019aide aux \u00ab\u00a0victimes d\u2019exploitation\u00a0\u00bb dans le cadre d\u2019une enqu\u00eate sur les conditions de travail de ses sous-traitants. L\u2019autorit\u00e9 avait toutefois exclu toute \u00ab\u00a0infraction\u00a0\u00bb.<\/p>\n","protected":false},"excerpt":{"rendered":"MIGUEL MEDINA \/ AFP La maison de mode Loro Piana, propri\u00e9t\u00e9 de LVMH, \u00e9pingl\u00e9e pour exploitation d\u2019ouvriers en&hellip;\n","protected":false},"author":2,"featured_media":250734,"comment_status":"","ping_status":"","sticky":false,"template":"","format":"standard","meta":{"footnotes":""},"categories":[6],"tags":[35,33,34,1011,27,14,452,2425,7484,985],"class_list":{"0":"post-250733","1":"post","2":"type-post","3":"status-publish","4":"format-standard","5":"has-post-thumbnail","7":"category-economie","8":"tag-business","9":"tag-economie","10":"tag-economy","11":"tag-fr","12":"tag-france","13":"tag-international","14":"tag-italie","15":"tag-luxe","16":"tag-lvmh","17":"tag-mode"},"share_on_mastodon":{"url":"","error":""},"_links":{"self":[{"href":"https:\/\/www.europesays.com\/fr\/wp-json\/wp\/v2\/posts\/250733","targetHints":{"allow":["GET"]}}],"collection":[{"href":"https:\/\/www.europesays.com\/fr\/wp-json\/wp\/v2\/posts"}],"about":[{"href":"https:\/\/www.europesays.com\/fr\/wp-json\/wp\/v2\/types\/post"}],"author":[{"embeddable":true,"href":"https:\/\/www.europesays.com\/fr\/wp-json\/wp\/v2\/users\/2"}],"replies":[{"embeddable":true,"href":"https:\/\/www.europesays.com\/fr\/wp-json\/wp\/v2\/comments?post=250733"}],"version-history":[{"count":0,"href":"https:\/\/www.europesays.com\/fr\/wp-json\/wp\/v2\/posts\/250733\/revisions"}],"wp:featuredmedia":[{"embeddable":true,"href":"https:\/\/www.europesays.com\/fr\/wp-json\/wp\/v2\/media\/250734"}],"wp:attachment":[{"href":"https:\/\/www.europesays.com\/fr\/wp-json\/wp\/v2\/media?parent=250733"}],"wp:term":[{"taxonomy":"category","embeddable":true,"href":"https:\/\/www.europesays.com\/fr\/wp-json\/wp\/v2\/categories?post=250733"},{"taxonomy":"post_tag","embeddable":true,"href":"https:\/\/www.europesays.com\/fr\/wp-json\/wp\/v2\/tags?post=250733"}],"curies":[{"name":"wp","href":"https:\/\/api.w.org\/{rel}","templated":true}]}}