{"id":250735,"date":"2025-07-15T03:59:12","date_gmt":"2025-07-15T03:59:12","guid":{"rendered":"https:\/\/www.europesays.com\/fr\/250735\/"},"modified":"2025-07-15T03:59:12","modified_gmt":"2025-07-15T03:59:12","slug":"un-criminel-de-guerre-au-defile-du-14-juillet-linquietant-discours-aux-armees-demmanuel-macron-donald-trump-face-a-la-fronde-de-sa-base-maga-mort-de-thierry-ardisson","status":"publish","type":"post","link":"https:\/\/www.europesays.com\/fr\/250735\/","title":{"rendered":"Un criminel de guerre au d\u00e9fil\u00e9 du 14\u00a0juillet, l\u2019inqui\u00e9tant discours aux arm\u00e9es d\u2019Emmanuel Macron, Donald Trump face \u00e0 la fronde de sa base MAGA, mort de Thierry Ardisson\u2026 Ce qu\u2019il ne fallait pas manquer ce week-end"},"content":{"rendered":"<p><strong>Emmanuel Macron veut une France surarm\u00e9e<\/strong><\/p>\n<p>Lors d\u2019un inqui\u00e9tant discours aux arm\u00e9es, Emmanuel Macron a \u00e9voqu\u00e9 une \u00ab\u00a0menace russe\u00a0\u00bb pour justifier une hausse du budget de la D\u00e9fense \u00e0 64\u00a0milliards d\u2019euros en 2027. Il a appel\u00e9 \u00e0 \u00ab\u00a0l\u2019effort de toute la nation pour la d\u00e9fense de tous les Fran\u00e7ais\u00a0\u00bb.<\/p>\n<p><strong>Prabowo Subianto, le pr\u00e9sident indon\u00e9sien invit\u00e9 d\u2019horreur du 14\u00a0juillet<\/strong><\/p>\n<p>Pr\u00e9sent au d\u00e9fil\u00e9 militaire de la F\u00eate nationale aux c\u00f4t\u00e9s d\u2019Emmanuel Macron, le pr\u00e9sident indon\u00e9sien est aussi un ancien g\u00e9n\u00e9ral de l\u2019arm\u00e9e et criminel de guerre, responsable de plusieurs massacres de civils.<\/p>\n<p><strong>Donald Trump face \u00e0 la fronde de sa base MAGA<\/strong><\/p>\n<p>Affaire Epstein, livraison d\u2019armes \u00e0 l\u2019Ukraine et chasse aux migrants\u00a0: sur ces trois dossiers, la frange populiste de la coalition r\u00e9publicaine reproche au pr\u00e9sident d\u2019avoir renonc\u00e9 \u00e0 ses engagements de campagne.<\/p>\n<p><strong>Mort de Thierry Ardisson, \u00ab\u00a0l\u2019homme en noir\u00a0\u00bb fascin\u00e9 par l\u2019extr\u00eame droite et la violence<\/strong><\/p>\n<p>Apr\u00e8s avoir marqu\u00e9 de son empreinte, souvent pour le pire, la t\u00e9l\u00e9vision fran\u00e7aise, l\u2019animateur et producteur Thierry Ardisson est d\u00e9c\u00e9d\u00e9 ce 14\u00a0juillet.<\/p>\n<p><strong>Football\u00a0: les Bleues se qualifient en quart de finale de l\u2019Euro<\/strong><\/p>\n<p>Victorieuse par 5 buts \u00e0 2 face aux Pays-Bas, l\u2019\u00e9quipe de France termine premi\u00e8re de son groupe, avec trois succ\u00e8s, et d\u00e9fiera l\u2019Allemagne en quart de finale de l\u2019Euro en Suisse, samedi prochain.<\/p>\n<p><strong>Gis\u00e8le Pelicot, Sophia Aram, Jean-Louis Aubert\u2026 Qui sont les nomm\u00e9s dans la promotion du 14-Juillet de la L\u00e9gion d\u2019honneur<\/strong><\/p>\n<p>L\u2019historienne Mona Ozouf et la nouvelle figure mondiale du combat f\u00e9ministe Gis\u00e8le Pelicot font partie des personnalit\u00e9s distingu\u00e9es dans la promotion de la L\u00e9gion d\u2019honneur du 14-Juillet, selon un d\u00e9cret publi\u00e9 dimanche au Journal officiel.<\/p>\n<p><strong>Et aussi\u00a0:<\/strong><\/p>\n<p><a href=\"https:\/\/www.humanite.fr\/en-debat\/bastille\/comment-la-marseillaise-est-devenue-lhymne-national\" rel=\"nofollow noopener\" target=\"_blank\">Comment \u00ab\u00a0La Marseillaise\u00a0\u00bb est devenue l\u2019hymne national\u00a0?<\/a><\/p>\n<p>Le 1er \u00e9pisode de \u00ab\u00a0(Re) faire la une\u00a0\u00bb\u00a0: le 14\u00a0juillet, un jour de f\u00eate mais aussi de honte nationale, <a href=\"https:\/\/www.humanite.fr\/histoire\/14-juillet-1953\/14-juillet-un-jour-de-fete-et-aussi-de-honte-nationale-pour-la-france-refaire-la-une\" rel=\"nofollow noopener\" target=\"_blank\">que s\u2019est-il pass\u00e9 le 14\u00a0juillet 1953\u00a0?<\/a><\/p>\n<p>Notre enqu\u00eate sur le mini-Puy du Fou mont\u00e9 avec <a href=\"https:\/\/www.humanite.fr\/politique\/extreme-droite\/murmures-de-la-cite-a-moulins-lhumanite-a-assiste-au-spectacle-du-mini-puy-du-fou-et-cest-encore-pire-que-prevu\" rel=\"nofollow noopener\" target=\"_blank\">l\u2019aide du milliardaire Pierre-\u00c9douard St\u00e9rin\u2026 et des subventions publiques<\/a><\/p>\n<p>Basket U19\u00a0: <a href=\"https:\/\/www.humanite.fr\/sports\/basket\/basket-u19-quand-lequipe-du-mali-se-voit-privee-de-visa-et-de-coupe-du-monde-par-la-republique-tcheque\" rel=\"nofollow noopener\" target=\"_blank\">quand l\u2019\u00e9quipe du Mali se voit priv\u00e9e de visa et de Coupe du monde par la R\u00e9publique tch\u00e8que<\/a><\/p>\n<p>Urgence pour l\u2019Humanit\u00e9<br \/>Votre don peut tout changer<\/p>\n<p>Faites vivre un m\u00e9dia libre et engag\u00e9, toujours du c\u00f4t\u00e9 de celles et ceux qui luttent<br \/><a href=\"https:\/\/abonnement.humanite.fr\/don-humanite\/\" data-type=\"link\" data-id=\"https:\/\/stage.preprod.humanite.fr\/lhumanite-cest-vous\" rel=\"nofollow noopener\" target=\"_blank\">Je veux en savoir plus<\/a><\/p>\n","protected":false},"excerpt":{"rendered":"Emmanuel Macron veut une France surarm\u00e9e Lors d\u2019un inqui\u00e9tant discours aux arm\u00e9es, Emmanuel Macron a \u00e9voqu\u00e9 une \u00ab\u00a0menace&hellip;\n","protected":false},"author":2,"featured_media":250736,"comment_status":"","ping_status":"","sticky":false,"template":"","format":"standard","meta":{"footnotes":""},"categories":[5],"tags":[11,1073,1011,27,14,12,28],"class_list":{"0":"post-250735","1":"post","2":"type-post","3":"status-publish","4":"format-standard","5":"has-post-thumbnail","7":"category-international","8":"tag-actualites","9":"tag-emmanuel-macron","10":"tag-fr","11":"tag-france","12":"tag-international","13":"tag-news","14":"tag-world"},"share_on_mastodon":{"url":"https:\/\/pubeurope.com\/@fr\/114855251951241766","error":""},"_links":{"self":[{"href":"https:\/\/www.europesays.com\/fr\/wp-json\/wp\/v2\/posts\/250735","targetHints":{"allow":["GET"]}}],"collection":[{"href":"https:\/\/www.europesays.com\/fr\/wp-json\/wp\/v2\/posts"}],"about":[{"href":"https:\/\/www.europesays.com\/fr\/wp-json\/wp\/v2\/types\/post"}],"author":[{"embeddable":true,"href":"https:\/\/www.europesays.com\/fr\/wp-json\/wp\/v2\/users\/2"}],"replies":[{"embeddable":true,"href":"https:\/\/www.europesays.com\/fr\/wp-json\/wp\/v2\/comments?post=250735"}],"version-history":[{"count":0,"href":"https:\/\/www.europesays.com\/fr\/wp-json\/wp\/v2\/posts\/250735\/revisions"}],"wp:featuredmedia":[{"embeddable":true,"href":"https:\/\/www.europesays.com\/fr\/wp-json\/wp\/v2\/media\/250736"}],"wp:attachment":[{"href":"https:\/\/www.europesays.com\/fr\/wp-json\/wp\/v2\/media?parent=250735"}],"wp:term":[{"taxonomy":"category","embeddable":true,"href":"https:\/\/www.europesays.com\/fr\/wp-json\/wp\/v2\/categories?post=250735"},{"taxonomy":"post_tag","embeddable":true,"href":"https:\/\/www.europesays.com\/fr\/wp-json\/wp\/v2\/tags?post=250735"}],"curies":[{"name":"wp","href":"https:\/\/api.w.org\/{rel}","templated":true}]}}