{"id":250737,"date":"2025-07-15T04:00:15","date_gmt":"2025-07-15T04:00:15","guid":{"rendered":"https:\/\/www.europesays.com\/fr\/250737\/"},"modified":"2025-07-15T04:00:15","modified_gmt":"2025-07-15T04:00:15","slug":"notre-maison-etait-encerclee-par-le-feu","status":"publish","type":"post","link":"https:\/\/www.europesays.com\/fr\/250737\/","title":{"rendered":"notre maison \u00e9tait encercl\u00e9e par le feu"},"content":{"rendered":"<p>            Par<br \/>\n        <strong><br \/>\n            <a href=\"https:\/\/actu.fr\/auteur\/carine-robinault\" title=\"Consulter tous les articles de Carine Robinault\" target=\"_blank\" rel=\"noopener\">Carine Robinault<\/a><br \/>\n        <\/strong><\/p>\n<p>        Publi\u00e9 le<\/p>\n<p>            14 juil. 2025 \u00e0 18h33        <\/p>\n<p>\u00ab\u2009On a eu peur de tout perdre.\u2009\u00bb S\u2019ils sont bien conscients que \u00ab\u2009les d\u00e9g\u00e2ts ne sont que mat\u00e9riels\u2009\u00bb, les propri\u00e9taires d\u2019une maison situ\u00e9e au lieu-dit Les Eclanchelleries, \u00e0 <a href=\"https:\/\/actu.fr\/pays-de-la-loire\/saint-maixent_72296\" target=\"_blank\" rel=\"noopener\">Saint-Maixent<\/a>, ont cru \u00ab\u2009que notre maison allait br\u00fbler \u00bb, samedi 12 juillet 2025, apr\u00e8s l\u2019incendie qui s\u2019est d\u00e9clar\u00e9 dans un champ attenant \u00e0 leur habitation.<\/p>\n<p>\u00ab\u00a0C\u2019est comme si on jetait des verres d\u2019eau\u00a0\u00bb : le feu encercle leur maison<\/p>\n<p class=\" wall-content\">Il \u00e9tait aux alentours de 16\u2009h\u200930 lorsque les \u00e9poux profitaient de la belle journ\u00e9e ensoleill\u00e9e sur leur terrasse. \u00ab\u2009On a entendu le tracteur s\u2019arr\u00eater. Puis, le monsieur qui faisait son foin, crier. Je me suis retourn\u00e9, et j\u2019ai vu <b>une colonne de feu<\/b>\u2009\u00bb, rapporte le p\u00e8re de famille.<\/p>\n<p class=\" wall-content\">Dans le pr\u00e9 voisin, des andains (des rang\u00e9es d\u2019herbe, ndlr), en vue de faire des ballots de foin, sont en cours de constitution.<\/p>\n<p class=\" wall-content\">\u00ab\u2009Tout de suite, j\u2019ai couru pour raccorder mon tuyau d\u2019arrosage au robinet de l\u2019\u00e9vier de notre cuisine pour arroser notre haie. Et on remplissait des seaux pour les jeter, mais c\u2019est comme si on jetait des verres d\u2019eau\u2009\u00bb, admet le trentenaire. Dans l\u2019entre-fait, son \u00e9pouse contacte les sapeurs-pompiers.<\/p>\n<blockquote class=\"ac-article-quote wall-content\">\n<p>Avec mon fils de 16 ans, on a \u00e9loign\u00e9 les andains vers le centre du pr\u00e9, pour que le feu ne se propage pas \u00e0 notre haie de thuyas et de sapins, sinon, c\u2019\u00e9tait fichu ! On a d\u00e9tourn\u00e9 le feu en fait.<\/p>\n<p>Le propri\u00e9taire de la maison<\/p><\/blockquote>\n<p>Vid\u00e9os : en ce moment sur Actu3 hectares ont br\u00fbl\u00e9 ; le sang-froid d\u2019un couple et leur fils de 16 ans<\/p>\n<p class=\" wall-content\">Le mari raccorde \u00e9galement des tuyaux au puits de l\u2019habitation, \u00ab\u00a0le temps que les pompiers arrivent\u00a0\u00bb.<\/p>\n<p class=\" wall-content\">En quelques minutes, <b>l\u2019incendie se propage<\/b> \u00e0 l\u2019ensemble du champ. Au total, pr\u00e8s de 3 hectares auront br\u00fbl\u00e9.<\/p>\n<p class=\" wall-content\">\u00ab\u00a0Notre maison \u00e9tait encercl\u00e9e par le feu ! Il est venu \u00e0 vingt m\u00e8tres \u00e0 peine ! Selon le chef des pompiers, on l\u2019a sauv\u00e9e gr\u00e2ce aux premiers gestes de mon mari, \u00e0 sa pr\u00e9sence d\u2019esprit\u00a0\u00bb, admet la ma\u00eetresse de maison.\u00a0<\/p>\n<p class=\" wall-content\">Tous deux saluent \u00e9galement le comportement exemplaire de leur fils, \u00e2g\u00e9 de 16 ans. \u00ab\u00a0Il a fait preuve de sang froid, il a \u00e9t\u00e9 incroyable, \u00e0 nous aider, guider les pompiers !\u00a0\u00bb<\/p>\n<p>\u00ab\u00a0On le sait mais ce sont vraiment des h\u00e9ros\u00a0\u00bb\u00a0<\/p>\n<p class=\" wall-content\">Des agriculteurs voisins sont de leur c\u00f4t\u00e9 intervenus pour cr\u00e9er des lignes de terre, \u00ab\u00a0pour stopper le feu parce qu\u2019il y a une autre maison un peu plus loin\u00a0\u00bb.<\/p>\n<p>    <img   decoding=\"async\" loading=\"lazy\" class=\"size-large\" src=\"https:\/\/www.europesays.com\/fr\/wp-content\/uploads\/2025\/07\/92b7563f2578676b7563f25784ab75v-960x640.jpg\" alt=\"La famille a eu tr\u00e8s peur en voyant les flammes encercler leur habitation : \" le=\"\" feu=\"\" vingt=\"\" m=\"\" peine=\"\" de=\"\" la=\"\" maison=\"\" width=\"960\" height=\"640\"\/><br \/>\n    La famille a eu tr\u00e8s peur en voyant les flammes encercler leur habitation : \u00ab\u00a0le feu \u00e9tait \u00e0 vingt m\u00e8tres \u00e0 peine de la maison!\u00a0\u00bb \u00a9Photo transmise \u00e0 la r\u00e9daction<\/p>\n<p class=\" wall-content\">Sans oublier de saluer les hommes du feu, une trentaine, venus de plusieurs centres de secours (Saint-Maixent, Tuff\u00e9 Val de la Ch\u00e9ronne, Montmirail, Vibraye, Gr\u00e9ez-sur-Roc ou encore Montfort-le-Gesnois, au plus fort du feu).<\/p>\n<p class=\" wall-content\">\u00ab\u00a0On les voit tous les ans pour les calendriers, et on se dit pourvu qu\u2019on n\u2019ai jamais besoin d\u2019eux. On le sait, mais ce sont vraiment des h\u00e9ros\u00a0\u00bb, l\u00e2che la quadrag\u00e9naire.<\/p>\n<p class=\" wall-content\">Suivez toute l\u2019actualit\u00e9 de vos villes et m\u00e9dias favoris en vous inscrivant \u00e0 <a href=\"https:\/\/moncompte.actu.fr\" title=\"D\u00e9couvez Mon Actu\" rel=\"nofollow noopener\" data-trk=\"{&quot;cta&quot;:{&quot;action&quot;:&quot;https:\\\/\\\/moncompte.actu.fr&quot;,&quot;category&quot;:&quot;mon compte&quot;,&quot;from&quot;:&quot;article footer&quot;,&quot;name&quot;:&quot;Mon actu&quot;,&quot;type&quot;:&quot;cta&quot;}}\" target=\"_blank\">Mon Actu<\/a>.<\/p>\n","protected":false},"excerpt":{"rendered":"Par Carine Robinault Publi\u00e9 le 14 juil. 2025 \u00e0 18h33 \u00ab\u2009On a eu peur de tout perdre.\u2009\u00bb S\u2019ils&hellip;\n","protected":false},"author":2,"featured_media":250738,"comment_status":"","ping_status":"","sticky":false,"template":"","format":"standard","meta":{"footnotes":""},"categories":[4],"tags":[11,118,1011,27,1310,12,25,240],"class_list":{"0":"post-250737","1":"post","2":"type-post","3":"status-publish","4":"format-standard","5":"has-post-thumbnail","7":"category-france","8":"tag-actualites","9":"tag-faits-divers","10":"tag-fr","11":"tag-france","12":"tag-incendie","13":"tag-news","14":"tag-republique-francaise","15":"tag-temoignage"},"share_on_mastodon":{"url":"","error":""},"_links":{"self":[{"href":"https:\/\/www.europesays.com\/fr\/wp-json\/wp\/v2\/posts\/250737","targetHints":{"allow":["GET"]}}],"collection":[{"href":"https:\/\/www.europesays.com\/fr\/wp-json\/wp\/v2\/posts"}],"about":[{"href":"https:\/\/www.europesays.com\/fr\/wp-json\/wp\/v2\/types\/post"}],"author":[{"embeddable":true,"href":"https:\/\/www.europesays.com\/fr\/wp-json\/wp\/v2\/users\/2"}],"replies":[{"embeddable":true,"href":"https:\/\/www.europesays.com\/fr\/wp-json\/wp\/v2\/comments?post=250737"}],"version-history":[{"count":0,"href":"https:\/\/www.europesays.com\/fr\/wp-json\/wp\/v2\/posts\/250737\/revisions"}],"wp:featuredmedia":[{"embeddable":true,"href":"https:\/\/www.europesays.com\/fr\/wp-json\/wp\/v2\/media\/250738"}],"wp:attachment":[{"href":"https:\/\/www.europesays.com\/fr\/wp-json\/wp\/v2\/media?parent=250737"}],"wp:term":[{"taxonomy":"category","embeddable":true,"href":"https:\/\/www.europesays.com\/fr\/wp-json\/wp\/v2\/categories?post=250737"},{"taxonomy":"post_tag","embeddable":true,"href":"https:\/\/www.europesays.com\/fr\/wp-json\/wp\/v2\/tags?post=250737"}],"curies":[{"name":"wp","href":"https:\/\/api.w.org\/{rel}","templated":true}]}}