{"id":250742,"date":"2025-07-15T04:03:10","date_gmt":"2025-07-15T04:03:10","guid":{"rendered":"https:\/\/www.europesays.com\/fr\/250742\/"},"modified":"2025-07-15T04:03:10","modified_gmt":"2025-07-15T04:03:10","slug":"nous-ne-sommes-plus-dans-cette-course-a-la-remuneration","status":"publish","type":"post","link":"https:\/\/www.europesays.com\/fr\/250742\/","title":{"rendered":"\u00ab\u00a0Nous ne sommes plus dans cette course \u00e0 la r\u00e9mun\u00e9ration\u00a0\u00bb"},"content":{"rendered":"<p>Depuis l\u2019entr\u00e9e en vigueur du plafonnement des r\u00e9mun\u00e9rations de l\u2019int\u00e9rim m\u00e9dical avec la loi Rist, la Clinique mutualiste a d\u00fb, elle aussi, composer avec cette nouvelle donne.<\/p>\n<p>\u00ab\u00a0Nous avons retravaill\u00e9 notre attractivit\u00e9 en proposant du sur-mesure, de la souplesse, avec du temps partiel, des CDD, des CDI et une r\u00e9mun\u00e9ration \u00e9quitable entre tous\u00a0\u00bb, r\u00e9sume Karima Tatah, directrice de l\u2019\u00e9tablissement.<\/p>\n<p>Par le pass\u00e9, l\u2019\u00e9tablissement avait eu recours&#8230;<\/p>\n","protected":false},"excerpt":{"rendered":"Depuis l\u2019entr\u00e9e en vigueur du plafonnement des r\u00e9mun\u00e9rations de l\u2019int\u00e9rim m\u00e9dical avec la loi Rist, la Clinique mutualiste&hellip;\n","protected":false},"author":2,"featured_media":250743,"comment_status":"","ping_status":"","sticky":false,"template":"","format":"standard","meta":{"footnotes":""},"categories":[9653],"tags":[1111,11,2430,7539,341,1777,674,1011,27,3367,12,25,4001,7538,71],"class_list":{"0":"post-250742","1":"post","2":"type-post","3":"status-publish","4":"format-standard","5":"has-post-thumbnail","7":"category-saint-etienne","8":"tag-actu","9":"tag-actualites","10":"tag-auvergne-rhone-alpes","11":"tag-edition-loire-sud","12":"tag-emploi","13":"tag-eu","14":"tag-europe","15":"tag-fr","16":"tag-france","17":"tag-loire","18":"tag-news","19":"tag-republique-francaise","20":"tag-saint-etienne","21":"tag-saint-etienne-ville","22":"tag-sante"},"share_on_mastodon":{"url":"https:\/\/pubeurope.com\/@fr\/114855267760625064","error":""},"_links":{"self":[{"href":"https:\/\/www.europesays.com\/fr\/wp-json\/wp\/v2\/posts\/250742","targetHints":{"allow":["GET"]}}],"collection":[{"href":"https:\/\/www.europesays.com\/fr\/wp-json\/wp\/v2\/posts"}],"about":[{"href":"https:\/\/www.europesays.com\/fr\/wp-json\/wp\/v2\/types\/post"}],"author":[{"embeddable":true,"href":"https:\/\/www.europesays.com\/fr\/wp-json\/wp\/v2\/users\/2"}],"replies":[{"embeddable":true,"href":"https:\/\/www.europesays.com\/fr\/wp-json\/wp\/v2\/comments?post=250742"}],"version-history":[{"count":0,"href":"https:\/\/www.europesays.com\/fr\/wp-json\/wp\/v2\/posts\/250742\/revisions"}],"wp:featuredmedia":[{"embeddable":true,"href":"https:\/\/www.europesays.com\/fr\/wp-json\/wp\/v2\/media\/250743"}],"wp:attachment":[{"href":"https:\/\/www.europesays.com\/fr\/wp-json\/wp\/v2\/media?parent=250742"}],"wp:term":[{"taxonomy":"category","embeddable":true,"href":"https:\/\/www.europesays.com\/fr\/wp-json\/wp\/v2\/categories?post=250742"},{"taxonomy":"post_tag","embeddable":true,"href":"https:\/\/www.europesays.com\/fr\/wp-json\/wp\/v2\/tags?post=250742"}],"curies":[{"name":"wp","href":"https:\/\/api.w.org\/{rel}","templated":true}]}}