{"id":250744,"date":"2025-07-15T04:04:31","date_gmt":"2025-07-15T04:04:31","guid":{"rendered":"https:\/\/www.europesays.com\/fr\/250744\/"},"modified":"2025-07-15T04:04:31","modified_gmt":"2025-07-15T04:04:31","slug":"pont-a-mousson-appel-a-candidatures-pour-un-dispositif-daccompagnement-dentreprises-recentes","status":"publish","type":"post","link":"https:\/\/www.europesays.com\/fr\/250744\/","title":{"rendered":"Pont-\u00e0-Mousson. Appel \u00e0 candidatures pour un dispositif d\u2019accompagnement d\u2019entreprises r\u00e9centes"},"content":{"rendered":"<p>Le premier atelier \u00ab\u00a0Coh\u00e9sion et posture\u00a0\u00bb se tiendra d\u00e8s le 8\u00a0septembre. L\u2019appel \u00e0 candidatures est donc lanc\u00e9, cet \u00e9t\u00e9, pour constituer <a href=\"https:\/\/www.estrepublicain.fr\/economie\/2022\/04\/13\/une-premiere-reunion-de-bilan-pour-le-dispositif-crealab-val-up\" target=\"_blank\" rel=\"noopener\">la cinqui\u00e8me promotion de Cr\u00e9alab \u00ab\u00a0Val\u2019Up\u00a0\u00bb<\/a>. Il s\u2019agit d\u2019un programme d\u2019accompagnement destin\u00e9 \u00e0 une dizaine\/douzaine de chefs d\u2019entreprise qui se tiendra du 8\u00a0septembre au 8\u00a0d\u00e9cembre 2025 et comprendra cinq ateliers.<\/p>\n<p>Il s\u2019adresse \u00e0 des cr\u00e9ateurs d\u2019entreprise de 0 \u00e0 3 ans ou en cours d\u2019immatriculation. Il s\u2019agit \u00e9galement d\u2019\u00eatre implant\u00e9 sur le Val de Lorraine et d\u2019apporter \u00ab\u00a0un impact positif sur le territoire\u00a0\u00bb. Les projets en territoires ruraux ou avec un aspect environnemental sont particuli\u00e8rement vis\u00e9s.<\/p>\n<p>L\u2019objectif est de \u00ab\u00a0s\u2019informer, appr\u00e9hender certaines th\u00e9matiques et se cr\u00e9er un r\u00e9seau\u00a0\u00bb. Les ateliers se tiendront successivement dans diff\u00e9rentes communes du Val de Lorraine.<\/p>\n<p>Ce dispositif est enti\u00e8rement gratuit pour les participants. Il est financ\u00e9 par la R\u00e9gion et le PETR du Val de Lorraine. Il est mis en \u0153uvre sur le territoire <a href=\"https:\/\/www.estrepublicain.fr\/economie\/2025\/04\/25\/il-ne-faut-pas-se-tromper-ni-aller-trop-vite-bien-accompagne-en-matiere-de-creation-il-a-ose-lancer-sa-propre-entreprise\" target=\"_blank\" rel=\"noopener\">par Alaca,<\/a> Carep, Initiative Val de Lorraine.<\/p>\n<p class=\"note\">Pour candidater\u00a0: cela se passe par mail via crealab@initiative-valdelorraine.fr, d\u00e9p\u00f4t des dossiers jusqu\u2019au 18\u00a0ao\u00fbt.<\/p>\n","protected":false},"excerpt":{"rendered":"Le premier atelier \u00ab\u00a0Coh\u00e9sion et posture\u00a0\u00bb se tiendra d\u00e8s le 8\u00a0septembre. L\u2019appel \u00e0 candidatures est donc lanc\u00e9, cet&hellip;\n","protected":false},"author":2,"featured_media":250745,"comment_status":"","ping_status":"","sticky":false,"template":"","format":"standard","meta":{"footnotes":""},"categories":[9635],"tags":[1111,11,33,1706,1777,674,1011,27,775,1702,12,10422,10423,25],"class_list":{"0":"post-250744","1":"post","2":"type-post","3":"status-publish","4":"format-standard","5":"has-post-thumbnail","7":"category-nancy","8":"tag-actu","9":"tag-actualites","10":"tag-economie","11":"tag-edition-pont-a-mousson","12":"tag-eu","13":"tag-europe","14":"tag-fr","15":"tag-france","16":"tag-grand-est","17":"tag-nancy","18":"tag-news","19":"tag-pont-a-mousson","20":"tag-pont-a-mousson-ville-54c","21":"tag-republique-francaise"},"share_on_mastodon":{"url":"https:\/\/pubeurope.com\/@fr\/114855271607418726","error":""},"_links":{"self":[{"href":"https:\/\/www.europesays.com\/fr\/wp-json\/wp\/v2\/posts\/250744","targetHints":{"allow":["GET"]}}],"collection":[{"href":"https:\/\/www.europesays.com\/fr\/wp-json\/wp\/v2\/posts"}],"about":[{"href":"https:\/\/www.europesays.com\/fr\/wp-json\/wp\/v2\/types\/post"}],"author":[{"embeddable":true,"href":"https:\/\/www.europesays.com\/fr\/wp-json\/wp\/v2\/users\/2"}],"replies":[{"embeddable":true,"href":"https:\/\/www.europesays.com\/fr\/wp-json\/wp\/v2\/comments?post=250744"}],"version-history":[{"count":0,"href":"https:\/\/www.europesays.com\/fr\/wp-json\/wp\/v2\/posts\/250744\/revisions"}],"wp:featuredmedia":[{"embeddable":true,"href":"https:\/\/www.europesays.com\/fr\/wp-json\/wp\/v2\/media\/250745"}],"wp:attachment":[{"href":"https:\/\/www.europesays.com\/fr\/wp-json\/wp\/v2\/media?parent=250744"}],"wp:term":[{"taxonomy":"category","embeddable":true,"href":"https:\/\/www.europesays.com\/fr\/wp-json\/wp\/v2\/categories?post=250744"},{"taxonomy":"post_tag","embeddable":true,"href":"https:\/\/www.europesays.com\/fr\/wp-json\/wp\/v2\/tags?post=250744"}],"curies":[{"name":"wp","href":"https:\/\/api.w.org\/{rel}","templated":true}]}}