{"id":250754,"date":"2025-07-15T04:15:15","date_gmt":"2025-07-15T04:15:15","guid":{"rendered":"https:\/\/www.europesays.com\/fr\/250754\/"},"modified":"2025-07-15T04:15:15","modified_gmt":"2025-07-15T04:15:15","slug":"la-majorite-metropolitaine-se-divise-sur-le-projet-esplanade","status":"publish","type":"post","link":"https:\/\/www.europesays.com\/fr\/250754\/","title":{"rendered":"la majorit\u00e9 m\u00e9tropolitaine se divise sur le projet Esplanade"},"content":{"rendered":"<p itemprop=\"description\"><strong>A d\u00e9faut de prendre de la hauteur, la campagne de 2026 se pose sur l&rsquo;Esplanade de Grenoble.<\/strong><\/p>\n<p>En 2014, le projet immobilier de la municipalit\u00e9 PS de Michel Destot \u00e0 l\u2019Esplanade, combattu par la liste d\u2019Eric Piolle, avait jou\u00e9 un r\u00f4le important dans la victoire de l&rsquo;\u00e9cologiste.<\/p>\n<p>En 2026, un autre projet de construction de pr\u00e8s de 900 logements et la suppression du parking-relais sur ce m\u00eame site pourrait avoir de l\u2019influence dans la campagne des municipales.<\/p>\n<p>Comme il y a 11 ans, mais de fa\u00e7on invers\u00e9e, ce sont les \u00e9lus \u00e9cologistes et LFI qui ont \u00e9t\u00e9 mis sur la d\u00e9fensive par une coalition de la gauche sociale-d\u00e9mocrate du pr\u00e9sident de la M\u00e9tropole, Christophe Ferrari, alli\u00e9 \u00e0 l\u2019opposition dont Alain Carignon s\u2019est fait le porte-parole principal.<\/p>\n<p>\u2028Vendredi dernier, le conseil m\u00e9tropolitain a refus\u00e9 de donner quitus \u00e0 la majorit\u00e9 municipale de Grenoble, approuvant a minima, l\u2019am\u00e9nagement de la grande Esplanade et du boulevard du m\u00eame nom, et renvoyant les d\u00e9cisions sur la suppression du parking, le projet immobilier et la passerelle pi\u00e9tons sur l\u2019Is\u00e8re, apr\u00e8s les \u00e9lections municipales.<\/p>\n<p>Ce faisant, ne rendant pas service \u00e0 la majorit\u00e9 grenobloise sortante, le conseil m\u00e9tropolitain a cr\u00e9\u00e9 un enjeu \u00e9lectoral suppl\u00e9mentaire au scrutin municipal de 2026 : la suppression ou non du parking-relais de l\u2019Esplanade, dans une ville o\u00f9 la question du stationnement et la situation du commerce est devenue tr\u00e8s sensible.<\/p>\n<p>Reste, entre continuit\u00e9 et changement, \u00e0 connaitre la position de Laurence Ruffin, possible candidate de la majorit\u00e9 sortante, sur ce dossier chaud. A droite, Alain Carignon a d\u00e9j\u00e0 annonc\u00e9 qu&rsquo;il maintiendrait le stationnement via un parking-silo.<\/p>\n","protected":false},"excerpt":{"rendered":"A d\u00e9faut de prendre de la hauteur, la campagne de 2026 se pose sur l&rsquo;Esplanade de Grenoble. En&hellip;\n","protected":false},"author":2,"featured_media":250755,"comment_status":"","ping_status":"","sticky":false,"template":"","format":"standard","meta":{"footnotes":""},"categories":[9566],"tags":[1111,11,7733,8279,2430,7736,650,7734,2889,2263,1777,674,1011,27,2731,8280,6417,1114,108,4662,12,3725,1825,25,7737],"class_list":{"0":"post-250754","1":"post","2":"type-post","3":"status-publish","4":"format-standard","5":"has-post-thumbnail","7":"category-grenoble","8":"tag-actu","9":"tag-actualites","10":"tag-alpes","11":"tag-alpes1","12":"tag-auvergne-rhone-alpes","13":"tag-cds","14":"tag-cinema","15":"tag-ecoute","16":"tag-emission","17":"tag-equipe","18":"tag-eu","19":"tag-europe","20":"tag-fr","21":"tag-france","22":"tag-grenoble","23":"tag-haute","24":"tag-information","25":"tag-infos","26":"tag-isere","27":"tag-journal","28":"tag-news","29":"tag-podcast","30":"tag-radio","31":"tag-republique-francaise","32":"tag-winamp"},"share_on_mastodon":{"url":"https:\/\/pubeurope.com\/@fr\/114855315016965386","error":""},"_links":{"self":[{"href":"https:\/\/www.europesays.com\/fr\/wp-json\/wp\/v2\/posts\/250754","targetHints":{"allow":["GET"]}}],"collection":[{"href":"https:\/\/www.europesays.com\/fr\/wp-json\/wp\/v2\/posts"}],"about":[{"href":"https:\/\/www.europesays.com\/fr\/wp-json\/wp\/v2\/types\/post"}],"author":[{"embeddable":true,"href":"https:\/\/www.europesays.com\/fr\/wp-json\/wp\/v2\/users\/2"}],"replies":[{"embeddable":true,"href":"https:\/\/www.europesays.com\/fr\/wp-json\/wp\/v2\/comments?post=250754"}],"version-history":[{"count":0,"href":"https:\/\/www.europesays.com\/fr\/wp-json\/wp\/v2\/posts\/250754\/revisions"}],"wp:featuredmedia":[{"embeddable":true,"href":"https:\/\/www.europesays.com\/fr\/wp-json\/wp\/v2\/media\/250755"}],"wp:attachment":[{"href":"https:\/\/www.europesays.com\/fr\/wp-json\/wp\/v2\/media?parent=250754"}],"wp:term":[{"taxonomy":"category","embeddable":true,"href":"https:\/\/www.europesays.com\/fr\/wp-json\/wp\/v2\/categories?post=250754"},{"taxonomy":"post_tag","embeddable":true,"href":"https:\/\/www.europesays.com\/fr\/wp-json\/wp\/v2\/tags?post=250754"}],"curies":[{"name":"wp","href":"https:\/\/api.w.org\/{rel}","templated":true}]}}