{"id":250760,"date":"2025-07-15T04:20:11","date_gmt":"2025-07-15T04:20:11","guid":{"rendered":"https:\/\/www.europesays.com\/fr\/250760\/"},"modified":"2025-07-15T04:20:11","modified_gmt":"2025-07-15T04:20:11","slug":"strasbourg-les-bobines-de-papier-de-trois-tonnes-de-blue-paper-voguent-sur-le-rhin","status":"publish","type":"post","link":"https:\/\/www.europesays.com\/fr\/250760\/","title":{"rendered":"Strasbourg. Les bobines de papier de trois tonnes de Blue Paper voguent sur le Rhin"},"content":{"rendered":"<p>Implant\u00e9e depuis 1936 dans la zone industrielle du Port autonome de Strasbourg, l\u2019entreprise Blue Paper, propri\u00e9t\u00e9 depuis 2013 de l\u2019allemand Klingele Paper et du belge VPK Group, s\u2019est transform\u00e9e pour fabriquer des bobines de papier pour carton ondul\u00e9 \u00e0 partir de papier cartons 100\u00a0% r\u00e9cup\u00e9r\u00e9s.<\/p>\n<p>Outre la production d\u2019\u00e9nergie verte, la r\u00e9cup\u00e9ration de chaleur pour le chauffage de b\u00e2timents au Port du Rhin, la valorisation de ses d\u00e9chets\u2026 <a href=\"https:\/\/www.lalsace.fr\/economie\/2024\/10\/15\/le-km-et-blue-paper-parmi-les-25-lieux-qui-changent-l-industrie\" target=\"_blank\" rel=\"nofollow noopener\"> Blue Paper<\/a> entend d\u00e9velopper des modes de transports&#8230;<\/p>\n","protected":false},"excerpt":{"rendered":"Implant\u00e9e depuis 1936 dans la zone industrielle du Port autonome de Strasbourg, l\u2019entreprise Blue Paper, propri\u00e9t\u00e9 depuis 2013&hellip;\n","protected":false},"author":2,"featured_media":250761,"comment_status":"","ping_status":"","sticky":false,"template":"","format":"standard","meta":{"footnotes":""},"categories":[2820],"tags":[1111,11,2389,1777,674,107,1011,27,775,6225,12,25,640,2803],"class_list":{"0":"post-250760","1":"post","2":"type-post","3":"status-publish","4":"format-standard","5":"has-post-thumbnail","7":"category-strasbourg","8":"tag-actu","9":"tag-actualites","10":"tag-alsace","11":"tag-eu","12":"tag-europe","13":"tag-fil-info","14":"tag-fr","15":"tag-france","16":"tag-grand-est","17":"tag-la-matinale","18":"tag-news","19":"tag-republique-francaise","20":"tag-strasbourg","21":"tag-transport"},"share_on_mastodon":{"url":"https:\/\/pubeurope.com\/@fr\/114855334629581560","error":""},"_links":{"self":[{"href":"https:\/\/www.europesays.com\/fr\/wp-json\/wp\/v2\/posts\/250760","targetHints":{"allow":["GET"]}}],"collection":[{"href":"https:\/\/www.europesays.com\/fr\/wp-json\/wp\/v2\/posts"}],"about":[{"href":"https:\/\/www.europesays.com\/fr\/wp-json\/wp\/v2\/types\/post"}],"author":[{"embeddable":true,"href":"https:\/\/www.europesays.com\/fr\/wp-json\/wp\/v2\/users\/2"}],"replies":[{"embeddable":true,"href":"https:\/\/www.europesays.com\/fr\/wp-json\/wp\/v2\/comments?post=250760"}],"version-history":[{"count":0,"href":"https:\/\/www.europesays.com\/fr\/wp-json\/wp\/v2\/posts\/250760\/revisions"}],"wp:featuredmedia":[{"embeddable":true,"href":"https:\/\/www.europesays.com\/fr\/wp-json\/wp\/v2\/media\/250761"}],"wp:attachment":[{"href":"https:\/\/www.europesays.com\/fr\/wp-json\/wp\/v2\/media?parent=250760"}],"wp:term":[{"taxonomy":"category","embeddable":true,"href":"https:\/\/www.europesays.com\/fr\/wp-json\/wp\/v2\/categories?post=250760"},{"taxonomy":"post_tag","embeddable":true,"href":"https:\/\/www.europesays.com\/fr\/wp-json\/wp\/v2\/tags?post=250760"}],"curies":[{"name":"wp","href":"https:\/\/api.w.org\/{rel}","templated":true}]}}