{"id":250762,"date":"2025-07-15T04:21:10","date_gmt":"2025-07-15T04:21:10","guid":{"rendered":"https:\/\/www.europesays.com\/fr\/250762\/"},"modified":"2025-07-15T04:21:10","modified_gmt":"2025-07-15T04:21:10","slug":"easyjet-propose-une-nouvelle-ligne-vers-cette-destination-au-soleil","status":"publish","type":"post","link":"https:\/\/www.europesays.com\/fr\/250762\/","title":{"rendered":"easyJet propose une nouvelle ligne vers cette destination au soleil"},"content":{"rendered":"<p>            Par<br \/>\n        <strong><br \/>\n            <a href=\"https:\/\/actu.fr\/auteur\/redaction-nice\" title=\"Consulter tous les articles de R\u00e9daction Nice\" target=\"_blank\" rel=\"noopener\">R\u00e9daction Nice<\/a><br \/>\n        <\/strong><\/p>\n<p>        Publi\u00e9 le<\/p>\n<p>            14 juil. 2025 \u00e0 15h50        <\/p>\n<p>Vous n\u2019avez pas de cong\u00e9s cet \u00e9t\u00e9\u2009? Cette nouvelle destination propos\u00e9e par easyJet au d\u00e9part de l\u2019a\u00e9roport <a href=\"https:\/\/actu.fr\/nice\/\" target=\"_blank\" rel=\"noopener\">Nice<\/a> <a href=\"https:\/\/actu.fr\/tag\/nice-cote-dazur\" target=\"_blank\" rel=\"noopener\">C\u00f4te d\u2019Azur<\/a> vous permettra quand m\u00eame de <strong>profiter du soleil pendant l\u2019automne et cet hiver.<\/strong> Et tout \u00e7a sans faire le tour du monde. Avec des vols qui d\u00e9marreront \u00e0 partir de la fin du mois d\u2019octobre. <strong>Les r\u00e9servations sont d\u2019ores et d\u00e9j\u00e0 ouvertes.<\/strong> La compagnie propose \u00e9galement des packages tout inclus. Voici les d\u00e9tails.<\/p>\n<p>\u00c0 4h de Nice<\/p>\n<p class=\" wall-content\">Direction l\u2019\u00c9gypte\u2009! \u00c0 partir du 26\u00a0octobre 2025, la compagnie low cost proposera depuis l\u2019a\u00e9roport Nice C\u00f4te d\u2019Azur <strong>deux rotations hebdomadaires directes<\/strong> (4h de vol) avec Hurghada, une station baln\u00e9aire qui s\u2019\u00e9tend sur 40\u00a0km le long de la c\u00f4te de la mer Rouge. Et avec un ensoleillement tr\u00e8s important\u2009: 320\u00a0jours par an.<\/p>\n<p>    <a href=\"https:\/\/www.google.com\/maps\/embed?pb=!1m18!1m12!1m3!1d421131.44064151024!2d33.452050743340216!3d27.192119060627363!2m3!1f0!2f0!3f0!3m2!1i1024!2i768!4f13.1!3m3!1m2!1s0x145287b2cd3dbbb3%3A0x2db807f98bd3c360!2sHurghada%2C%20Mer%20Rouge%2C%20%C3%89gypte!5e1!3m2!1sfr!2sfr!4v1752501481841!5m2!1sfr!2sfr\" title=\"Ouvrie le lien\" target=\"_blank\" rel=\"noopener\">Cliquez ici pour visualiser le contenu<\/a><\/p>\n<p class=\" wall-content\">Il s\u2019agit d\u2019une exclusivit\u00e9 pour easyJet. Les allers-retours seront op\u00e9r\u00e9s les mercredis et dimanches et la compagnie annonce des prix \u00e0 partir de 95\u00a0euros l\u2019aller simple.<\/p>\n<p class=\" wall-content\">La destination est un haut lieu du tourisme r\u00e9put\u00e9 pour ses <strong>plages de sable<\/strong> et pour ses fonds marins. <strong>La plong\u00e9e sous-marine y est tr\u00e8s pratiqu\u00e9e,<\/strong> dans une eau toujours \u00e0 27\u00b0C en octobre et encore \u00e0 24\u00b0C au mois de d\u00e9cembre.<\/p>\n<p>Une pr\u00e9sence accrue sur l\u2019\u00c9gypte<\/p>\n<p class=\" wall-content\">EasyJet renforce plus largement sa desserte de l\u2019\u00c9gypte depuis la France avec des nouveaux vols <strong>Bordeaux-Hughada<\/strong>, <strong>Paris-CDG-Louxor<\/strong> et <strong>Lyon-Sharm El-Sheikh.<\/strong><\/p>\n<blockquote class=\"ac-article-quote wall-content\">\n<p>L&rsquo;annonce de ces quatre nouvelles liaisons vers l\u2019\u00c9gypte s\u2019inscrit dans l\u2019\u00e9volution de notre offre vers des destinations plus lointaines et encore peu desservies depuis la France \u00e0 des tarifs abordables. D\u00e8s cet hiver notre tour-op\u00e9rateur easyJet holidays proposera une vaste s\u00e9lection de packages vol et h\u00f4tel pour une offre compl\u00e8te et simplifi\u00e9e qui ravira nos clients amateurs de soleil d\u2019hiver.<\/p>\n<p>    <strong>Reginald Otten<\/strong><br \/>\n        Directeur g\u00e9n\u00e9ral adjoint d\u2019easyJet pour la France    <\/p><\/blockquote>\n<p class=\" wall-content\">L\u2019agence de voyages de la compagnie propose par exemple sept nuits \u00e0 l\u2019h\u00f4tel 5* Labranda Club Makadi \u00e0 Hurghada en formule all inclusive pour <strong>495\u00a0euros par personne<\/strong> incluant 23kg de bagages, transferts et vols depuis l\u2019a\u00e9roport de Nice le 10\u00a0d\u00e9cembre 2025.<\/p>\n<p class=\" wall-content\">Suivez toute l\u2019actualit\u00e9 de vos villes et m\u00e9dias favoris en vous inscrivant \u00e0 <a href=\"https:\/\/moncompte.actu.fr\" title=\"D\u00e9couvez Mon Actu\" rel=\"nofollow noopener\" data-trk=\"{&quot;cta&quot;:{&quot;action&quot;:&quot;https:\\\/\\\/moncompte.actu.fr&quot;,&quot;category&quot;:&quot;mon compte&quot;,&quot;from&quot;:&quot;article footer&quot;,&quot;name&quot;:&quot;Mon actu&quot;,&quot;type&quot;:&quot;cta&quot;}}\" target=\"_blank\">Mon Actu<\/a>.<\/p>\n","protected":false},"excerpt":{"rendered":"Par R\u00e9daction Nice Publi\u00e9 le 14 juil. 2025 \u00e0 15h50 Vous n\u2019avez pas de cong\u00e9s cet \u00e9t\u00e9\u2009? Cette&hellip;\n","protected":false},"author":2,"featured_media":250763,"comment_status":"","ping_status":"","sticky":false,"template":"","format":"standard","meta":{"footnotes":""},"categories":[2819],"tags":[1111,11,1777,674,1011,27,1305,12,2401,2897,882,25,3176,586],"class_list":{"0":"post-250762","1":"post","2":"type-post","3":"status-publish","4":"format-standard","5":"has-post-thumbnail","7":"category-nice","8":"tag-actu","9":"tag-actualites","10":"tag-eu","11":"tag-europe","12":"tag-fr","13":"tag-france","14":"tag-lifestyle","15":"tag-news","16":"tag-nice","17":"tag-nice-cote-dazur","18":"tag-provence-alpes-cote-dazur","19":"tag-republique-francaise","20":"tag-vacances-scolaires","21":"tag-voyage"},"share_on_mastodon":{"url":"https:\/\/pubeurope.com\/@fr\/114855338538376237","error":""},"_links":{"self":[{"href":"https:\/\/www.europesays.com\/fr\/wp-json\/wp\/v2\/posts\/250762","targetHints":{"allow":["GET"]}}],"collection":[{"href":"https:\/\/www.europesays.com\/fr\/wp-json\/wp\/v2\/posts"}],"about":[{"href":"https:\/\/www.europesays.com\/fr\/wp-json\/wp\/v2\/types\/post"}],"author":[{"embeddable":true,"href":"https:\/\/www.europesays.com\/fr\/wp-json\/wp\/v2\/users\/2"}],"replies":[{"embeddable":true,"href":"https:\/\/www.europesays.com\/fr\/wp-json\/wp\/v2\/comments?post=250762"}],"version-history":[{"count":0,"href":"https:\/\/www.europesays.com\/fr\/wp-json\/wp\/v2\/posts\/250762\/revisions"}],"wp:featuredmedia":[{"embeddable":true,"href":"https:\/\/www.europesays.com\/fr\/wp-json\/wp\/v2\/media\/250763"}],"wp:attachment":[{"href":"https:\/\/www.europesays.com\/fr\/wp-json\/wp\/v2\/media?parent=250762"}],"wp:term":[{"taxonomy":"category","embeddable":true,"href":"https:\/\/www.europesays.com\/fr\/wp-json\/wp\/v2\/categories?post=250762"},{"taxonomy":"post_tag","embeddable":true,"href":"https:\/\/www.europesays.com\/fr\/wp-json\/wp\/v2\/tags?post=250762"}],"curies":[{"name":"wp","href":"https:\/\/api.w.org\/{rel}","templated":true}]}}