{"id":250769,"date":"2025-07-15T04:29:12","date_gmt":"2025-07-15T04:29:12","guid":{"rendered":"https:\/\/www.europesays.com\/fr\/250769\/"},"modified":"2025-07-15T04:29:12","modified_gmt":"2025-07-15T04:29:12","slug":"toulouse-surplombe-par-le-metro-un-nouveau-quartier-de-1200-logements-sort-de-terre","status":"publish","type":"post","link":"https:\/\/www.europesays.com\/fr\/250769\/","title":{"rendered":"Toulouse. Surplomb\u00e9 par le m\u00e9tro, un nouveau quartier de 1200 logements sort de terre"},"content":{"rendered":"<p>            Par<br \/>\n        <strong><br \/>\n            <a href=\"https:\/\/actu.fr\/auteur\/lea-afonso\" title=\"Consulter tous les articles de L\u00e9a Afonso\" rel=\"nofollow noopener\" target=\"_blank\">L\u00e9a Afonso<\/a><br \/>\n        <\/strong><\/p>\n<p>        Publi\u00e9 le<\/p>\n<p>            15 juil. 2025 \u00e0 6h04        <\/p>\n<p><a href=\"https:\/\/actu.fr\/toulouse\/\" rel=\"nofollow noopener\" target=\"_blank\">Toulouse<\/a> s\u2019agrandit\u2009! La Ville rose, bien connue pour son centre attractif, se d\u00e9veloppe de plus en plus, et ce, majoritairement en p\u00e9riph\u00e9rie. <a href=\"https:\/\/actu.fr\/occitanie\/toulouse_31555\/toulouse-dans-ce-quartier-en-vogue-900-logements-et-un-nouveau-parc-vont-sortir-de-terre_60790759.html\" rel=\"nofollow noopener\" target=\"_blank\">La Cartoucherie<\/a>, <a href=\"https:\/\/actu.fr\/occitanie\/toulouse_31555\/toulouse-dans-ce-quartier-en-pleine-mutation-des-rues-baptisees-en-memoire-de-personnalites-de-l-aviation_62705350.html\" rel=\"nofollow noopener\" target=\"_blank\">Montaudran<\/a>, Malep\u00e8re\u2026 les <strong>nouveaux quartiers<\/strong> voient peu \u00e0 peu le jour pour accueillir une population toujours plus nombreuse. Depuis quelques ann\u00e9es maintenant, un petit nouveau rejoint la liste\u2009: le quartier de <strong>Guillaumet<\/strong> situ\u00e9 entre Jolimont et la Roseraie. En cet \u00e9t\u00e9 2025, il continue sa transformation sur la bonne voie, puisque plusieurs b\u00e2timents sont d\u00e9j\u00e0 inaugur\u00e9s et d\u2019autres d\u2019ores et d\u00e9j\u00e0 habit\u00e9s. Reportage et images.\u00a0<\/p>\n<p>Un quartier qui se dessine<\/p>\n<p class=\" wall-content\"><strong>Guillaumet<\/strong> prend peu \u00e0 peu vie sous les yeux des Toulousains. \u00c0 deux pas de la ligne A du m\u00e9tro, ce tout<strong> nouvel \u00e9coquartier<\/strong> sera tr\u00e8s bient\u00f4t loti de<strong> 1\u2009200 logements, 8\u2009500 m\u00b2 de bureaux et 5\u2009800 m\u00b2 de commerces<\/strong>, notamment une moyenne surface alimentaire et des restaurants. Pas tr\u00e8s hauts, les immeubles et habitations se succ\u00e8dent dans un style qui se rapproche de l\u2019\u00e9coquartier de la Cartoucherie. Couleurs claires, briques rouges et verdure sont de la partie.<\/p>\n<p class=\" wall-content\">Immeubles d\u00e9j\u00e0 habit\u00e9s, <strong>r\u00e9sidence interg\u00e9n\u00e9rationnelle<\/strong> occup\u00e9e, <strong>arbres<\/strong> plant\u00e9s, grand <strong>terrain de sport<\/strong> utilis\u00e9 et unique voie de circulation automobile emprunt\u00e9e\u2026 Cet \u00e9t\u00e9 2025, le quartier prend vie.<\/p>\n<p>    <a href=\"https:\/\/www.google.com\/maps\/embed?pb=!1m14!1m12!1m3!1d2428.946781069523!2d1.4685561879260571!3d43.61651838991533!2m3!1f0!2f0!3f0!3m2!1i1024!2i768!4f13.1!5e0!3m2!1sfr!2sfr!4v1752063432143!5m2!1sfr!2sfr\" title=\"Ouvrie le lien\" rel=\"nofollow noopener\" target=\"_blank\">Cliquez ici pour visualiser le contenu<\/a><\/p>\n<p>    <img   decoding=\"async\" loading=\"lazy\" src=\"https:\/\/www.europesays.com\/fr\/wp-content\/uploads\/2025\/07\/guillaumet-14-960x640.jpg\" alt=\"Un terrain de sport avec une piste d'athl\u00e9tisme est d\u00e9j\u00e0 ouvert au public dans cet \u00e9coquartier. \" width=\"960\" height=\"640\"\/><br \/>\n    Un terrain de sport avec une piste d\u2019athl\u00e9tisme est d\u00e9j\u00e0 ouvert au public dans cet \u00e9coquartier. (\u00a9L\u00e9a Afonso \/ Actu Toulouse)Un parc inaugur\u00e9<br \/>\n    <img   decoding=\"async\" loading=\"lazy\" src=\"https:\/\/www.europesays.com\/fr\/wp-content\/uploads\/2025\/07\/guillaumet-8-1-960x640.jpg\" alt=\"Un tout nouveau parc a \u00e9t\u00e9 inaugur\u00e9 d\u00e9but juillet avec une aire de jeux pour enfants.\" width=\"960\" height=\"640\"\/><br \/>\n    Un tout nouveau parc a \u00e9t\u00e9 inaugur\u00e9 d\u00e9but juillet avec une aire de jeux pour enfants. (\u00a9L\u00e9a Afonso \/ Actu Toulouse)<\/p>\n<p class=\" wall-content\">Signe d\u2019une avanc\u00e9e des travaux,<strong> l\u2019inauguration du jardin central<\/strong> du quartier d\u00e9but juillet. Maire de la ville, du quartier, \u00e9lus, acteurs locaux et riverains ont d\u00e9couvert ce tout nouveau poumon d\u2019activit\u00e9.<\/p>\n<p class=\" wall-content\"><strong>Jardin partag\u00e9, espace de d\u00e9tente, boulodrome et jeux pour enfants<\/strong> y ont \u00e9t\u00e9 install\u00e9s, pour que les riverains s\u2019y retrouvent. Tout juste ouvert, ce dernier fait d\u00e9j\u00e0 le bonheur des habitants \u2014 malgr\u00e9 quelques couacs \u2014 dont certains ont investi, en partie, pour ce lieu d\u2019activit\u00e9, <a href=\"https:\/\/actu.fr\/occitanie\/toulouse_31555\/toulouse-tout-juste-inaugure-ce-parc-dans-cet-ecoquartier-fait-deja-debat-aupres-des-riverains_62882741.html\" rel=\"nofollow noopener\" target=\"_blank\">comme Actu Toulouse vous en parlait.<\/a><\/p>\n<p>Une nouvelle cit\u00e9 administrative<\/p>\n<p class=\" wall-content\">Autre chantier aboutit dans le quartier, celui de la toute nouvelle <a href=\"https:\/\/actu.fr\/occitanie\/toulouse_31555\/toulouse-1-600-agents-de-l-etat-vont-s-y-installer-dans-les-coulisses-de-la-nouvelle-cite-administrative_62188987.html\" rel=\"nofollow noopener\" target=\"_blank\"><strong>cit\u00e9 administrative<\/strong><\/a>, d\u00e9plac\u00e9e de Compans Caffarelli. Juste derri\u00e8re le tout nouveau jardin, elle se dresse sur\u00a0<strong>3 hectares et 30\u2009000 m\u00b2de b\u00e2timents.<\/strong><\/p>\n<p>    <img   decoding=\"async\" loading=\"lazy\" src=\"https:\/\/www.europesays.com\/fr\/wp-content\/uploads\/2025\/07\/guillaumet-9-1-960x640.jpg\" alt=\"Le tout nouveau jardin du quartier se termine avec la Cit\u00e9 administrative en fond. \" width=\"960\" height=\"640\"\/><br \/>\n    Le tout nouveau jardin du quartier se termine avec la Cit\u00e9 administrative en fond. (\u00a9L\u00e9a Afonso \/ Actu Toulouse)<\/p>\n<p class=\" wall-content\">Ici, <strong>1600 agents de l\u2019\u00c9tat y travaillent<\/strong> dans des locaux tout fra\u00eechement construits\u2009: pavillons sur plusieurs niveaux, avec des parkings en sous-sol, bureaux, cantine, caf\u00e9t\u00e9ria, salles de r\u00e9union, salles polyvalentes\u2026<\/p>\n<p>Des halles gourmandes presque visibles<br \/>\n    <img   decoding=\"async\" loading=\"lazy\" src=\"https:\/\/www.europesays.com\/fr\/wp-content\/uploads\/2025\/07\/guillaumet-7-960x640.jpg\" alt=\"Des halles gourmandes se dresseront bient\u00f4t sur cette esplanade, juste \u00e0 c\u00f4t\u00e9 du nouveau jardin.\" width=\"960\" height=\"640\"\/><br \/>\n    Des halles gourmandes se dresseront bient\u00f4t sur cette esplanade encore barri\u00e9r\u00e9e, juste \u00e0 c\u00f4t\u00e9 du nouveau jardin. (\u00a9L\u00e9a Afonso \/ Actu Toulouse)<\/p>\n<p class=\" wall-content\">Les Toulousains ne sont pas sans conna\u00eetre les fameuses<a href=\"https:\/\/actu.fr\/occitanie\/toulouse_31555\/toulouse-les-halles-de-la-cartoucherie-inaugurees-un-lieu-de-vie-unique-se-devoile_60051613.html\" rel=\"nofollow noopener\" target=\"_blank\"> Halles de la cartoucherie<\/a> avec un food court de 12\u2009000 m\u00b2 et 25 restaurants. Alors \u00e0 Guillaumet, la ville duplique le mod\u00e8le, en version mini\u2009!<\/p>\n<p class=\" wall-content\">Les deux chemin\u00e9es de l\u2019ancien site militaire du Centre d\u2019essais a\u00e9ronautiques de Toulouse (CEAT), bien visibles \u00e0 l\u2019heure actuelle, n\u2019ont pas \u00e9t\u00e9 d\u00e9truites et seront au c\u0153ur du nouveau projet de ces halles. Elles se dresseront<strong> sur 1000 m\u00b2,<\/strong> \u00e0 taille humaine, et seront le rep\u00e8re du quartier pour \u00ab<strong>\u2009manger et boire un coup<\/strong>. Il y aura <strong>trois corners de restauration, un bar, un coffee shop et un espace de vente d\u2019environ 80 m\u00b2<\/strong>\u00bb, annon\u00e7ait Adrien Ramirez, associ\u00e9 et cofondateur de Bellevilles, <a href=\"https:\/\/actu.fr\/occitanie\/toulouse_31555\/apres-la-cartoucherie-ils-vont-ouvrir-de-nouvelles-halles-a-toulouse-voici-le-projet_62662179.html\" rel=\"nofollow noopener\" target=\"_blank\">\u00e0 Actu Toulouse, il y a de\u00e7\u00e0 quelques mois<\/a>.<\/p>\n<p>Des travaux toujours en cours<br \/>\n    <img   decoding=\"async\" loading=\"lazy\" src=\"https:\/\/www.europesays.com\/fr\/wp-content\/uploads\/2025\/07\/guillaumet-17-960x640.jpg\" alt=\"Les quelques grues encore pr\u00e9sentes dans le quartier montrent que les travaux sont toujours en cours. \" width=\"960\" height=\"640\"\/><br \/>\n    Les quelques grues encore pr\u00e9sentes dans le quartier montrent que les travaux sont toujours en cours. (\u00a9L\u00e9a Afonso \/ Actu Toulouse)<\/p>\n<p class=\" wall-content\">Pour l\u2019heure, les travaux sont toujours en cours dans le quartier. La partie proche du viaduc du m\u00e9tro est encore en construction, comme en d\u00e9notent les quelques grues sur place. Immeubles \u00e0 l\u2019\u00e9tape de fondations, d\u2019autres \u00e0 celle de finition\u2026 Il ne saurait tarder \u00e0 ce que le quartier soit termin\u00e9.<\/p>\n<p class=\" wall-content\">Suivez toute l\u2019actualit\u00e9 de vos villes et m\u00e9dias favoris en vous inscrivant \u00e0 <a href=\"https:\/\/moncompte.actu.fr\" title=\"D\u00e9couvez Mon Actu\" rel=\"nofollow noopener\" data-trk=\"{&quot;cta&quot;:{&quot;action&quot;:&quot;https:\\\/\\\/moncompte.actu.fr&quot;,&quot;category&quot;:&quot;mon compte&quot;,&quot;from&quot;:&quot;article footer&quot;,&quot;name&quot;:&quot;Mon actu&quot;,&quot;type&quot;:&quot;cta&quot;}}\" target=\"_blank\">Mon Actu<\/a>.<\/p>\n","protected":false},"excerpt":{"rendered":"Par L\u00e9a Afonso Publi\u00e9 le 15 juil. 2025 \u00e0 6h04 Toulouse s\u2019agrandit\u2009! La Ville rose, bien connue pour&hellip;\n","protected":false},"author":2,"featured_media":250770,"comment_status":"","ping_status":"","sticky":false,"template":"","format":"standard","meta":{"footnotes":""},"categories":[2816],"tags":[1111,11,1777,674,1011,27,12,2680,25,104,2312,1352],"class_list":{"0":"post-250769","1":"post","2":"type-post","3":"status-publish","4":"format-standard","5":"has-post-thumbnail","7":"category-toulouse","8":"tag-actu","9":"tag-actualites","10":"tag-eu","11":"tag-europe","12":"tag-fr","13":"tag-france","14":"tag-news","15":"tag-occitanie","16":"tag-republique-francaise","17":"tag-societe","18":"tag-toulouse","19":"tag-urbanisme"},"share_on_mastodon":{"url":"https:\/\/pubeurope.com\/@fr\/114855370276454675","error":""},"_links":{"self":[{"href":"https:\/\/www.europesays.com\/fr\/wp-json\/wp\/v2\/posts\/250769","targetHints":{"allow":["GET"]}}],"collection":[{"href":"https:\/\/www.europesays.com\/fr\/wp-json\/wp\/v2\/posts"}],"about":[{"href":"https:\/\/www.europesays.com\/fr\/wp-json\/wp\/v2\/types\/post"}],"author":[{"embeddable":true,"href":"https:\/\/www.europesays.com\/fr\/wp-json\/wp\/v2\/users\/2"}],"replies":[{"embeddable":true,"href":"https:\/\/www.europesays.com\/fr\/wp-json\/wp\/v2\/comments?post=250769"}],"version-history":[{"count":0,"href":"https:\/\/www.europesays.com\/fr\/wp-json\/wp\/v2\/posts\/250769\/revisions"}],"wp:featuredmedia":[{"embeddable":true,"href":"https:\/\/www.europesays.com\/fr\/wp-json\/wp\/v2\/media\/250770"}],"wp:attachment":[{"href":"https:\/\/www.europesays.com\/fr\/wp-json\/wp\/v2\/media?parent=250769"}],"wp:term":[{"taxonomy":"category","embeddable":true,"href":"https:\/\/www.europesays.com\/fr\/wp-json\/wp\/v2\/categories?post=250769"},{"taxonomy":"post_tag","embeddable":true,"href":"https:\/\/www.europesays.com\/fr\/wp-json\/wp\/v2\/tags?post=250769"}],"curies":[{"name":"wp","href":"https:\/\/api.w.org\/{rel}","templated":true}]}}