{"id":250773,"date":"2025-07-15T04:31:09","date_gmt":"2025-07-15T04:31:09","guid":{"rendered":"https:\/\/www.europesays.com\/fr\/250773\/"},"modified":"2025-07-15T04:31:09","modified_gmt":"2025-07-15T04:31:09","slug":"se-faire-coiffer-colorer-et-couper-les-cheveux-entre-20-et-30-moins-cher-a-lille-cest-possible","status":"publish","type":"post","link":"https:\/\/www.europesays.com\/fr\/250773\/","title":{"rendered":"Se faire coiffer, colorer et couper les cheveux entre 20 et 30 % moins cher \u00e0 Lille, c\u2019est possible"},"content":{"rendered":"<p>            Par<br \/>\n        <strong><br \/>\n            <a href=\"https:\/\/actu.fr\/auteur\/amandine-vachez\" title=\"Consulter tous les articles de Amandine Vachez\" target=\"_blank\" rel=\"noopener\">Amandine Vachez<\/a><br \/>\n        <\/strong><\/p>\n<p>        Publi\u00e9 le<\/p>\n<p>            15 juil. 2025 \u00e0 6h26        <\/p>\n<p>Bonne nouvelle pour celles et ceux qui voudraient profiter d\u2019un <b>service de coiffure <\/b>\u00e0 Lille (Nord), \u00e0 <b>moindres frais<\/b>, tout en permettant \u00e0 des jeunes de se \u00ab\u2009faire la main\u2009\u00bb.\u00a0L\u2019\u00e9cole Terrade ouvre son <b>salon d\u2019application \u00e0 orientation p\u00e9dagogique<\/b>, pour permettre \u00e0 ses \u00e9tudiants de pratiquer le plus possible, en vue de la validation de leur dipl\u00f4me.<\/p>\n<p>Dans les anciens locaux de The Beauty Store<\/p>\n<p class=\" wall-content\">Situ\u00e9 14 Rue d\u2019Isly, dans les anciens locaux de The Beauty Store indique l\u2019\u00e9cole, \u00ab\u2009ce nouvel espace permet aux apprenants coiffeurs de<b> se former en conditions r\u00e9elles <\/b>tout en offrant au public des prestations de qualit\u00e9 \u00e0 prix r\u00e9duits\u2009\u00bb.<\/p>\n<p class=\" wall-content\"><b>Ouvert au public du lundi au vendredi<\/b>, le salon propose les services classiques d\u2019un salon de\u00a0coiffure\u2009: <b>shampoing, coupe, brushing, coloration,<\/b> etc. Le tout \u00ab\u2009dans un cadre moderne et soign\u00e9. La seule diff\u00e9rence r\u00e9side dans la prise en charge qui est assur\u00e9e par des apprenants de l\u2019\u00e9cole sous la supervision d\u2019une responsable coiffeuse\u2009\u00bb, est-il pr\u00e9cis\u00e9.<\/p>\n<p class=\" wall-content\">\u00ab\u2009Ce salon d\u2019application offre \u00e0 nos apprenants des immersions r\u00e9guli\u00e8res et prolong\u00e9es, essentielles pour leur professionnalisation. C\u2019est un v\u00e9ritable tremplin vers l\u2019emploi, car ils sortent de notre CFA avec une solide exp\u00e9rience pratique\u2009\u00bb, explique La\u00ebtitia Goutte, directrice de l\u2019\u00e9cole Terrade de Lille.<\/p>\n<p class=\" wall-content\">Les <b>prestations y sont propos\u00e9es\u00a020 \u00e0 30\u2009% moins cher\u00a0qu\u2019en salon<\/b> traditionnel, avec l\u2019utilisation de produits professionnels (Wella, L\u2019Or\u00e9al\u2026).\u00a0<\/p>\n<p>Vid\u00e9os : en ce moment sur ActuJusqu\u2019\u00e0 4 clients en simultan\u00e9<\/p>\n<p class=\" wall-content\">Install\u00e9 sur une <b>surface de 100 m\u00b2<\/b>, le salon peut accueillir jusqu\u2019\u00e0 4 clients simultan\u00e9ment, \u00ab\u2009ce qui permet aux apprenants de multiplier les mises en situation, tout en conservant un cadre d\u2019apprentissage privil\u00e9gi\u00e9.\u2009\u00bb<\/p>\n<p class=\" wall-content\">Petite pr\u00e9cision, cette \u00e9cole propose des<b> formations en coiffure, esth\u00e9tique, maquillage et bien-\u00eatre.<\/b> Une extension esth\u00e9tique est d\u00e9j\u00e0 envisag\u00e9e avec l\u2019installation d\u2019une cabine d\u00e9di\u00e9e aux soins beaut\u00e9 et bien-\u00eatre d\u00e8s la rentr\u00e9e septembre\u00a02026. Affaire \u00e0 suivre, donc.<\/p>\n<p>Adresse\u2009: 14, rue d\u2019Isly \u00e0 Lille. Horaires d\u2019ouverture\u2009: lundi\u2009: 9\u2009h-12\u2009h\u200930 et 13\u2009h\u200930-19\u2009h, mardi\u2009: ferm\u00e9, mercredi\u2009: 10\u2009h-12\u2009h\u200930 et 13\u2009h\u200930-19\u2009h, jeudi\u2009: 9\u2009h-12\u2009h\u200930 et 13\u2009h\u200930-19\u2009h, vendredi\u2009: 9\u2009h-12\u2009h\u200930 et 13\u2009h\u200930-19\u2009h. Les r\u00e9servations se font <a href=\"https:\/\/www.planity.com\/ecole-terrade-lille-salon-dapplication-59000\" target=\"_blank\" rel=\"noopener\">sur Planity<\/a>.<\/p>\n<p class=\" wall-content\">Suivez toute l\u2019actualit\u00e9 de vos villes et m\u00e9dias favoris en vous inscrivant \u00e0 <a href=\"https:\/\/moncompte.actu.fr\" title=\"D\u00e9couvez Mon Actu\" rel=\"nofollow noopener\" data-trk=\"{&quot;cta&quot;:{&quot;action&quot;:&quot;https:\\\/\\\/moncompte.actu.fr&quot;,&quot;category&quot;:&quot;mon compte&quot;,&quot;from&quot;:&quot;article footer&quot;,&quot;name&quot;:&quot;Mon actu&quot;,&quot;type&quot;:&quot;cta&quot;}}\" target=\"_blank\">Mon Actu<\/a>.<\/p>\n","protected":false},"excerpt":{"rendered":"Par Amandine Vachez Publi\u00e9 le 15 juil. 2025 \u00e0 6h26 Bonne nouvelle pour celles et ceux qui voudraient&hellip;\n","protected":false},"author":2,"featured_media":250774,"comment_status":"","ping_status":"","sticky":false,"template":"","format":"standard","meta":{"footnotes":""},"categories":[2815],"tags":[1111,11,1777,674,1011,27,811,1307,12,25,104],"class_list":{"0":"post-250773","1":"post","2":"type-post","3":"status-publish","4":"format-standard","5":"has-post-thumbnail","7":"category-lille","8":"tag-actu","9":"tag-actualites","10":"tag-eu","11":"tag-europe","12":"tag-fr","13":"tag-france","14":"tag-hauts-de-france","15":"tag-lille","16":"tag-news","17":"tag-republique-francaise","18":"tag-societe"},"share_on_mastodon":{"url":"https:\/\/pubeurope.com\/@fr\/114855377777944140","error":""},"_links":{"self":[{"href":"https:\/\/www.europesays.com\/fr\/wp-json\/wp\/v2\/posts\/250773","targetHints":{"allow":["GET"]}}],"collection":[{"href":"https:\/\/www.europesays.com\/fr\/wp-json\/wp\/v2\/posts"}],"about":[{"href":"https:\/\/www.europesays.com\/fr\/wp-json\/wp\/v2\/types\/post"}],"author":[{"embeddable":true,"href":"https:\/\/www.europesays.com\/fr\/wp-json\/wp\/v2\/users\/2"}],"replies":[{"embeddable":true,"href":"https:\/\/www.europesays.com\/fr\/wp-json\/wp\/v2\/comments?post=250773"}],"version-history":[{"count":0,"href":"https:\/\/www.europesays.com\/fr\/wp-json\/wp\/v2\/posts\/250773\/revisions"}],"wp:featuredmedia":[{"embeddable":true,"href":"https:\/\/www.europesays.com\/fr\/wp-json\/wp\/v2\/media\/250774"}],"wp:attachment":[{"href":"https:\/\/www.europesays.com\/fr\/wp-json\/wp\/v2\/media?parent=250773"}],"wp:term":[{"taxonomy":"category","embeddable":true,"href":"https:\/\/www.europesays.com\/fr\/wp-json\/wp\/v2\/categories?post=250773"},{"taxonomy":"post_tag","embeddable":true,"href":"https:\/\/www.europesays.com\/fr\/wp-json\/wp\/v2\/tags?post=250773"}],"curies":[{"name":"wp","href":"https:\/\/api.w.org\/{rel}","templated":true}]}}