{"id":250775,"date":"2025-07-15T04:34:10","date_gmt":"2025-07-15T04:34:10","guid":{"rendered":"https:\/\/www.europesays.com\/fr\/250775\/"},"modified":"2025-07-15T04:34:10","modified_gmt":"2025-07-15T04:34:10","slug":"face-au-trafic-de-rue-belsunce-est-au-bord-du-breakdown","status":"publish","type":"post","link":"https:\/\/www.europesays.com\/fr\/250775\/","title":{"rendered":"Face au trafic de rue, Belsunce est au bord du breakdown"},"content":{"rendered":"<p>Depuis plusieurs mois, les habitants du quartier Belsunce alertent les pouvoirs publics du fait des nuisances subies li\u00e9es au narcotrafic tr\u00e8s actif dans le quartier. La maire de secteur, en relais, en appelle aux autorit\u00e9s de l&rsquo;\u00c9tat. Des r\u00e9unions sont pr\u00e9vues d\u00e8s cette semaine.<\/p>\n<p>                <a href=\"https:\/\/marsactu.fr\/face-au-trafic-de-rue-belsunce-est-au-bord-du-breakdown\/\" class=\"td-modal-image\" title=\"Rue Poids-de-la-Farine depuis le square Belsunce. (Photo\u00a0: B.G.)\" rel=\"nofollow noopener\" target=\"_blank\"><br \/>\n                    <img decoding=\"async\" class=\"entry-thumb\" src=\"data:image\/svg+xml;base64,PHN2ZyB4bWxucz0iaHR0cDovL3d3dy53My5vcmcvMjAwMC9zdmciIHZpZXdCb3g9IjAgMCAxOTIwIDEwODAiIHdpZHRoPSIxOTIwIiBoZWlnaHQ9IjEwODAiIGRhdGEtdT0iaHR0cHMlM0ElMkYlMkZtYXJzYWN0dS5mciUyRndwLWNvbnRlbnQlMkZ1cGxvYWRzJTJGMjAyNSUyRjA3JTJGcnVlLXBvaWRzLWZhcmluZS1iZWxzdW5jZS5qcGciIGRhdGEtdz0iMTkyMCIgZGF0YS1oPSIxMDgwIiBkYXRhLWJpcD0iIj48L3N2Zz4=\" data-spai=\"1\" alt=\"Rue Poids-de-la-Farine depuis le square Belsunce. (Photo\u00a0: B.G.)\" title=\"Rue Poids-de-la-Farine depuis le square Belsunce. (Photo\u00a0: B.G.)\"\/><br \/>\n                <\/a><br \/>\n                Rue Poids-de-la-Farine depuis le square Belsunce. (Photo\u00a0: B.G.)<\/p>\n<p class=\"wp-captation-text\">Rue Poids-de-la-Farine depuis le square Belsunce. (Photo\u00a0: B.G.)<\/p>\n<p>    En d\u2019autres temps, on aurait parl\u00e9 d\u2019une action de d\u00e9fense passive. Il y a quelques jours, \u00e0 l\u2019heure o\u00f9 le soleil pointe \u00e0 peine ses rayons, quelques habitants du quartier Belsunce se donnent rendez-vous pour une op\u00e9ration pots de fleur d\u2019un genre in\u00e9dit. L\u2019objectif est de d\u00e9placer des jardini\u00e8res dans une des petites rues de ce quartier baroque qui descend de la colline Saint-Charles vers la Canebi\u00e8re puis le Vieux-Port. Pas de quoi fouetter un chat ou user de l\u2019encre (num\u00e9rique) d\u2019un journal. Sauf que les habitants embarqu\u00e9s dans cette op\u00e9ration pots de fleur veulent couper l\u2019herbe sous le pied d\u2019un des r\u00e9seaux de narcotrafic qui se sont ancr\u00e9s dans le quartier. Nous floutons \u00e0 dessein l\u2019indication pr\u00e9cise de ces &#8230; <\/p>\n<p>VOUS VOULEZ LIRE LA SUITE\u00a0?\n\t\t              <\/p>\n<p>\n\t\t              CET \u00c9T\u00c9,<br \/>MARSACTU EST \u00c0<br \/>\n\t\t                <\/p>\n","protected":false},"excerpt":{"rendered":"Depuis plusieurs mois, les habitants du quartier Belsunce alertent les pouvoirs publics du fait des nuisances subies li\u00e9es&hellip;\n","protected":false},"author":2,"featured_media":250776,"comment_status":"","ping_status":"","sticky":false,"template":"","format":"standard","meta":{"footnotes":""},"categories":[2814],"tags":[1111,11,17039,1777,674,1011,27,884,12,882,2687,25,39100,4772],"class_list":{"0":"post-250775","1":"post","2":"type-post","3":"status-publish","4":"format-standard","5":"has-post-thumbnail","7":"category-marseille","8":"tag-actu","9":"tag-actualites","10":"tag-belsunce","11":"tag-eu","12":"tag-europe","13":"tag-fr","14":"tag-france","15":"tag-marseille","16":"tag-news","17":"tag-provence-alpes-cote-dazur","18":"tag-reportage","19":"tag-republique-francaise","20":"tag-sophicamard","21":"tag-zalu"},"share_on_mastodon":{"url":"https:\/\/pubeurope.com\/@fr\/114855389681556311","error":""},"_links":{"self":[{"href":"https:\/\/www.europesays.com\/fr\/wp-json\/wp\/v2\/posts\/250775","targetHints":{"allow":["GET"]}}],"collection":[{"href":"https:\/\/www.europesays.com\/fr\/wp-json\/wp\/v2\/posts"}],"about":[{"href":"https:\/\/www.europesays.com\/fr\/wp-json\/wp\/v2\/types\/post"}],"author":[{"embeddable":true,"href":"https:\/\/www.europesays.com\/fr\/wp-json\/wp\/v2\/users\/2"}],"replies":[{"embeddable":true,"href":"https:\/\/www.europesays.com\/fr\/wp-json\/wp\/v2\/comments?post=250775"}],"version-history":[{"count":0,"href":"https:\/\/www.europesays.com\/fr\/wp-json\/wp\/v2\/posts\/250775\/revisions"}],"wp:featuredmedia":[{"embeddable":true,"href":"https:\/\/www.europesays.com\/fr\/wp-json\/wp\/v2\/media\/250776"}],"wp:attachment":[{"href":"https:\/\/www.europesays.com\/fr\/wp-json\/wp\/v2\/media?parent=250775"}],"wp:term":[{"taxonomy":"category","embeddable":true,"href":"https:\/\/www.europesays.com\/fr\/wp-json\/wp\/v2\/categories?post=250775"},{"taxonomy":"post_tag","embeddable":true,"href":"https:\/\/www.europesays.com\/fr\/wp-json\/wp\/v2\/tags?post=250775"}],"curies":[{"name":"wp","href":"https:\/\/api.w.org\/{rel}","templated":true}]}}