{"id":250779,"date":"2025-07-15T04:36:11","date_gmt":"2025-07-15T04:36:11","guid":{"rendered":"https:\/\/www.europesays.com\/fr\/250779\/"},"modified":"2025-07-15T04:36:11","modified_gmt":"2025-07-15T04:36:11","slug":"le-projet-a-250-millions-deuros-peine-a-mobiliser-les-habitants-de-venissieux","status":"publish","type":"post","link":"https:\/\/www.europesays.com\/fr\/250779\/","title":{"rendered":"le projet \u00e0 250\u00a0millions d\u2019euros peine \u00e0 mobiliser les habitants de V\u00e9nissieux"},"content":{"rendered":"<p>La future ligne T8 ne concernera V\u00e9nissieux que sur trois arr\u00eats, desservant principalement la gare multimodale, les usines RVI et le parc de Parilly, sans traverser aucune zone r\u00e9sidentielle de la commune. Cette particularit\u00e9 explique peut-\u00eatre le faible engouement des habitants lors de la r\u00e9union publique organis\u00e9e ce vendredi 11\u00a0juillet.<\/p>\n<p>\u00ab\u00a0Relier les villes de la premi\u00e8re couronne sans passer par le centre de Lyon\u00a0\u00bb<\/p>\n<p>Michelle Picard, maire de V\u00e9nissieux et vice-pr\u00e9sidente m\u00e9tropolitaine, a d\u00e9fendu la pertinence du projet&#8230;.<\/p>\n","protected":false},"excerpt":{"rendered":"La future ligne T8 ne concernera V\u00e9nissieux que sur trois arr\u00eats, desservant principalement la gare multimodale, les usines&hellip;\n","protected":false},"author":2,"featured_media":250780,"comment_status":"","ping_status":"","sticky":false,"template":"","format":"standard","meta":{"footnotes":""},"categories":[1889],"tags":[1111,11,2430,3152,1777,674,1011,27,2428,12,25,2429,2803,4375,4407],"class_list":{"0":"post-250779","1":"post","2":"type-post","3":"status-publish","4":"format-standard","5":"has-post-thumbnail","7":"category-lyon","8":"tag-actu","9":"tag-actualites","10":"tag-auvergne-rhone-alpes","11":"tag-edition-est-lyonnais","12":"tag-eu","13":"tag-europe","14":"tag-fr","15":"tag-france","16":"tag-lyon","17":"tag-news","18":"tag-republique-francaise","19":"tag-rhone","20":"tag-transport","21":"tag-venissieux","22":"tag-venissieux-bassin"},"share_on_mastodon":{"url":"https:\/\/pubeurope.com\/@fr\/114855397504638802","error":""},"_links":{"self":[{"href":"https:\/\/www.europesays.com\/fr\/wp-json\/wp\/v2\/posts\/250779","targetHints":{"allow":["GET"]}}],"collection":[{"href":"https:\/\/www.europesays.com\/fr\/wp-json\/wp\/v2\/posts"}],"about":[{"href":"https:\/\/www.europesays.com\/fr\/wp-json\/wp\/v2\/types\/post"}],"author":[{"embeddable":true,"href":"https:\/\/www.europesays.com\/fr\/wp-json\/wp\/v2\/users\/2"}],"replies":[{"embeddable":true,"href":"https:\/\/www.europesays.com\/fr\/wp-json\/wp\/v2\/comments?post=250779"}],"version-history":[{"count":0,"href":"https:\/\/www.europesays.com\/fr\/wp-json\/wp\/v2\/posts\/250779\/revisions"}],"wp:featuredmedia":[{"embeddable":true,"href":"https:\/\/www.europesays.com\/fr\/wp-json\/wp\/v2\/media\/250780"}],"wp:attachment":[{"href":"https:\/\/www.europesays.com\/fr\/wp-json\/wp\/v2\/media?parent=250779"}],"wp:term":[{"taxonomy":"category","embeddable":true,"href":"https:\/\/www.europesays.com\/fr\/wp-json\/wp\/v2\/categories?post=250779"},{"taxonomy":"post_tag","embeddable":true,"href":"https:\/\/www.europesays.com\/fr\/wp-json\/wp\/v2\/tags?post=250779"}],"curies":[{"name":"wp","href":"https:\/\/api.w.org\/{rel}","templated":true}]}}