{"id":250783,"date":"2025-07-15T04:38:09","date_gmt":"2025-07-15T04:38:09","guid":{"rendered":"https:\/\/www.europesays.com\/fr\/250783\/"},"modified":"2025-07-15T04:38:09","modified_gmt":"2025-07-15T04:38:09","slug":"cette-ville-de-lessonne-est-la-deuxieme-destination-francilienne-preferee-des-covoitureurs","status":"publish","type":"post","link":"https:\/\/www.europesays.com\/fr\/250783\/","title":{"rendered":"Cette ville de l&rsquo;Essonne est la deuxi\u00e8me destination francilienne pr\u00e9f\u00e9r\u00e9e des covoitureurs"},"content":{"rendered":"<p>            Par<br \/>\n        <strong><br \/>\n            <a href=\"https:\/\/actu.fr\/auteur\/glenn-gillet\" title=\"Consulter tous les articles de Glenn Gillet\" target=\"_blank\" rel=\"noopener\">Glenn Gillet<\/a><br \/>\n        <\/strong><\/p>\n<p>        Publi\u00e9 le<\/p>\n<p>            15 juil. 2025 \u00e0 6h12        <\/p>\n<p>L\u2019\u00e9t\u00e9 est synonyme de volont\u00e9 de <strong>d\u00e9paysement<\/strong>, pour ceux qui ont les moyens. Pour <a href=\"https:\/\/actu.fr\/tag\/voyage\" target=\"_blank\" rel=\"noopener\">voyager<\/a>, le covoiturage est une solution retenue par beaucoup de Fran\u00e7ais l\u2019\u00e9t\u00e9 mais aussi tout au long de l\u2019ann\u00e9e. La principale plateforme de <a href=\"https:\/\/actu.fr\/tag\/covoiturage\" target=\"_blank\" rel=\"noopener\">covoiturage<\/a> en France, <a href=\"https:\/\/actu.fr\/economie\/apres-le-covoiturage-et-le-bus-blablacar-s-attaque-au-train-des-billets-sncf-desormais-integres-a-l-appli_62642209.html\" target=\"_blank\" rel=\"noopener\">Blablacar<\/a>, a publi\u00e9 jeudi 10 juillet 2025 la liste des <strong>destinations les plus pris\u00e9es<\/strong> lors des trajets publi\u00e9s sur son site au cours des six premiers mois de l\u2019ann\u00e9e 2025. Et <strong>une ville de l\u2019Essonne<\/strong> est sur le podium francilien.<\/p>\n<p>Deux villes essonniennes dans le top 5 francilien<\/p>\n<p class=\" wall-content\">En premi\u00e8re position des destinations les plus pris\u00e9es en \u00cele-de-France et m\u00eame en France sur Blablacar, on retrouve Paris, qui prend pour la premi\u00e8re fois la t\u00eate du classement devant Lyon et Rennes. Mais la seconde place du classement francilien revient \u00e0 <strong>Massy<\/strong> en Essonne, avec Antony dans les Hauts-de-Seine pour compl\u00e9ter le classement. Une autre ville essonnienne se trouve dans le top\u00a010\u2009: <strong>\u00c9vry-Courcouronnes<\/strong>, qui se hisse \u00e0 la 4e place.<\/p>\n<p class=\" wall-content\">La ville est sans doute l\u2019arr\u00eat final pour une partie des covoitureurs, mais on peut imaginer sans risque qu\u2019elle n\u2019est en r\u00e9alit\u00e9 qu\u2019une \u00e9tape pour une part importante des voyageurs, puisqu\u2019elle permet de rejoindre rapidement et facilement beaucoup d\u2019autres villes du sud de l\u2019\u00cele-de-France, le plateau de Saclay et m\u00eame Paris, gr\u00e2ce \u00e0 ses <strong>nombreuses lignes de transports en commun<\/strong> (RER B et C, Transilien V, tram T12 et de nombreuses lignes de bus).<\/p>\n<p class=\" wall-content\">On remarque par ailleurs que Massy se place \u00e0 la <strong>33e place<\/strong> des destinations au classement national de Blablacar pour les six premiers mois de l\u2019ann\u00e9e 2025, soit 39 places de plus que pour la m\u00eame p\u00e9riode en 2024, montrant que la ville est de plus en plus pris\u00e9e par les covoitureurs. \u00c9vry-Courcouronnes se hisse par ailleurs \u00e0 la <strong>69e place<\/strong>, avec une augmentation de 83 places par rapport \u00e0 l\u2019ann\u00e9e derni\u00e8re.<\/p>\n<p class=\" wall-content\">Plus g\u00e9n\u00e9ralement, l\u2019\u00cele-de-France se place \u00e0 la quatri\u00e8me position des destinations r\u00e9gionales sur Blablacar, soit +\u00a03 places par rapport \u00e0 la m\u00eame p\u00e9riode en 2024. La plateforme de covoiturage pr\u00e9voit d\u2019ailleurs que \u00ab\u2009<strong>142\u2009526<\/strong> places de covoiturages seront propos\u00e9es cet \u00e9t\u00e9 \u00e0 destination de la r\u00e9gion\u2009\u00bb.<\/p>\n<p>Vid\u00e9os : en ce moment sur Actu<\/p>\n<p class=\" wall-content\">Suivez toute l\u2019actualit\u00e9 de vos villes et m\u00e9dias favoris en vous inscrivant \u00e0 <a href=\"https:\/\/moncompte.actu.fr\" title=\"D\u00e9couvez Mon Actu\" rel=\"nofollow noopener\" data-trk=\"{&quot;cta&quot;:{&quot;action&quot;:&quot;https:\\\/\\\/moncompte.actu.fr&quot;,&quot;category&quot;:&quot;mon compte&quot;,&quot;from&quot;:&quot;article footer&quot;,&quot;name&quot;:&quot;Mon actu&quot;,&quot;type&quot;:&quot;cta&quot;}}\" target=\"_blank\">Mon Actu<\/a>.<\/p>\n","protected":false},"excerpt":{"rendered":"Par Glenn Gillet Publi\u00e9 le 15 juil. 2025 \u00e0 6h12 L\u2019\u00e9t\u00e9 est synonyme de volont\u00e9 de d\u00e9paysement, pour&hellip;\n","protected":false},"author":2,"featured_media":250784,"comment_status":"","ping_status":"","sticky":false,"template":"","format":"standard","meta":{"footnotes":""},"categories":[1592],"tags":[1111,11,16745,1777,674,1011,27,662,12,626,25,104,3176,586],"class_list":{"0":"post-250783","1":"post","2":"type-post","3":"status-publish","4":"format-standard","5":"has-post-thumbnail","7":"category-ile-de-france","8":"tag-actu","9":"tag-actualites","10":"tag-covoiturage","11":"tag-eu","12":"tag-europe","13":"tag-fr","14":"tag-france","15":"tag-ile-de-france","16":"tag-news","17":"tag-paris","18":"tag-republique-francaise","19":"tag-societe","20":"tag-vacances-scolaires","21":"tag-voyage"},"share_on_mastodon":{"url":"https:\/\/pubeurope.com\/@fr\/114855405382196100","error":""},"_links":{"self":[{"href":"https:\/\/www.europesays.com\/fr\/wp-json\/wp\/v2\/posts\/250783","targetHints":{"allow":["GET"]}}],"collection":[{"href":"https:\/\/www.europesays.com\/fr\/wp-json\/wp\/v2\/posts"}],"about":[{"href":"https:\/\/www.europesays.com\/fr\/wp-json\/wp\/v2\/types\/post"}],"author":[{"embeddable":true,"href":"https:\/\/www.europesays.com\/fr\/wp-json\/wp\/v2\/users\/2"}],"replies":[{"embeddable":true,"href":"https:\/\/www.europesays.com\/fr\/wp-json\/wp\/v2\/comments?post=250783"}],"version-history":[{"count":0,"href":"https:\/\/www.europesays.com\/fr\/wp-json\/wp\/v2\/posts\/250783\/revisions"}],"wp:featuredmedia":[{"embeddable":true,"href":"https:\/\/www.europesays.com\/fr\/wp-json\/wp\/v2\/media\/250784"}],"wp:attachment":[{"href":"https:\/\/www.europesays.com\/fr\/wp-json\/wp\/v2\/media?parent=250783"}],"wp:term":[{"taxonomy":"category","embeddable":true,"href":"https:\/\/www.europesays.com\/fr\/wp-json\/wp\/v2\/categories?post=250783"},{"taxonomy":"post_tag","embeddable":true,"href":"https:\/\/www.europesays.com\/fr\/wp-json\/wp\/v2\/tags?post=250783"}],"curies":[{"name":"wp","href":"https:\/\/api.w.org\/{rel}","templated":true}]}}