{"id":250787,"date":"2025-07-15T04:40:09","date_gmt":"2025-07-15T04:40:09","guid":{"rendered":"https:\/\/www.europesays.com\/fr\/250787\/"},"modified":"2025-07-15T04:40:09","modified_gmt":"2025-07-15T04:40:09","slug":"paris-jsuis-bipolaire-tu-minvites-lea-vigier-autostoppeuse-et-militante-de-la-sante-mentale","status":"publish","type":"post","link":"https:\/\/www.europesays.com\/fr\/250787\/","title":{"rendered":"Paris. \u00ab\u00a0J&rsquo;suis bipolaire, tu m&rsquo;invites\u00a0\u00bb ? L\u00e9a Vigier, autostoppeuse et \u00ab\u00a0militante de la sant\u00e9 mentale\u00a0\u00bb"},"content":{"rendered":"<p>            Par<br \/>\n        <strong><br \/>\n            <a href=\"https:\/\/actu.fr\/auteur\/emilie-salabelle\" title=\"Consulter tous les articles de Emilie Salabelle\" rel=\"nofollow noopener\" target=\"_blank\">Emilie Salabelle<\/a><br \/>\n        <\/strong><\/p>\n<p>        Publi\u00e9 le<\/p>\n<p>            15 juil. 2025 \u00e0 6h28        <\/p>\n<p>Sortie de son rendez-vous hebdomadaire avec sa psy, L\u00e9a Vigier savoure le soleil sur une terrasse de caf\u00e9, une assiette de g\u00e2teau au chocolat devant elle pour que le bonheur soit complet. Si l\u2019on n\u2019avait peur de faire dans la formule toute faite, on dirait volontiers qu\u2019elle croque la vie \u00e0 pleines dents. Tout sourire dans sa combinaison de baroudeuse, la jeune femme, diagnostiqu\u00e9e <strong>bipolaire<\/strong> en f\u00e9vrier\u00a02024, confie de but en blanc\u2009: \u00ab<strong>\u2009Savoir que j\u2019\u00e9tais malade a \u00e9t\u00e9 le plus beau cadeau de mes 30\u00a0ans<\/strong>\u2009!\u2009\u00bb Apr\u00e8s sept ans d\u2019<a href=\"https:\/\/actu.fr\/societe\/j-ai-appris-a-me-taire-malades-ignorees-sans-diagnostic-elles-racontent-l-enfer-de-l-errance-medicale_62178307.html\" rel=\"nofollow noopener\" target=\"_blank\">errance m\u00e9dicale<\/a>, celle qui assure \u00ab\u2009avoir touch\u00e9 le fond sept fois\u2009\u00bb, jusqu\u2019\u00e0 fr\u00f4ler la mort, d\u00e9couvre depuis, gr\u00e2ce \u00e0 un traitement adapt\u00e9, \u00ab\u2009une autre vie\u2009\u00bb. Elle consacre d\u00e9sormais une grande partie de son temps et de son \u00e9nergie \u00e0 faire conna\u00eetre <a href=\"https:\/\/actu.fr\/societe\/je-suis-un-malade-mental-nicolas-demorand-devoile-sa-bipolarite-on-vous-explique-quel-est-ce-trouble_62424929.html\" rel=\"nofollow noopener\" target=\"_blank\">la bipolarit\u00e9<\/a>, un mot qui suscite <a href=\"https:\/\/actu.fr\/ile-de-france\/saint-cyr-l-ecole_78545\/les-maladies-mentales-ne-doivent-pas-faire-peur-dans-les-yvelines-ce-cafe-insolite-a-un-grand-projet_61464274.html\" rel=\"nofollow noopener\" target=\"_blank\">m\u00e9fiance, peur et r\u00e9actions de rejets<\/a>. Son dernier d\u00e9fi\u2009? Parcourir la France en autostop munie d\u2019un carton\u2009: \u00ab<strong>\u2009J\u2019suis bipolaire, tu m\u2019invites\u2009?<\/strong>\u2009\u00bb<\/p>\n<p>Une pancarte et du culot<\/p>\n<p class=\" wall-content\">D\u00e8s le d\u00e9but de son tour de France, la jeune femme, pourtant habitu\u00e9e \u00e0 partir \u00e0 l\u2019aventure \u2013 elle a par exemple travers\u00e9 l\u2019Europe avec 1\u00a0euro par jour en poche \u2013, a compris la difficult\u00e9 du d\u00e9fi qu\u2019elle s\u2019\u00e9tait lanc\u00e9. \u00ab\u2009Les premi\u00e8res r\u00e9actions n\u2019ont pas \u00e9t\u00e9 les plus tendres\u2009! J\u2019ai eu droit \u00e0 un doigt d\u2019honneur, \u00e0 un couple qui m\u2019a dit \u2018<strong>on ne prend pas une personne instable dans notre voiture<\/strong>\u2018, \u00e0 un autre qui m\u2019a conseill\u00e9 de jeter ma pancarte\u2026 Je me suis demand\u00e9 dans quelle gal\u00e8re je m\u2019\u00e9tais foutue\u2009\u00bb, rigole avec le recul la p\u00e9tillante trentenaire. \u00ab\u2009Je prenais personnellement tous les regards des gens et les mauvaises r\u00e9actions\u2009\u00bb.<\/p>\n<p class=\" wall-content\"><a href=\"https:\/\/www.instagram.com\/p\/DLe7ozvtXhx\/embed\" title=\"Ouvrir le lien sur Instagram\" rel=\"nofollow noopener\" target=\"_blank\">Visualiser le contenu sur Instagram<\/a><\/p>\n<p class=\" wall-content\">Heureusement, elle croise aussi sur sa route \u00ab\u2009des gens adorables\u2009\u00bb, qui l\u2019accueillent pour un bout de chemin ou l\u2019h\u00e9bergent le temps d\u2019une nuit. Son itin\u00e9raire, d\u00e9termin\u00e9 \u00e0 grands traits, s\u2019adapte au gr\u00e9 des rencontres. Comme ce jour o\u00f9 elle tombe sur un routier, \u00ab\u2009p\u00e9tri de pr\u00e9jug\u00e9s\u2009\u00bb, mais avec qui elle se marre. \u00ab\u2009Je devais aller \u00e0 Tours, il allait \u00e0 Brives. J\u2019ai d\u00e9cid\u00e9 de partir avec lui. On s\u2019est retrouv\u00e9 4\u00a0heures plus tard \u00e0 courir un 10\u00a0km. Et lui m\u2019a confi\u00e9 avoir chang\u00e9 d\u2019avis sur la maladie.\u2009\u00bb<\/p>\n<p class=\" wall-content\">Des histoires, la baroudeuse en a accumul\u00e9 pas mal au fil des \u00e9tapes. Marseille, Montpellier, Toulouse, Pau, Bordeaux, Paris, Troyes, Beaune, Gen\u00e8ve Aix\u2026 Au bout de la boucle, elle compte une cinquantaine de personnes rencontr\u00e9es, et \u00ab<strong>\u2009un million de petites victoires<\/strong>\u2009\u00bb. \u00ab\u2009Ils m\u2019ont donn\u00e9 de l\u2019\u00e9nergie. On a eu de supers \u00e9changes, et tous les gens avec qui j\u2019ai \u00e9chang\u00e9 m\u2019ont dit qu\u2019ils avaient chang\u00e9 d\u2019opinion, qu\u2019ils en parleraient autour d\u2019eux\u2009\u00bb.<\/p>\n<p class=\" wall-content\"><a href=\"https:\/\/www.instagram.com\/p\/DLh9shTN501\/embed\" title=\"Ouvrir le lien sur Instagram\" rel=\"nofollow noopener\" target=\"_blank\">Visualiser le contenu sur Instagram<\/a><\/p>\n<p>\u00abLes gens nous pensent dangereux\u2009\u00bb<\/p>\n<p class=\" wall-content\">Parce qu\u2019invisible, la bipolarit\u00e9 est un trouble m\u00e9connu, et donc sujet \u00e0 fantasmes. \u00ab\u2009Les gens nous pensent instables, impr\u00e9visibles, dangereux. La bipolarit\u00e9 suscite moins de compassion ou d\u2019empathie que d\u2019autres maladies, parce qu\u2019on a plus de mal \u00e0 s\u2019identifier. Moi-m\u00eame, j\u2019ai mis du temps \u00e0 accepter qu\u2019elle n\u2019allait pas dispara\u00eetre, que <strong>je serai malade \u00e0 vie<\/strong>. C\u2019est parfois tentant de se dire qu\u2019on va mieux et qu\u2019on peut arr\u00eater le traitement\u2009\u00bb.<\/p>\n<p>Vid\u00e9os : en ce moment sur Actu<\/p>\n<p class=\" wall-content\">Selon les chiffres officiels publi\u00e9s par la Haute Autorit\u00e9 de Sant\u00e9 (HAS), la bipolarit\u00e9 toucherait entre 1\u2009% et 2,5\u2009% de Fran\u00e7ais, mais ce chiffre est \u00ab\u2009tr\u00e8s certainement <strong>largement sous-estim\u00e9<\/strong>\u2009\u00bb. Souvent confondue \u00e0 tort avec une d\u00e9pression, elle est mal d\u00e9pist\u00e9e. <a href=\"https:\/\/actu.fr\/societe\/vous-etes-peut-etre-bipolaire-sans-le-savoir-ces-symptomes-qui-doivent-vous-alerter_60924243.html\" rel=\"nofollow noopener\" target=\"_blank\">Des ann\u00e9es d\u2019errance m\u00e9dicale<\/a> pr\u00e9c\u00e8dent le diagnostic. Pour L\u00e9a Vigier, il aura fallu sept ans.<\/p>\n<p>\u00ab\u2009Dans les hauts, t\u2019es J\u00e9sus, dans les bas, tu ne ressens plus rien\u2009\u00bb<\/p>\n<p class=\" wall-content\">Sous-jacente dans son patrimoine g\u00e9n\u00e9tique, la maladie s\u2019est d\u00e9clar\u00e9e chez elle vers l\u2019\u00e2ge de 23\u00a0ans, apr\u00e8s un choc \u00e9motionnel comme c\u2019est souvent le cas, en l\u2019occurrence, une temp\u00eate en \u00c9quateur. Elle encha\u00eene alors des phases d\u2019euphories, dites maniaques, et des phases de d\u00e9pressions profondes. Chacune dure plusieurs mois. \u00ab\u2009Je ne me rendais pas compte \u00e0 quel point ma vie \u00e9tait folle. <strong>Dans les hauts, t\u2019es J\u00e9sus<\/strong>. Tu n\u2019as pas besoin de dormir, tu as cinq id\u00e9es \u00e0 la minute, tu es pr\u00eate \u00e0 lancer un business, tu ressens tout follement. Le ciel est trop beau, tu pourrais devenir peintre pour en rendre compte. Et tu trouves les gens lents. Tu as une estime de toi d\u00e9mesur\u00e9e.\u2009\u00bb<\/p>\n<p class=\" wall-content\"><a href=\"https:\/\/www.instagram.com\/p\/DL2lhdYNUq1\/embed\" title=\"Ouvrir le lien sur Instagram\" rel=\"nofollow noopener\" target=\"_blank\">Visualiser le contenu sur Instagram<\/a><\/p>\n<p class=\" wall-content\">Les phases d\u00e9pressives sont \u00e0 l\u2019oppos\u00e9. \u00ab\u2009Tu ne ressens plus rien, tes neurones ne marchent plus. Tout est compliqu\u00e9, rien n\u2019est beau. La vie est une souffrance, \u00e0 tel point que je n\u2019avais plus envie de vivre. Penser \u00e0 la mort me faisait du bien.\u2009\u00bb<\/p>\n<p class=\" wall-content\">Entre ces deux phases, chaque projet, chaque rencontre amoureuse subit invariablement la m\u00eame chute. \u00ab\u2009C\u2019est de la <strong>destruction en boucle<\/strong>\u2009\u00bb, d\u00e9crit celle qui se pr\u00e9sente d\u00e9sormais comme une \u00ab\u2009militante de la sant\u00e9 mentale\u2009\u00bb.<\/p>\n<p>\u00ab\u2009Rester stable dans le chaos\u2009\u00bb<\/p>\n<p class=\" wall-content\">Aujourd\u2019hui, L\u00e9a Vigier compare volontiers sa maladie \u00e0 un diab\u00e8te. \u00ab\u2009C\u2019est <strong>un traitement et un suivi psy \u00e0 vie<\/strong>, c\u2019est lourd. Mais on apprend \u00e0 vivre avec.\u2009\u00bb Nomade depuis deux ans, elle partage son temps entre plusieurs activit\u00e9s. Directrice financi\u00e8re d\u2019une start-up, conf\u00e9renci\u00e8re en entreprise sur la sant\u00e9 mentale, elle consacre l\u2019essentiel de ses journ\u00e9es \u00e0 son \u00ab\u2009activit\u00e9 non r\u00e9mun\u00e9r\u00e9e\u2009\u00bb\u2009: \u00ab\u2009R\u00e9ussir \u00e0 faire entendre les enjeux sur la sant\u00e9 mentale, tout en me faisant plaisir \u00e0 travers des projets qui me font du bien\u2009\u00bb.<\/p>\n<p class=\" wall-content\">Sur les r\u00e9seaux sociaux, elle a rendu compte au jour le jour de son tour de France. \u00ab\u2009Beaucoup de bipolaires se sont sentis port\u00e9s, \u00e7a<strong> casse la honte<\/strong> qu\u2019on peut ressentir\u2009\u00bb. Dans sa d\u00e9marche, la jeune femme a lanc\u00e9 un <a href=\"https:\/\/www.helloasso.com\/associations\/les-etapes-de-l-espoir\/collectes\/le-tour-de-france-d-une-bipolaire#tickets\" rel=\"nofollow noopener\" target=\"_blank\">appel aux dons<\/a> pour soutenir l\u2019association Hopestage, qui propose des groupes de parole et des formations d\u00e9di\u00e9es aux personnes bipolaires, afin qu\u2019ils comprennent mieux leur maladie. Elle a d\u00e9j\u00e0 r\u00e9colt\u00e9 pr\u00e8s de 10\u2009000\u00a0euros. Un documentaire est \u00e9galement en cours de r\u00e9alisation.<\/p>\n<p class=\" wall-content\">Cette nouvelle vie lui convient parfaitement. \u00ab\u2009Je me sens align\u00e9e. Gr\u00e2ce \u00e0 mon traitement, je n\u2019ai plus du tout de crises comme avant. J\u2019ai toujours des phases hautes et basses, mais je sais les g\u00e9rer\u2009\u00bb. Son voyage est loin d\u2019\u00eatre termin\u00e9. En ao\u00fbt, elle a d\u00e9j\u00e0 pr\u00e9vu de repartir sur les routes avec sa pancarte. \u00ab\u2009Rester stable dans le chaos\u2009\u00bb de l\u2019aventure\u2009: une autre de ses victoires.<\/p>\n<p class=\" wall-content\">Suivez toute l\u2019actualit\u00e9 de vos villes et m\u00e9dias favoris en vous inscrivant \u00e0 <a href=\"https:\/\/moncompte.actu.fr\" title=\"D\u00e9couvez Mon Actu\" rel=\"nofollow noopener\" data-trk=\"{&quot;cta&quot;:{&quot;action&quot;:&quot;https:\\\/\\\/moncompte.actu.fr&quot;,&quot;category&quot;:&quot;mon compte&quot;,&quot;from&quot;:&quot;article footer&quot;,&quot;name&quot;:&quot;Mon actu&quot;,&quot;type&quot;:&quot;cta&quot;}}\" target=\"_blank\">Mon Actu<\/a>.<\/p>\n<p>                    <script async src=\"\/\/www.instagram.com\/embed.js\"><\/script><\/p>\n","protected":false},"excerpt":{"rendered":"Par Emilie Salabelle Publi\u00e9 le 15 juil. 2025 \u00e0 6h28 Sortie de son rendez-vous hebdomadaire avec sa psy,&hellip;\n","protected":false},"author":2,"featured_media":250788,"comment_status":"","ping_status":"","sticky":false,"template":"","format":"standard","meta":{"footnotes":""},"categories":[1888],"tags":[1111,1928,11,1927,1777,674,1011,27,1757,12,1926,626,1925,25,71,104],"class_list":{"0":"post-250787","1":"post","2":"type-post","3":"status-publish","4":"format-standard","5":"has-post-thumbnail","7":"category-paris","8":"tag-actu","9":"tag-actu-paris","10":"tag-actualites","11":"tag-actualites-paris","12":"tag-eu","13":"tag-europe","14":"tag-fr","15":"tag-france","16":"tag-insolite","17":"tag-news","18":"tag-news-paris","19":"tag-paris","20":"tag-paris-news","21":"tag-republique-francaise","22":"tag-sante","23":"tag-societe"},"share_on_mastodon":{"url":"https:\/\/pubeurope.com\/@fr\/114855413303648786","error":""},"_links":{"self":[{"href":"https:\/\/www.europesays.com\/fr\/wp-json\/wp\/v2\/posts\/250787","targetHints":{"allow":["GET"]}}],"collection":[{"href":"https:\/\/www.europesays.com\/fr\/wp-json\/wp\/v2\/posts"}],"about":[{"href":"https:\/\/www.europesays.com\/fr\/wp-json\/wp\/v2\/types\/post"}],"author":[{"embeddable":true,"href":"https:\/\/www.europesays.com\/fr\/wp-json\/wp\/v2\/users\/2"}],"replies":[{"embeddable":true,"href":"https:\/\/www.europesays.com\/fr\/wp-json\/wp\/v2\/comments?post=250787"}],"version-history":[{"count":0,"href":"https:\/\/www.europesays.com\/fr\/wp-json\/wp\/v2\/posts\/250787\/revisions"}],"wp:featuredmedia":[{"embeddable":true,"href":"https:\/\/www.europesays.com\/fr\/wp-json\/wp\/v2\/media\/250788"}],"wp:attachment":[{"href":"https:\/\/www.europesays.com\/fr\/wp-json\/wp\/v2\/media?parent=250787"}],"wp:term":[{"taxonomy":"category","embeddable":true,"href":"https:\/\/www.europesays.com\/fr\/wp-json\/wp\/v2\/categories?post=250787"},{"taxonomy":"post_tag","embeddable":true,"href":"https:\/\/www.europesays.com\/fr\/wp-json\/wp\/v2\/tags?post=250787"}],"curies":[{"name":"wp","href":"https:\/\/api.w.org\/{rel}","templated":true}]}}