{"id":250789,"date":"2025-07-15T04:41:29","date_gmt":"2025-07-15T04:41:29","guid":{"rendered":"https:\/\/www.europesays.com\/fr\/250789\/"},"modified":"2025-07-15T04:41:29","modified_gmt":"2025-07-15T04:41:29","slug":"credit-agricole-sa-median-technologies-vinpai-les-valeurs-a-suivre-aujourdhui-a-paris-14-07-2025-a-0906","status":"publish","type":"post","link":"https:\/\/www.europesays.com\/fr\/250789\/","title":{"rendered":"Cr\u00e9dit Agricole SA, Median Technologies, Vinpai&#8230; les valeurs \u00e0 suivre aujourd&rsquo;hui \u00e0 Paris &#8211; &#8211; 14\/07\/2025 \u00e0 09:06"},"content":{"rendered":"<p>\n (AOF) &#8211;<br \/>\n <strong><br \/>\n  <a href=\"https:\/\/www.boursorama.com\/cours\/1rPACA\/\" rel=\"nofollow noopener\" target=\"_blank\"><br \/>\n   Cr\u00e9dit Agricole SA<br \/>\n  <\/a><br \/>\n <\/strong>\n<\/p>\n<p>\n Le Conseil d&rsquo;administration de Cr\u00e9dit Agricole S.A. a approuv\u00e9 la demande d&rsquo;autorisation \u00e0 la BCE pour franchir le seuil des 20% du capital de Banco BPM. Muni de cette autorisation, le groupe bancaire, qui d\u00e9tient actuellement 19,8% du capital de Banco BPM, pr\u00e9voit d&rsquo;acqu\u00e9rir un nombre d&rsquo;actions suffisant pour situer sa participation dans Banco BPM imm\u00e9diatement au-dessus du seuil de 20% afin de se placer sous le r\u00e9gime de l&rsquo;influence notable et consolider ainsi sa participation par mise en \u00e9quivalence, en coh\u00e9rence avec son r\u00f4le d&rsquo;actionnaire de long terme et de partenaire de Banco BPM.\n<\/p>\n<p>\n <a href=\"https:\/\/www.boursorama.com\/cours\/1rPRF\/\" rel=\"nofollow noopener\" target=\"_blank\"><br \/>\n  Eurazeo<br \/>\n <\/a>\n<\/p>\n<p>\n Eurazeo a annonc\u00e9 \u00eatre entr\u00e9 en discussions exclusives avec la holding europ\u00e9enne du groupe Ferrara Candy, une soci\u00e9t\u00e9 de confiserie de sucre de premier plan aux \u00c9tats-Unis, en vue de la cession de CPK, sp\u00e9cialiste europ\u00e9en de la confiserie. \u00c0 l&rsquo;issue de l&rsquo;op\u00e9ration, un montant d&rsquo;environ 240 millions aura \u00e9t\u00e9 retourn\u00e9 au bilan de la soci\u00e9t\u00e9 d&rsquo;investissement. Eurazeo pr\u00e9cise que ce montant comprend les dividendes d\u00e9j\u00e0 per\u00e7us. La transaction devrait \u00eatre finalis\u00e9e au cours du quatri\u00e8me trimestre 2025.\n<\/p>\n<p>\n <strong><br \/>\n  <a href=\"https:\/\/www.boursorama.com\/cours\/1rPALMDT\/\" rel=\"nofollow noopener\" target=\"_blank\"><br \/>\n   Median Technologies<br \/>\n  <\/a><br \/>\n <\/strong>\n<\/p>\n<p>\n Median Technologies annonce avoir sign\u00e9 un accord de financement avec la Banque Europ\u00e9enne d&rsquo;Investissement (BEI) pour une nouvelle ligne de financement allant jusqu&rsquo;\u00e0 37,5 millions d&rsquo;euros.La ligne de financement 2025 de la BEI pourra \u00eatre tir\u00e9e en trois tranches : une tranche A de 19 millions d&rsquo;euros, une tranche B de 8,5 millions d&rsquo;euros et une tranche C de 10 millions d&rsquo;euros. La soci\u00e9t\u00e9 sp\u00e9cialis\u00e9e dans les logiciels dispositifs m\u00e9dicaux demandera le tirage de la tranche A de 19 millions, d\u00e8s que les conditions contractuelles rattach\u00e9es \u00e0 cette tranche seront remplies.\n<\/p>\n<p>\n <strong><br \/>\n  Thermador Groupe<br \/>\n <\/strong>\n<\/p>\n<p>\n Au deuxi\u00e8me trimestre, Thermador Groupe a enregistr\u00e9 une contraction plus faible de son activit\u00e9 que sur les 3 premiers mois de l\u2019ann\u00e9e. Le chiffre d\u2019affaires a recul\u00e9 de seulement 1,2 % \u00e0 128,768 millions d\u2019euros, contre une baisse de 8 % \u00e0 129,913 millions d\u2019euros au premier trimestre. Sur l\u2019ensemble du premier semestre, les revenus du sp\u00e9cialiste des gammes de produits pour le chauffage central, la plomberie et le sanitaire, ont recul\u00e9 de 4,7 %, ou de 5,6 % \u00e0 p\u00e9rim\u00e8tre constant, \u00e0 258,681 millions d\u2019euros.\n<\/p>\n<p>\n <strong><br \/>\n  <a href=\"https:\/\/www.boursorama.com\/cours\/1rPVLA\/\" rel=\"nofollow noopener\" target=\"_blank\"><br \/>\n   Valneva<br \/>\n  <\/a><br \/>\n <\/strong>\n<\/p>\n<p>\n L\u2019Agence europ\u00e9enne des m\u00e9dicaments va lever sa restriction temporaire sur la vaccination des personnes \u00e2g\u00e9es de 65 ans et plus avec le vaccin \u00e0 dose unique de Valneva contre le chikungunya. L\u2019autorit\u00e9 europ\u00e9enne a achev\u00e9 une revue compl\u00e8te de ce vaccin par le comit\u00e9 pour l\u2019\u00e9valuation des risques en mati\u00e8re de pharmacovigilance. Cette revue a eu lieu apr\u00e8s l\u2019annonce, d\u00e9but mai, de 17 cas d\u2019effets ind\u00e9sirables graves (dont deux d\u00e9c\u00e8s) chez des personnes \u00e2g\u00e9es pr\u00e9sentant des conditions m\u00e9dicales sous-jacentes importantes et\/ou recevant d\u00e9j\u00e0 diff\u00e9rents traitements m\u00e9dicaux.\n<\/p>\n<p>\n <strong><br \/>\n  <a href=\"https:\/\/www.boursorama.com\/cours\/1rPDG\/\" rel=\"nofollow noopener\" target=\"_blank\"><br \/>\n   Vinci<br \/>\n  <\/a><br \/>\n <\/strong>\n<\/p>\n<p>\n Vinci a annonc\u00e9 l&rsquo;arriv\u00e9e de Thierry Mirville \u00e0 sa direction financi\u00e8re d\u00e8s le 1er octobre prochain en tant que directeur financier adjoint. Il rapportera \u00e0 Christian Labeyrie, directeur g\u00e9n\u00e9ral adjoint et directeur financier du groupe de BTP et de concessions. \u00a0\u00bb Cette nomination s&rsquo;inscrit dans la perspective du d\u00e9part \u00e0 la retraite de Christian Labeyrie qui interviendra en 2026 \u00ab\u00a0, pr\u00e9cise Vinci.\n<\/p>\n<p>\n <strong><br \/>\n  Vinpai<br \/>\n <\/strong><\/p>\n","protected":false},"excerpt":{"rendered":"(AOF) &#8211; Cr\u00e9dit Agricole SA Le Conseil d&rsquo;administration de Cr\u00e9dit Agricole S.A. a approuv\u00e9 la demande d&rsquo;autorisation \u00e0&hellip;\n","protected":false},"author":2,"featured_media":2554,"comment_status":"","ping_status":"","sticky":false,"template":"","format":"standard","meta":{"footnotes":""},"categories":[1888],"tags":[400,1111,1928,11,1927,398,408,405,1777,674,1011,27,403,402,399,404,12,1926,626,1925,25,401,406,407],"class_list":{"0":"post-250789","1":"post","2":"type-post","3":"status-publish","4":"format-standard","5":"has-post-thumbnail","7":"category-paris","8":"tag-action-cac-40","9":"tag-actu","10":"tag-actu-paris","11":"tag-actualites","12":"tag-actualites-paris","13":"tag-bourse-de-paris","14":"tag-boursorama","15":"tag-cotations","16":"tag-eu","17":"tag-europe","18":"tag-fr","19":"tag-france","20":"tag-indices-devises","21":"tag-investir","22":"tag-investissement","23":"tag-marche-boursier","24":"tag-news","25":"tag-news-paris","26":"tag-paris","27":"tag-paris-news","28":"tag-republique-francaise","29":"tag-sicav","30":"tag-trackers","31":"tag-warrants"},"share_on_mastodon":{"url":"https:\/\/pubeurope.com\/@fr\/114855417430902277","error":""},"_links":{"self":[{"href":"https:\/\/www.europesays.com\/fr\/wp-json\/wp\/v2\/posts\/250789","targetHints":{"allow":["GET"]}}],"collection":[{"href":"https:\/\/www.europesays.com\/fr\/wp-json\/wp\/v2\/posts"}],"about":[{"href":"https:\/\/www.europesays.com\/fr\/wp-json\/wp\/v2\/types\/post"}],"author":[{"embeddable":true,"href":"https:\/\/www.europesays.com\/fr\/wp-json\/wp\/v2\/users\/2"}],"replies":[{"embeddable":true,"href":"https:\/\/www.europesays.com\/fr\/wp-json\/wp\/v2\/comments?post=250789"}],"version-history":[{"count":0,"href":"https:\/\/www.europesays.com\/fr\/wp-json\/wp\/v2\/posts\/250789\/revisions"}],"wp:featuredmedia":[{"embeddable":true,"href":"https:\/\/www.europesays.com\/fr\/wp-json\/wp\/v2\/media\/2554"}],"wp:attachment":[{"href":"https:\/\/www.europesays.com\/fr\/wp-json\/wp\/v2\/media?parent=250789"}],"wp:term":[{"taxonomy":"category","embeddable":true,"href":"https:\/\/www.europesays.com\/fr\/wp-json\/wp\/v2\/categories?post=250789"},{"taxonomy":"post_tag","embeddable":true,"href":"https:\/\/www.europesays.com\/fr\/wp-json\/wp\/v2\/tags?post=250789"}],"curies":[{"name":"wp","href":"https:\/\/api.w.org\/{rel}","templated":true}]}}