{"id":25079,"date":"2025-04-14T20:02:12","date_gmt":"2025-04-14T20:02:12","guid":{"rendered":"https:\/\/www.europesays.com\/fr\/25079\/"},"modified":"2025-04-14T20:02:12","modified_gmt":"2025-04-14T20:02:12","slug":"pekin-veut-entrainer-le-vietnam-dans-son-opposition-a-donald-trump","status":"publish","type":"post","link":"https:\/\/www.europesays.com\/fr\/25079\/","title":{"rendered":"P\u00e9kin veut entra\u00eener le Vietnam dans son opposition \u00e0 Donald Trump&#8230;"},"content":{"rendered":"<p>Les principales organisations patronales sont r\u00e9unies \u00e0 Bercy pour un premier \u00ab\u00a0Conseil des entreprises\u00a0\u00bb, afin de dialoguer avec les ministres sur des sujets comme les droits de douane.<\/p>\n<p>Il s\u2019agit, a expliqu\u00e9 \u00e0 la presse le ministre de l\u2019Economie Eric Lombard avant la r\u00e9union, \u00ab\u00a0de nouer un dialogue sur la situation de notre pays, \u00e0 un moment o\u00f9 on est dans une n\u00e9gociation difficile avec les Am\u00e9ricains, o\u00f9 on est aussi dans la pr\u00e9paration d\u2019un budget de\u00a02026 auquel nous souhaitons les associer\u00a0\u00bb.<\/p>\n<p>Outre les \u00e9quipes minist\u00e9rielles, \u00e9taient ainsi r\u00e9unis autour de la table lundi les responsables du Medef, de la CPME, de l\u2019U2P, les trois organisations patronales repr\u00e9sentatives, et ceux de l\u2019Afep (association fran\u00e7aise des entreprises priv\u00e9es), le lobby des grandes entreprises. Ces r\u00e9unions devraient avoir lieu environ tous les mois et demi, selon Bercy.<\/p>\n","protected":false},"excerpt":{"rendered":"Les principales organisations patronales sont r\u00e9unies \u00e0 Bercy pour un premier \u00ab\u00a0Conseil des entreprises\u00a0\u00bb, afin de dialoguer avec&hellip;\n","protected":false},"author":2,"featured_media":25080,"comment_status":"","ping_status":"","sticky":false,"template":"","format":"standard","meta":{"footnotes":""},"categories":[6],"tags":[47,35,309,75,981,33,34,73,5798,1011,27,5799,74,133,7084],"class_list":{"0":"post-25079","1":"post","2":"type-post","3":"status-publish","4":"format-standard","5":"has-post-thumbnail","7":"category-economie","8":"tag-actualite","9":"tag-business","10":"tag-chine","11":"tag-donald-trump","12":"tag-douane","13":"tag-economie","14":"tag-economy","15":"tag-etats-unis","16":"tag-exportation","17":"tag-fr","18":"tag-france","19":"tag-importation","20":"tag-monde","21":"tag-video","22":"tag-xi-jinping"},"share_on_mastodon":{"url":"https:\/\/pubeurope.com\/@fr\/114338106317345238","error":""},"_links":{"self":[{"href":"https:\/\/www.europesays.com\/fr\/wp-json\/wp\/v2\/posts\/25079","targetHints":{"allow":["GET"]}}],"collection":[{"href":"https:\/\/www.europesays.com\/fr\/wp-json\/wp\/v2\/posts"}],"about":[{"href":"https:\/\/www.europesays.com\/fr\/wp-json\/wp\/v2\/types\/post"}],"author":[{"embeddable":true,"href":"https:\/\/www.europesays.com\/fr\/wp-json\/wp\/v2\/users\/2"}],"replies":[{"embeddable":true,"href":"https:\/\/www.europesays.com\/fr\/wp-json\/wp\/v2\/comments?post=25079"}],"version-history":[{"count":0,"href":"https:\/\/www.europesays.com\/fr\/wp-json\/wp\/v2\/posts\/25079\/revisions"}],"wp:featuredmedia":[{"embeddable":true,"href":"https:\/\/www.europesays.com\/fr\/wp-json\/wp\/v2\/media\/25080"}],"wp:attachment":[{"href":"https:\/\/www.europesays.com\/fr\/wp-json\/wp\/v2\/media?parent=25079"}],"wp:term":[{"taxonomy":"category","embeddable":true,"href":"https:\/\/www.europesays.com\/fr\/wp-json\/wp\/v2\/categories?post=25079"},{"taxonomy":"post_tag","embeddable":true,"href":"https:\/\/www.europesays.com\/fr\/wp-json\/wp\/v2\/tags?post=25079"}],"curies":[{"name":"wp","href":"https:\/\/api.w.org\/{rel}","templated":true}]}}