{"id":250790,"date":"2025-07-15T04:42:24","date_gmt":"2025-07-15T04:42:24","guid":{"rendered":"https:\/\/www.europesays.com\/fr\/250790\/"},"modified":"2025-07-15T04:42:24","modified_gmt":"2025-07-15T04:42:24","slug":"14-juillet-a-paris-qui-est-eloiz-lancienne-gendarme-qui-va-chanter-la-marseillaise-lors-du-defile","status":"publish","type":"post","link":"https:\/\/www.europesays.com\/fr\/250790\/","title":{"rendered":"14\u00a0Juillet \u00e0 Paris\u00a0: qui est Elo\u00efz, l\u2019ancienne gendarme qui va chanter \u00ab\u00a0La Marseillaise\u00a0\u00bb lors du d\u00e9fil\u00e9\u00a0?"},"content":{"rendered":"<p class=\"paragraph text_align_left lp-f-body-02\">\u00ab Je vais r\u00e9aliser un r\u00eave. \u00bb Elo\u00efz le r\u00e9p\u00e8te deux fois pour se convaincre que, justement, elle ne r\u00eave pas. Du haut de ses vingt-six printemps, c\u2019est elle qui va avoir l\u2019honneur et la responsabilit\u00e9 &#8211; avec le chanteur Yvard &#8211; d\u2019interpr\u00e9ter ce lundi \u00e0 11h45 \u00ab La Marseillaise \u00bb en cl\u00f4ture du <a href=\"https:\/\/www.leparisien.fr\/paris-75\/paris-metros-fermes-circulation-interdite-securite-le-dispositif-complet-pour-le-defile-et-le-concert-du-14-juillet-13-07-2025-IPW23YXFRJE2RPIO2MY2QXDMRQ.php\" target=\"_blank\" rel=\"noreferrer nofollow noopener\">d\u00e9fil\u00e9 du 14 Juillet<\/a>. Au pied de l\u2019Ob\u00e9lisque de la Concorde, devant le pr\u00e9sident de la R\u00e9publique, le gouvernement et dix millions de t\u00e9l\u00e9spectateurs.<\/p>\n<p class=\"paragraph text_align_left lp-f-body-02\">Pour beaucoup, ce sera une d\u00e9couverte. Elo\u00efz n\u2019est chanteuse professionnelle que depuis deux ans. La chanteuse au Stetson a fait parler d\u2019elle d\u00e8s son premier titre, le tr\u00e8s radiophonique \u00ab Hey Bro \u00bb, \u00ab \u00e9crite \u00e0 16 ans \u00bb &#8211; tout juste certifi\u00e9 single de platine pour trente millions d\u2019\u00e9coutes en streaming payant &#8211; mais elle n\u2019a pas encore fait de vraie tourn\u00e9e solo et reste m\u00e9connue du grand public.<\/p>\n<p class=\"paragraph text_align_left lp-f-body-02\">Avant d\u2019attraper le virus du micro, et c\u2019est ce qui la rend si fi\u00e8re de chanter \u00ab La Marseillaise \u00bb, Elo\u00efse Lapaille \u00e9tait gendarme, brigadier-chef dans le Nord, sa r\u00e9gion natale.<\/p>\n<p class=\"paragraph text_align_left lp-f-body-02\">\u00ab J\u2019ai travaill\u00e9 pendant quatre ann\u00e9es dans une brigade territoriale. Je faisais tout, des accidents aux interpellations, j\u2019ai ador\u00e9. D\u2019ailleurs, je suis rest\u00e9e r\u00e9serviste, par respect et reconnaissance. Mais je n\u2019oubliais pas ma passion pour la musique. Quand je n\u2019\u00e9tais pas en intervention, ou au Lille M\u00e9tropole Basket Club &#8211; j\u2019ai aussi \u00e9t\u00e9 basketteuse seize ans, arbitre dix ans et coache deux ans -, j\u2019\u00e9crivais des chansons. \u00bb<\/p>\n<p>Son passage \u00e0 \u00ab La France a un incroyable talent \u00bb, un d\u00e9clencheur<\/p>\n<p class=\"paragraph text_align_left lp-f-body-02\">C\u2019est son passage \u00e0 \u00ab La France a un incroyable talent \u00bb en 2020 qui a tout chang\u00e9. \u00ab Je n\u2019ai chant\u00e9 qu\u2019une fois, j\u2019ai re\u00e7u quatre oui du jury, mais je n\u2019ai pas \u00e9t\u00e9 gard\u00e9e en demi-finale, car il y avait trop de chanteurs, explique-t-elle. Je n\u2019ai eu aucune retomb\u00e9e apr\u00e8s. Mais \u00e7a a \u00e9t\u00e9 un d\u00e9clic. Sur cette premi\u00e8re sc\u00e8ne, je me suis sentie \u00e0 ma place et je me suis mise \u00e0 \u00e9crire des chansons. \u00bb<\/p>\n<p class=\"paragraph text_align_left lp-f-body-02\">Trois ans plus tard, \u00ab Hey Bro \u00bb est tomb\u00e9e dans l\u2019oreille d\u2019un producteur qui a du nez, S\u00e9bastien Saussez, le boss du label Jo &amp; Co (Hoshi, Claudio Capeo, \u00c9lisa Tovati, Les Frangines\u2026).<\/p>\n<p class=\"paragraph text_align_left lp-f-body-02\">\u00ab Je ne connaissais personne dans la musique et j\u2019avais peur de ne pas avoir les codes lors de notre premier rendez-vous, raconte-t-elle. Je voulais faire de la pop, comme tout le monde, mais il m\u2019a r\u00e9v\u00e9l\u00e9 ce que je voulais vraiment faire, de la folk country en fran\u00e7ais. \u00bb<\/p>\n<p class=\"paragraph text_align_left lp-f-body-02\">Ce qui \u00e9tait un risque au d\u00e9part est devenu une identit\u00e9 et une singularit\u00e9 en France. \u00ab Je pensais que \u00e7a n\u2019int\u00e9ressait pas grand monde, mais mon premier album, sorti en juin 2024, s\u2019est vendu \u00e0 25 000 exemplaires et m\u2019a permis de faire pas mal de concerts et de festivals. \u00bb<\/p>\n<p>Une chanson in\u00e9dite pour les bless\u00e9s de guerre sign\u00e9e Jean-Jacques Goldman<\/p>\n<p class=\"paragraph text_align_left lp-f-body-02\">Sa chanson \u00ab Hey Bro \u00bb et un clip dans lequel elle apparaissait dans son costume de gendarme lui ont aussi permis d\u2019\u00eatre rep\u00e9r\u00e9e par<a href=\"https:\/\/www.leparisien.fr\/culture-loisirs\/absent-depuis-bientot-une-decennie-jean-jacques-goldman-va-bientot-faire-son-retour-a-la-television-03-07-2025-NHAKZOANWRFD3BBH2O47XZ4BWQ.php\" target=\"_self\" rel=\"nofollow noopener\"> Jean-Jacques Goldman. <\/a>Lorsque ce dernier a \u00e9t\u00e9 contact\u00e9 par le \u00ab Bleuet de France \u00bb et a accept\u00e9 d\u2019offrir <a href=\"https:\/\/www.leparisien.fr\/culture-loisirs\/musique\/cest-un-immense-cadeau-comment-est-nee-la-nouvelle-chanson-de-jean-jacques-goldman-on-sera-la-11-04-2025-PZHMG7NQBVGE7PNLASOTVTIQEI.php\" target=\"_self\" rel=\"nofollow noopener\">une chanson in\u00e9dite<\/a> pour les bless\u00e9s de guerre, il a tout de suite pens\u00e9 \u00e0 Elo\u00efz et \u00e0 un autre ancien gendarme, <a href=\"https:\/\/www.leparisien.fr\/culture-loisirs\/musique\/jean-jacques-goldman-a-ecrit-une-chanson-pour-le-concert-solidaire-du-bleuet-de-france-25-03-2025-TSZUTGQZ3FB6TADZCOF5TULOYA.php\" target=\"_self\" rel=\"nofollow noopener\">Yvard<\/a>, rockeur et <a href=\"https:\/\/www.leparisien.fr\/paris-75\/paris-decouvrez-l-hopital-des-gueules-cassees-22-03-2019-8037927.php\" target=\"_self\" rel=\"nofollow noopener\">\u00ab gueule cass\u00e9e \u00bb<\/a>, pour l\u2019interpr\u00e9ter.<\/p>\n<p class=\"paragraph text_align_left lp-f-body-02\">Ils se sont retrouv\u00e9s tous les trois en studio en mars dernier \u00e0 Paris. \u00ab Un moment suspendu, nous avouait Elo\u00efz apr\u00e8s l\u2019avoir chant\u00e9 \u00e0 la salle Pleyel lors du Gala du Bleuet. On a d\u2019abord r\u00e9p\u00e9t\u00e9 tous les deux en piano-voix et ensuite, j\u2019ai enregistr\u00e9 mes parties. Cela n\u2019a pris qu\u2019un quart d\u2019heure. Jean-Jacques Goldman est tr\u00e8s studieux, sait ce qu\u2019il veut mais laisse le choix aux artistes. Il est tr\u00e8s humble, tr\u00e8s facile et la cause lui tient \u00e0 c\u0153ur. \u00bb<\/p>\n<p>Un duo avec Florent Pagny et un autre avec Ga\u00ebtan Roussel<\/p>\n<p class=\"paragraph text_align_left lp-f-body-02\">Elo\u00efz n\u2019\u00e9tait pas au bout de ses surprises. Depuis, elle a enregistr\u00e9 un duo avec<a href=\"https:\/\/www.leparisien.fr\/culture-loisirs\/musique\/florent-pagny\/\" target=\"_self\" rel=\"nofollow noopener\"> Florent Pagny<\/a> et un autre avec <a href=\"https:\/\/www.leparisien.fr\/culture-loisirs\/musique\/gaetan-roussel-alain-bashung-m-a-donne-le-gout-de-l-aventure-19-03-2021-8429114.php\" target=\"_self\" rel=\"nofollow noopener\">Ga\u00ebtan Roussel,<\/a> qui figureront sur son deuxi\u00e8me album, attendu le 24 octobre prochain. \u00ab Florent Pagny, c\u2019est mon premier album achet\u00e9 et mon premier concert, c\u2019est dire s\u2019il compte pour moi, sourit-elle. Ga\u00ebtan Roussel, en solo et dans Louise Attaque, est mon autre chanteur pr\u00e9f\u00e9r\u00e9. Quelle ann\u00e9e ! \u00bb<\/p>\n<p class=\"paragraph text_align_left lp-f-body-02\">Son deuxi\u00e8me disque s\u2019intitulera \u00ab Les Grands espaces \u00bb et r\u00e9unira douze chansons, dont un hommage au Nord et \u00e0 sa rivi\u00e8re, \u00ab La De\u00fble pour oc\u00e9an \u00bb. Elle a co\u00e9crit et compos\u00e9 la majorit\u00e9 des titres avec Edi Casabella, son manager, et Igit.<\/p>\n<p class=\"paragraph text_align_left lp-f-body-02\">\u00ab Je vais assumer \u00e0 100 % la country en fran\u00e7ais et les santiags, annonce cette grande fan de Johnny Cash et Tracy Chapman. Je suis la seule dans ce cr\u00e9neau. Je r\u00eave aussi de faire un jour l\u2019Eurovision avec des danseuses et un d\u00e9cor country. \u00bb<\/p>\n","protected":false},"excerpt":{"rendered":"\u00ab Je vais r\u00e9aliser un r\u00eave. \u00bb Elo\u00efz le r\u00e9p\u00e8te deux fois pour se convaincre que, justement, elle&hellip;\n","protected":false},"author":2,"featured_media":250791,"comment_status":"","ping_status":"","sticky":false,"template":"","format":"standard","meta":{"footnotes":""},"categories":[1888],"tags":[11,872,1777,674,1011,27,873,12,626,25],"class_list":{"0":"post-250790","1":"post","2":"type-post","3":"status-publish","4":"format-standard","5":"has-post-thumbnail","7":"category-paris","8":"tag-actualites","9":"tag-culture-et-loisirs","10":"tag-eu","11":"tag-europe","12":"tag-fr","13":"tag-france","14":"tag-musique","15":"tag-news","16":"tag-paris","17":"tag-republique-francaise"},"share_on_mastodon":{"url":"https:\/\/pubeurope.com\/@fr\/114855421159206081","error":""},"_links":{"self":[{"href":"https:\/\/www.europesays.com\/fr\/wp-json\/wp\/v2\/posts\/250790","targetHints":{"allow":["GET"]}}],"collection":[{"href":"https:\/\/www.europesays.com\/fr\/wp-json\/wp\/v2\/posts"}],"about":[{"href":"https:\/\/www.europesays.com\/fr\/wp-json\/wp\/v2\/types\/post"}],"author":[{"embeddable":true,"href":"https:\/\/www.europesays.com\/fr\/wp-json\/wp\/v2\/users\/2"}],"replies":[{"embeddable":true,"href":"https:\/\/www.europesays.com\/fr\/wp-json\/wp\/v2\/comments?post=250790"}],"version-history":[{"count":0,"href":"https:\/\/www.europesays.com\/fr\/wp-json\/wp\/v2\/posts\/250790\/revisions"}],"wp:featuredmedia":[{"embeddable":true,"href":"https:\/\/www.europesays.com\/fr\/wp-json\/wp\/v2\/media\/250791"}],"wp:attachment":[{"href":"https:\/\/www.europesays.com\/fr\/wp-json\/wp\/v2\/media?parent=250790"}],"wp:term":[{"taxonomy":"category","embeddable":true,"href":"https:\/\/www.europesays.com\/fr\/wp-json\/wp\/v2\/categories?post=250790"},{"taxonomy":"post_tag","embeddable":true,"href":"https:\/\/www.europesays.com\/fr\/wp-json\/wp\/v2\/tags?post=250790"}],"curies":[{"name":"wp","href":"https:\/\/api.w.org\/{rel}","templated":true}]}}