{"id":250792,"date":"2025-07-15T04:43:16","date_gmt":"2025-07-15T04:43:16","guid":{"rendered":"https:\/\/www.europesays.com\/fr\/250792\/"},"modified":"2025-07-15T04:43:16","modified_gmt":"2025-07-15T04:43:16","slug":"les-jeunes-handballeurs-decouche-ont-affronte-le-monde-entier-a-paris","status":"publish","type":"post","link":"https:\/\/www.europesays.com\/fr\/250792\/","title":{"rendered":"Les jeunes handballeurs d\u2019\u00c9couch\u00e9 ont affront\u00e9 le monde entier \u00e0 Paris"},"content":{"rendered":"<p>            Par<br \/>\n        <strong><br \/>\n            <a href=\"https:\/\/actu.fr\/auteur\/journaliste-journaldelorne\" title=\"Consulter tous les articles de R\u00e9daction JO\" rel=\"nofollow noopener\" target=\"_blank\">R\u00e9daction JO<\/a><br \/>\n        <\/strong><\/p>\n<p>        Publi\u00e9 le<\/p>\n<p>            15 juil. 2025 \u00e0 6h16        <\/p>\n<p>Implant\u00e9e dans l\u2019Orne depuis plus de 30\u00a0ans, l\u2019association sportive HandBall Club <a href=\"https:\/\/actu.fr\/normandie\/ecouche-les-vallees_61153\" rel=\"nofollow noopener\" target=\"_blank\">\u00c9couch\u00e9<\/a> (<a href=\"https:\/\/actu.fr\/normandie\/orne_61\" rel=\"nofollow noopener\" target=\"_blank\">Orne<\/a>) a \u00e9crit une belle page de son histoire avec la participation de <b>12 jeunes<\/b> aux Paris World Games, un <b>tournoi international<\/b> \u00e0 <b>Paris<\/b> du <b>7 au 12\u00a0juillet 2025<\/b>.<\/p>\n<p>Contact\u00e9 par PSG handball<\/p>\n<p class=\" wall-content\">Le tournoi rassemble chaque ann\u00e9e des handballeurs, footballeurs, rugbymen et basketteurs de 10-19\u00a0ans issus du monde entier.<\/p>\n<p class=\" wall-content\">Contact\u00e9 par le mythique club du <a href=\"https:\/\/actu.fr\/ile-de-france\/creteil_94028\/handball-le-psg-champion-creteil-rejoint-ivry-en-2e-division_62731805.html\" rel=\"nofollow noopener\" target=\"_blank\">PSG Handball<\/a>, le club \u00e9cub\u00e9en \u00e9tait repr\u00e9sent\u00e9 par son \u00e9quipe de <b>moins de 15\u00a0ans<\/b> compos\u00e9e d\u2019<b>Eddy, Hugo (2), Jules, Louis, Nolan, Paul, Rapha\u00ebl (2), Simon, Thim\u00e9o et Tom<\/b>.<\/p>\n<p>Des matchs de handball contre des \u00e9quipes du monde entier<\/p>\n<p class=\" wall-content\">Pour leur premi\u00e8re rencontre, l\u2019\u00e9quipe a battu la <b>Turquie<\/b> (24-21) avant de s\u2019incliner contre <b>Bois-Colombes<\/b>, le <b>Br\u00e9sil<\/b>, <b>La Martinique<\/b> et l\u2019<b>Espagne<\/b>.<\/p>\n<p class=\" wall-content\">Un bilan n\u00e9gatif dans les chiffres mais l\u2019essentiel \u00e9tait d\u2019ailleurs pour les gar\u00e7ons.<\/p>\n<p>Vid\u00e9os : en ce moment sur Actu<\/p>\n<p class=\" wall-content\">\u00ab\u2009Tous les coachs des diff\u00e9rentes cat\u00e9gories pouvaient candidater. D\u00e8s que Jimmy Bidault et moi-m\u00eame avons pr\u00e9sent\u00e9 le projet \u00e0 notre \u00e9quipe, la r\u00e9ponse ne s\u2019est pas fait attendre. Imm\u00e9diatement, l\u2019enthousiasme \u00e9tait \u00e0 son comble\u2009\u00bb, explique <b>G\u00e9raldine Morin-Binet<\/b>, <b>coach<\/b>.<\/p>\n<p>Un voyage \u00e0 6\u2009500\u00a0\u20ac<\/p>\n<p class=\" wall-content\">Mais, ce voyage impliquait de rassembler suffisamment de fonds pour couvrir les <b>frais de transport<\/b>, d\u2019<b>h\u00e9bergement pour 5\u00a0jours<\/b>, <b>l\u2019achat de maillots<\/b> \u00e0 l\u2019effigie du club et une <b>gourde personnalis\u00e9e<\/b> au pr\u00e9nom de chaque joueur.<\/p>\n<p class=\" wall-content\">Avec le soutien de Morgane Leli\u00e8vre, pr\u00e9sidente du HandBall Club \u00c9couch\u00e9, les managers et la douzaine de participants ont retrouss\u00e9 leurs manches pour r\u00e9unir <b>6\u2009500\u00a0\u20ac<\/b>.<\/p>\n<blockquote class=\"ac-article-quote wall-content\">\n<p>Ce s\u00e9jour \u00e9tait une belle opportunit\u00e9 qui leur a permis de rencontrer d\u2019autres joueurs internationaux, du m\u00eame \u00e2ge, dans un esprit comp\u00e9titif, mais dans une ambiance festive.<\/p>\n<p>G\u00e9raldine Morin-Binet, coach.<\/p><\/blockquote>\n<p>    <img   decoding=\"async\" loading=\"lazy\" class=\"size-large\" src=\"https:\/\/www.europesays.com\/fr\/wp-content\/uploads\/2025\/07\/1c4201fee4786a25201fee478f6520v-960x640.jpg\" alt=\"Le club \u00c9cub\u00e9en arrivait \u00e0 l'auberge de jeunesse \u00e0 Paris.\" width=\"960\" height=\"640\"\/><br \/>\n    Les jeunes \u00c9cub\u00e9ens ont dormi \u00e0 l\u2019auberge de jeunesse \u00e0 Paris. \u00a9Le Journal de l\u2019Orne<\/p>\n<p class=\" wall-content\">Tr\u00e8s vite, les handballeurs ont atteint leur objectif et ont boucl\u00e9 leur budget pr\u00e9visionnel, gr\u00e2ce au bouche-\u00e0-oreille, par l\u2019organisation d\u2019une vente de g\u00e2teaux lors d\u2019un tournoi, mais surtout gr\u00e2ce aux <b>36 sponsors<\/b> qui ont g\u00e9n\u00e9reusement apport\u00e9 leur contribution financi\u00e8re.<\/p>\n<p class=\" wall-content\">\u00ab\u2009Nous remercions chaleureusement tous ceux qui ont permis que ce projet puisse aboutir\u2009\u00bb, souligne l\u2019entra\u00eeneuse lors d\u2019un rendez-vous d\u00e9di\u00e9 aux remerciements aux partenaires.<\/p>\n<p class=\" wall-content\">Suivez toute l\u2019actualit\u00e9 de vos villes et m\u00e9dias favoris en vous inscrivant \u00e0 <a href=\"https:\/\/moncompte.actu.fr\" title=\"D\u00e9couvez Mon Actu\" rel=\"nofollow noopener\" data-trk=\"{&quot;cta&quot;:{&quot;action&quot;:&quot;https:\\\/\\\/moncompte.actu.fr&quot;,&quot;category&quot;:&quot;mon compte&quot;,&quot;from&quot;:&quot;article footer&quot;,&quot;name&quot;:&quot;Mon actu&quot;,&quot;type&quot;:&quot;cta&quot;}}\" target=\"_blank\">Mon Actu<\/a>.<\/p>\n<ul class=\"ac-article-tag wall-content\">\n<li><a href=\"https:\/\/actu.fr\/tag\/paris-saint-germain-psg\" data-trk=\"{&quot;cta&quot;:{&quot;action&quot;:&quot;Paris Saint Germain (PSG)&quot;,&quot;category&quot;:&quot;tag&quot;,&quot;from&quot;:&quot;article footer&quot;,&quot;name&quot;:&quot;Paris Saint Germain (PSG)&quot;,&quot;type&quot;:&quot;cta&quot;}}\" rel=\"nofollow noopener\" target=\"_blank\">#Paris Saint Germain (PSG)<\/a><\/li>\n<li><a href=\"https:\/\/actu.fr\/tag\/sport\" data-trk=\"{&quot;cta&quot;:{&quot;action&quot;:&quot;sport&quot;,&quot;category&quot;:&quot;tag&quot;,&quot;from&quot;:&quot;article footer&quot;,&quot;name&quot;:&quot;sport&quot;,&quot;type&quot;:&quot;cta&quot;}}\" rel=\"nofollow noopener\" target=\"_blank\">#sport<\/a><\/li>\n<\/ul>\n","protected":false},"excerpt":{"rendered":"Par R\u00e9daction JO Publi\u00e9 le 15 juil. 2025 \u00e0 6h16 Implant\u00e9e dans l\u2019Orne depuis plus de 30\u00a0ans, l\u2019association&hellip;\n","protected":false},"author":2,"featured_media":250793,"comment_status":"","ping_status":"","sticky":false,"template":"","format":"standard","meta":{"footnotes":""},"categories":[1888],"tags":[11,1777,674,1011,27,12,626,2332,25,104,517],"class_list":{"0":"post-250792","1":"post","2":"type-post","3":"status-publish","4":"format-standard","5":"has-post-thumbnail","7":"category-paris","8":"tag-actualites","9":"tag-eu","10":"tag-europe","11":"tag-fr","12":"tag-france","13":"tag-news","14":"tag-paris","15":"tag-paris-saint-germain-psg","16":"tag-republique-francaise","17":"tag-societe","18":"tag-sport"},"share_on_mastodon":{"url":"https:\/\/pubeurope.com\/@fr\/114855425343507466","error":""},"_links":{"self":[{"href":"https:\/\/www.europesays.com\/fr\/wp-json\/wp\/v2\/posts\/250792","targetHints":{"allow":["GET"]}}],"collection":[{"href":"https:\/\/www.europesays.com\/fr\/wp-json\/wp\/v2\/posts"}],"about":[{"href":"https:\/\/www.europesays.com\/fr\/wp-json\/wp\/v2\/types\/post"}],"author":[{"embeddable":true,"href":"https:\/\/www.europesays.com\/fr\/wp-json\/wp\/v2\/users\/2"}],"replies":[{"embeddable":true,"href":"https:\/\/www.europesays.com\/fr\/wp-json\/wp\/v2\/comments?post=250792"}],"version-history":[{"count":0,"href":"https:\/\/www.europesays.com\/fr\/wp-json\/wp\/v2\/posts\/250792\/revisions"}],"wp:featuredmedia":[{"embeddable":true,"href":"https:\/\/www.europesays.com\/fr\/wp-json\/wp\/v2\/media\/250793"}],"wp:attachment":[{"href":"https:\/\/www.europesays.com\/fr\/wp-json\/wp\/v2\/media?parent=250792"}],"wp:term":[{"taxonomy":"category","embeddable":true,"href":"https:\/\/www.europesays.com\/fr\/wp-json\/wp\/v2\/categories?post=250792"},{"taxonomy":"post_tag","embeddable":true,"href":"https:\/\/www.europesays.com\/fr\/wp-json\/wp\/v2\/tags?post=250792"}],"curies":[{"name":"wp","href":"https:\/\/api.w.org\/{rel}","templated":true}]}}