{"id":250794,"date":"2025-07-15T04:44:13","date_gmt":"2025-07-15T04:44:13","guid":{"rendered":"https:\/\/www.europesays.com\/fr\/250794\/"},"modified":"2025-07-15T04:44:13","modified_gmt":"2025-07-15T04:44:13","slug":"zelensky-propose-de-nommer-la-ministre-de-leconomie-a-la-tete-du-gouvernement","status":"publish","type":"post","link":"https:\/\/www.europesays.com\/fr\/250794\/","title":{"rendered":"Zelensky propose de nommer la ministre de l&rsquo;\u00c9conomie \u00e0 la t\u00eate du gouvernement"},"content":{"rendered":"<p>&#13;<br \/>\n                        Ukraine : Zelensky propose de nommer la ministre de l&rsquo;\u00c9conomie \u00e0 la t\u00eate du gouvernement&#13;\n                    <\/p>\n<p style=\"text-align:\">Le pr\u00e9sident ukrainien Volodymyr Zelensky a d\u00e9clar\u00e9 lundi 14 juillet qu&rsquo;il avait propos\u00e9 de nommer la vice-Premi\u00e8re ministre et ministre de l&rsquo;\u00c9conomie, Ioulia Svyrydenko, au poste de Premi\u00e8re ministre.<\/p>\n<p><a href=\"https:\/\/lecourrier.vn\/reunion-des-ministres-turc-et-ukrainien-des-ae-en-vue-de-negociations-russie-ukraine\/1283093.html\" title=\"R\u00e9union des ministres turc et ukrainien des AE en vue de n\u00e9gociations Russie - Ukraine\" target=\"_blank\" rel=\"noopener\">&gt;&gt; R\u00e9union des ministres turc et ukrainien des AE en vue de n\u00e9gociations Russie &#8211; Ukraine<\/a><\/p>\n<p><a href=\"https:\/\/lecourrier.vn\/ukraine-trump-veut-une-rencontre-avec-poutine-le-kremlin-la-juge-certainement-necessaire\/1283213.html\" title=\"Ukraine : Trump veut une rencontre avec Poutine, le Kremlin la juge &quot;&lt;i&gt;certainement n\u00e9cessaire&lt;\/i&gt;&quot;\" target=\"_blank\" rel=\"noopener\">&gt;&gt; Ukraine : Trump veut une rencontre avec Poutine, le Kremlin la juge \u00ab\u00a0certainement n\u00e9cessaire\u00a0\u00bb<\/a><\/p>\n<p><a href=\"https:\/\/lecourrier.vn\/zelensky-et-erdogan-discutent-par-telephone-des-reunions-entre-lukraine-et-la-russie-en-turquie\/1284084.html\" title=\"Zelensky et Erdogan discutent par t\u00e9l\u00e9phone des r\u00e9unions entre l&#039;Ukraine et la Russie en Turquie\" target=\"_blank\" rel=\"noopener\">&gt;&gt; Zelensky et Erdogan discutent par t\u00e9l\u00e9phone des r\u00e9unions entre l&rsquo;Ukraine et la Russie en Turquie<\/a><\/p>\n<tr>\n<td class=\"pic\"><img decoding=\"async\" class=\"lazyload\" src=\"https:\/\/www.europesays.com\/fr\/wp-content\/uploads\/2025\/07\/090031-vna_potal_tong_thong_ukraine_de_nghi_gia_han_thiet_quan_luat_chuan_bi_cai_to_noi_cac_8148728..jpeg\" alt=\"\"\/><\/td>\n<\/tr>\n<tr>\n<td class=\"caption\">Le pr\u00e9sident ukrainien Volodymyr Zelensky.<\/td>\n<\/tr>\n<tr align=\"right\">\n<td class=\"author\">Photo : PAP\/VNA\/CVN<\/td>\n<\/tr>\n<p style=\"text-align:left\">   \u00ab\u00a0J&rsquo;ai propos\u00e9 que Ioulia Svyrydenko prenne la t\u00eate du gouvernement ukrainien et renouvelle consid\u00e9rablement son travail\u00a0\u00bb, a indiqu\u00e9 M. Zelensky dans une publication sur Telegram.<\/p>\n<p style=\"text-align:left\">Il a ajout\u00e9 qu&rsquo;il \u00e9tait impatient de voir le plan d&rsquo;action du nouveau gouvernement dans un avenir proche.<\/p>\n<p style=\"text-align:left\">L&rsquo;actuel Premier ministre, Denys Chmyhal, dirige le gouvernement ukrainien depuis mars 2020.<\/p>\n<p style=\"text-align:right\"><b>Xinhua\/VNA\/CVN<\/b><\/p>\n","protected":false},"excerpt":{"rendered":"&#13; Ukraine : Zelensky propose de nommer la ministre de l&rsquo;\u00c9conomie \u00e0 la t\u00eate du gouvernement&#13; Le pr\u00e9sident&hellip;\n","protected":false},"author":2,"featured_media":250795,"comment_status":"","ping_status":"","sticky":false,"template":"","format":"standard","meta":{"footnotes":""},"categories":[1591],"tags":[11,1887,11309,12,32031,3363,1885,1886,132,220,6746],"class_list":{"0":"post-250794","1":"post","2":"type-post","3":"status-publish","4":"format-standard","5":"has-post-thumbnail","7":"category-russie","8":"tag-actualites","9":"tag-federation-de-russie","10":"tag-ioulia-svyrydenko","11":"tag-news","12":"tag-nommer","13":"tag-premier-ministre","14":"tag-russia","15":"tag-russian-federation","16":"tag-russie","17":"tag-ukraine","18":"tag-zelensky"},"share_on_mastodon":{"url":"https:\/\/pubeurope.com\/@fr\/114855428947275880","error":""},"_links":{"self":[{"href":"https:\/\/www.europesays.com\/fr\/wp-json\/wp\/v2\/posts\/250794","targetHints":{"allow":["GET"]}}],"collection":[{"href":"https:\/\/www.europesays.com\/fr\/wp-json\/wp\/v2\/posts"}],"about":[{"href":"https:\/\/www.europesays.com\/fr\/wp-json\/wp\/v2\/types\/post"}],"author":[{"embeddable":true,"href":"https:\/\/www.europesays.com\/fr\/wp-json\/wp\/v2\/users\/2"}],"replies":[{"embeddable":true,"href":"https:\/\/www.europesays.com\/fr\/wp-json\/wp\/v2\/comments?post=250794"}],"version-history":[{"count":0,"href":"https:\/\/www.europesays.com\/fr\/wp-json\/wp\/v2\/posts\/250794\/revisions"}],"wp:featuredmedia":[{"embeddable":true,"href":"https:\/\/www.europesays.com\/fr\/wp-json\/wp\/v2\/media\/250795"}],"wp:attachment":[{"href":"https:\/\/www.europesays.com\/fr\/wp-json\/wp\/v2\/media?parent=250794"}],"wp:term":[{"taxonomy":"category","embeddable":true,"href":"https:\/\/www.europesays.com\/fr\/wp-json\/wp\/v2\/categories?post=250794"},{"taxonomy":"post_tag","embeddable":true,"href":"https:\/\/www.europesays.com\/fr\/wp-json\/wp\/v2\/tags?post=250794"}],"curies":[{"name":"wp","href":"https:\/\/api.w.org\/{rel}","templated":true}]}}