{"id":250802,"date":"2025-07-15T04:48:18","date_gmt":"2025-07-15T04:48:18","guid":{"rendered":"https:\/\/www.europesays.com\/fr\/250802\/"},"modified":"2025-07-15T04:48:18","modified_gmt":"2025-07-15T04:48:18","slug":"le-selectionneur-de-lallemagne-christian-wuck-heureux-de-disputer-les-quarts-de-leuro-quels-que-soient-les-adversaires-lequipe","status":"publish","type":"post","link":"https:\/\/www.europesays.com\/fr\/250802\/","title":{"rendered":"Le s\u00e9lectionneur de l&#039;Allemagne, Christian W\u00fcck, heureux de disputer les quarts de l&#039;Euro quels que soient les adversaires &#8211; L&#039;\u00c9quipe"},"content":{"rendered":"<ol>\n<li><a href=\"https:\/\/news.google.com\/rss\/articles\/CBMigAJBVV95cUxQVEczZnRtMks0QTh1NEhPRERpQ2Z1bkJqeUR1SG9NUXJaOG41b1RZeTRYZjJRSldPaVdIVkMxTnpORkZLNWV0dUtCeDdmTG55a2IzaFE5OEpkT3FXU0otUjhrUnZBaXZEYm5BdEZBODg4UC0wb09pdWpJbVNtMUdvSkZ4Z21Td1JnTmVXVlVyRzh5d0xCazBZeTZteFVjcGRyUVM3enBnNFpiVlJ0OF9iX0E5UTNid0U0VV8tMlFYQlBndjJGeG9nLTRWRHZaeUpkQy1GSHhOekFyLVRoZndwMDJtQ3VQbHdEZlppblgxbXVDTWRaVnZtRHlrVjVVcTdt?oc=5\" target=\"_blank\" rel=\"nofollow noopener\">Le s\u00e9lectionneur de l&rsquo;Allemagne, Christian W\u00fcck, heureux de disputer les quarts de l&rsquo;Euro quels que soient les adversaires<\/a>&nbsp;&nbsp;L&rsquo;\u00c9quipe<\/li>\n<li><a href=\"https:\/\/news.google.com\/rss\/articles\/CBMivgFBVV95cUxNNHJiaDF5ZlFsMGpZZkpObnkxcjNaRDB1OHNlQWE0eTNPQk9SOGlzZHVlS3BqZThXblFld2oxMmp2MFpKUXVIZUFoV2hRUnVDQU95dVMyVExsWXJyLXV1UFgxRjllU3ZJT0pqRV9YRExRN0lTUTl1alRvRXhqY21rQnBwZ2wzWnJsWWtReG1ZcnpKT0o5NU1YSDRmV0MwcDJ3N2JpLVpPZ01CaWRoa0hUckozV2ZMeVZRLWNWQjdn?oc=5\" target=\"_blank\" rel=\"nofollow noopener\">La Su\u00e8de surclasse l&rsquo;Allemagne et termine en t\u00eate du groupe C \u00e0 l&rsquo;Euro<\/a>&nbsp;&nbsp;L&rsquo;\u00c9quipe<\/li>\n<li><a href=\"https:\/\/news.google.com\/rss\/articles\/CBMiygFBVV95cUxOMmtXTnlyejc3NUJCZmJxNUxCeDJKRkRoWEo0WFRuUUw1X0FfYjFJd2hWLURndi1WZi1qM1FSNXR1LVgzOXhQekZCcExSbkEydk5CeFF2UmtiTFU0MWtFRmZUNVpRYmZKWC0xb3ZHenBPWW5XeGEya2hXWUx4S0lKRTlreGQ5cC01Nm5LREZwcnRWc2ZnaEFUMHRfNkdTU2pSTXpiYjVyU3phd0hlSU9YTWo5eEUzMXItZ1BUTFU0MXY5VGdNdjRSTTFR?oc=5\" target=\"_blank\" rel=\"nofollow noopener\">Quarts de finale de l&rsquo;EURO f\u00e9minin : Su\u00e8de &#8211; Angleterre, faits et stats<\/a>&nbsp;&nbsp;UEFA.com<\/li>\n<li><a href=\"https:\/\/news.google.com\/rss\/articles\/CBMi6AFBVV95cUxPc3V6czQwcWItaEFFc2Z5T2ZCRjF2NEltYVZqbEpHc09jLS1uSFExZVg1T1FJZy1XR25YN0RVRTRaQXhlbjFVejZseWQzM19VN3EtTnFtWjUyVmdnSThSaEFDNXoyUXVlMVlsTllINGxmbWNlcV9pRnJ5TWthaV9kMC13LUY5eV9KaUFaWUkyd1ptV0NfeF9RMHJOa3ZFczR0WEE4OUVmVUFMcm5uZm83RUJLeEJxTy1NQW5BWGxZLTZFQ1hYRi16bTRoMF9xeERGWFMwbWhWVEllQUZLeXZZbTVZQm1xRmpM?oc=5\" target=\"_blank\" rel=\"nofollow noopener\">Euro (f) : la Su\u00e8de renverse l\u2019Allemagne dans un match fou, la Pologne sauve l\u2019honneur, le Danemark sombre<\/a>&nbsp;&nbsp;Foot Mercato<\/li>\n<li><a href=\"https:\/\/news.google.com\/rss\/articles\/CBMikgFBVV95cUxPYTlWZlVOb2xXLWNrWTJoaGZKVnp3OENsTkNxcDZHM0JFSmZLXzRRWTV2cUwxZ1dSckRoaGZKdjV6bmhoRjRvTGJxWWFhU2dLUEQwR3RoNnBDb0ViX3ZoYXk0VWgwcFd6akxyamJUOHZlYWlzQkRockVhX0xMTXozMG1kTnlHQVhwUS11cWstMXk5Zw?oc=5\" target=\"_blank\" rel=\"nofollow noopener\">Football : Euro f\u00e9minin E01 sur TMC : r\u00e9sum\u00e9 et diffusions<\/a>&nbsp;&nbsp;Programme TV Ouest-France<\/li>\n<\/ol>\n","protected":false},"excerpt":{"rendered":"Le s\u00e9lectionneur de l&rsquo;Allemagne, Christian W\u00fcck, heureux de disputer les quarts de l&rsquo;Euro quels que soient les adversaires&nbsp;&nbsp;L&rsquo;\u00c9quipe&hellip;\n","protected":false},"author":2,"featured_media":250803,"comment_status":"","ping_status":"","sticky":false,"template":"","format":"standard","meta":{"footnotes":""},"categories":[1587],"tags":[11,672,1804,1805,1803,1777,674,1801,12,1802],"class_list":{"0":"post-250802","1":"post","2":"type-post","3":"status-publish","4":"format-standard","5":"has-post-thumbnail","7":"category-allemagne","8":"tag-actualites","9":"tag-allemagne","10":"tag-bundesrepublik-deutschland","11":"tag-de","12":"tag-deutschland","13":"tag-eu","14":"tag-europe","15":"tag-germany","16":"tag-news","17":"tag-republique-federale-dallemagne"},"share_on_mastodon":{"url":"https:\/\/pubeurope.com\/@fr\/114855444892609434","error":""},"_links":{"self":[{"href":"https:\/\/www.europesays.com\/fr\/wp-json\/wp\/v2\/posts\/250802","targetHints":{"allow":["GET"]}}],"collection":[{"href":"https:\/\/www.europesays.com\/fr\/wp-json\/wp\/v2\/posts"}],"about":[{"href":"https:\/\/www.europesays.com\/fr\/wp-json\/wp\/v2\/types\/post"}],"author":[{"embeddable":true,"href":"https:\/\/www.europesays.com\/fr\/wp-json\/wp\/v2\/users\/2"}],"replies":[{"embeddable":true,"href":"https:\/\/www.europesays.com\/fr\/wp-json\/wp\/v2\/comments?post=250802"}],"version-history":[{"count":0,"href":"https:\/\/www.europesays.com\/fr\/wp-json\/wp\/v2\/posts\/250802\/revisions"}],"wp:featuredmedia":[{"embeddable":true,"href":"https:\/\/www.europesays.com\/fr\/wp-json\/wp\/v2\/media\/250803"}],"wp:attachment":[{"href":"https:\/\/www.europesays.com\/fr\/wp-json\/wp\/v2\/media?parent=250802"}],"wp:term":[{"taxonomy":"category","embeddable":true,"href":"https:\/\/www.europesays.com\/fr\/wp-json\/wp\/v2\/categories?post=250802"},{"taxonomy":"post_tag","embeddable":true,"href":"https:\/\/www.europesays.com\/fr\/wp-json\/wp\/v2\/tags?post=250802"}],"curies":[{"name":"wp","href":"https:\/\/api.w.org\/{rel}","templated":true}]}}