{"id":25081,"date":"2025-04-14T20:03:16","date_gmt":"2025-04-14T20:03:16","guid":{"rendered":"https:\/\/www.europesays.com\/fr\/25081\/"},"modified":"2025-04-14T20:03:16","modified_gmt":"2025-04-14T20:03:16","slug":"mode-de-vie-actif-frequentes-victoires-au-golf-trump-en-excellente-sante-selon-son-bulletin-medical-liberation","status":"publish","type":"post","link":"https:\/\/www.europesays.com\/fr\/25081\/","title":{"rendered":"\u00abMode de vie actif\u00bb, \u00abfr\u00e9quentes victoires\u00bb au golf\u2026 Trump en \u00abexcellente sant\u00e9\u00bb, selon son bulletin m\u00e9dical \u2013 Lib\u00e9ration"},"content":{"rendered":"<p class=\"sc-cPiKLX AiZTS text-element\">C\u2019est le m\u00e9decin de la pr\u00e9sidence am\u00e9ricaine qui le dit. Donald Trump est en \u00abexcellente sant\u00e9 cognitive et physique\u00bb, affirme le bulletin de sant\u00e9 publi\u00e9 par la Maison Blanche ce dimanche 13\u00a0avril, deux jours apr\u00e8s <a href=\"https:\/\/www.liberation.fr\/international\/amerique\/donald-trump-78-ans-passe-une-visite-medicale-de-pres-de-5-heures-ce-vendredi-20250411_VGVXEG3EIBGWPF6F64H42AAYNQ\/\" target=\"_blank\" rel=\"noopener\">la premi\u00e8re visite m\u00e9dicale depuis son retour au pouvoir<\/a>. Et ce dernier de conclure qu\u2019\u00e0 78\u00a0ans, \u00able pr\u00e9sident Trump [\u2026] est parfaitement apte \u00e0 exercer les fonctions de chef d\u2019Etat et de commandant en chef\u00bb des forces arm\u00e9es.<\/p>\n<p class=\"sc-cPiKLX AiZTS text-element\">Dans un compte rendu particuli\u00e8rement d\u00e9taill\u00e9 \u2013 le plus vieux pr\u00e9sident am\u00e9ricain jamais \u00e9lu avait \u00e9t\u00e9 accus\u00e9 pendant son premier mandat de ne pas \u00eatre transparent sur sa sant\u00e9 \u2013, le m\u00e9decin de la pr\u00e9sidence, Sean Barbabella, pr\u00e9cise que Donald Trump a consult\u00e9 pas moins de 14 sp\u00e9cialistes et pass\u00e9 un \u00abexamen neurologique complet\u00bb. \u00abLa fonction cognitive est normale, avec un score de 30 sur 30\u00bb, rapporte-t-il. \u00abJe ne sais pas quoi vous dire, si ce n\u2019est que j\u2019ai eu toutes les bonnes r\u00e9ponses\u00bb, avait assur\u00e9 d\u00e8s vendredi le septuag\u00e9naire r\u00e9publicain \u00e0 propos du test cognitif. En voyage vers la Floride apr\u00e8s avoir pass\u00e9 sa visite m\u00e9dicale \u00e0 l\u2019h\u00f4pital militaire Walter Reed, en proche banlieue de Washington, le milliardaire avait \u00e9galement affirm\u00e9 se sentir \u00aben pleine forme\u00bb.<\/p>\n<p class=\"sc-cPiKLX AiZTS text-element\">\u00abLe pr\u00e9sident Trump se maintient en excellente sant\u00e9 et pr\u00e9sente des fonctions cardiaques, pulmonaires et neurologiques robustes, comme son \u00e9tat physique g\u00e9n\u00e9ral\u00bb, \u00e9tablit son m\u00e9decin. \u00abSon mode de vie actif contribue significativement \u00e0 son bien-\u00eatre\u00bb, observe-t-il, en mentionnant entre autres \u00abses fr\u00e9quentes victoires dans des tournois de golf\u00bb. Sont \u00e9galement consign\u00e9s ses r\u00e9sultats sanguins \u2013 tous dans les normes affich\u00e9es \u2013 et les m\u00e9dicaments qu\u2019il prend pour contr\u00f4ler son cholest\u00e9rol. Son examen ORL, lui, note une \u00abcicatrice sur l\u2019oreille droite venant d\u2019une blessure par balle\u00bb, trace de <a href=\"https:\/\/www.liberation.fr\/international\/amerique\/tentative-dassassinat-de-donald-trump-un-attentat-et-une-campagne-qui-bascule-20240714_6GVVHK3ZO5FI7FQSIHRRXLYU4M\/\" target=\"_blank\" rel=\"noopener\">la tentative d\u2019assassinat dont Donald Trump<\/a> a \u00e9t\u00e9 la cible pendant la campagne pr\u00e9sidentielle, quand il a \u00e9t\u00e9 touch\u00e9 par un tir lors d\u2019un meeting en juillet en Pennsylvanie.<\/p>\n<p class=\"sc-cPiKLX AiZTS text-element\">La question de la sant\u00e9 du pr\u00e9sident am\u00e9ricain est devenue particuli\u00e8rement sensible \u00e0<a href=\"https:\/\/www.liberation.fr\/international\/amerique\/presidentielle-americaine-nancy-pelosi-sinterroge-sur-letat-de-sante-de-joe-biden-20240702_OSWKH25YUBDRHPIME7XAYQQCQY\/\" target=\"_blank\" rel=\"noopener\"> la fin de la pr\u00e9sidence de Joe Biden<\/a> qui, achevant son mandat \u00e0 82\u00a0ans, apparaissait avec une d\u00e9marche de plus en plus raide et une \u00e9locution de plus en plus embrouill\u00e9e, l\u00e0 o\u00f9 son adversaire donnait l\u2019apparence d\u2019une plus grande vigueur physique.<\/p>\n<p class=\"sc-cPiKLX AiZTS text-element\">Donald Trump, 101 kilos, ne boit pas d\u2019alcool et ne fume pas, mais ne cache pas son go\u00fbt pour les sodas et les cha\u00eenes de fast-food. Il a souvent \u00e9t\u00e9 accus\u00e9 par ses opposants de ne pas \u00eatre transparent sur sa sant\u00e9, en particulier quand, pendant les derniers mois de son premier mandat, il avait \u00e9t\u00e9 hospitalis\u00e9 plusieurs jours pour une infection au Covid-19. En\u00a02018 d\u00e9j\u00e0, un ancien m\u00e9decin de Donald Trump, le gastro-ent\u00e9rologue new-yorkais Harold Bornstein, avait assur\u00e9 que son patient lui avait un jour \u00abenti\u00e8rement dict\u00e9\u00bb une lettre le pr\u00e9sentant en parfaite sant\u00e9, avant qu\u2019il ne soit \u00e9lu pour la premi\u00e8re fois en\u00a02016.<\/p>\n<p class=\"sc-cPiKLX AiZTS text-element\">Lors de la course \u00e0 la pr\u00e9sidentielle de\u00a02024, il avait assur\u00e9 avoir pass\u00e9 un test cognitif et l\u2019avoir r\u00e9ussi \u00abavec brio\u00bb, sans donner aucun d\u00e9tail quand en novembre\u00a02023 il avait simplement publi\u00e9 une courte lettre de son m\u00e9decin affirmant qu\u2019il \u00e9tait en \u00abexcellente\u00bb sant\u00e9 et avait perdu du poids \u2013 sans pr\u00e9ciser combien. \u00abS\u2019il \u00e9tait \u00e9lu, je peux affirmer sans \u00e9quivoque que M. Trump sera l\u2019individu en meilleure sant\u00e9 jamais \u00e9lu \u00e0 la pr\u00e9sidence\u00bb, disait ce bulletin publi\u00e9 en d\u00e9cembre\u00a02015, sans fournir aucune preuve appuyant cette assertion.<\/p>\n","protected":false},"excerpt":{"rendered":"C\u2019est le m\u00e9decin de la pr\u00e9sidence am\u00e9ricaine qui le dit. Donald Trump est en \u00abexcellente sant\u00e9 cognitive et&hellip;\n","protected":false},"author":2,"featured_media":25082,"comment_status":"","ping_status":"","sticky":false,"template":"","format":"standard","meta":{"footnotes":""},"categories":[5],"tags":[11,9011,9012,9013,215,9014,9015,9016,1011,27,9017,1227,14,9018,9019,9020,12,9021,973,9022,9023,9024,9025,9026,9027,9028,9029,308,9030,9031,9032,28],"class_list":{"0":"post-25081","1":"post","2":"type-post","3":"status-publish","4":"format-standard","5":"has-post-thumbnail","7":"category-international","8":"tag-actualites","9":"tag-announcement","10":"tag-bestof","11":"tag-color-image","12":"tag-commerce","13":"tag-donald-trump-us-president","14":"tag-event","15":"tag-finance-and-economy","16":"tag-fr","17":"tag-france","18":"tag-gettyimagerank1","19":"tag-horizontal","20":"tag-international","21":"tag-liberation-day","22":"tag-make-america-wealthy-again","23":"tag-merchandising","24":"tag-news","25":"tag-one-person","26":"tag-people","27":"tag-personalitycomplete","28":"tag-photography","29":"tag-politics","30":"tag-politics-and-government","31":"tag-portrait","32":"tag-tariff","33":"tag-topix","34":"tag-us-president","35":"tag-usa","36":"tag-washington-dc","37":"tag-white-house-washington-dc","38":"tag-white-house-rose-garden","39":"tag-world"},"share_on_mastodon":{"url":"","error":"Validation failed: Text character limit of 500 exceeded"},"_links":{"self":[{"href":"https:\/\/www.europesays.com\/fr\/wp-json\/wp\/v2\/posts\/25081","targetHints":{"allow":["GET"]}}],"collection":[{"href":"https:\/\/www.europesays.com\/fr\/wp-json\/wp\/v2\/posts"}],"about":[{"href":"https:\/\/www.europesays.com\/fr\/wp-json\/wp\/v2\/types\/post"}],"author":[{"embeddable":true,"href":"https:\/\/www.europesays.com\/fr\/wp-json\/wp\/v2\/users\/2"}],"replies":[{"embeddable":true,"href":"https:\/\/www.europesays.com\/fr\/wp-json\/wp\/v2\/comments?post=25081"}],"version-history":[{"count":0,"href":"https:\/\/www.europesays.com\/fr\/wp-json\/wp\/v2\/posts\/25081\/revisions"}],"wp:featuredmedia":[{"embeddable":true,"href":"https:\/\/www.europesays.com\/fr\/wp-json\/wp\/v2\/media\/25082"}],"wp:attachment":[{"href":"https:\/\/www.europesays.com\/fr\/wp-json\/wp\/v2\/media?parent=25081"}],"wp:term":[{"taxonomy":"category","embeddable":true,"href":"https:\/\/www.europesays.com\/fr\/wp-json\/wp\/v2\/categories?post=25081"},{"taxonomy":"post_tag","embeddable":true,"href":"https:\/\/www.europesays.com\/fr\/wp-json\/wp\/v2\/tags?post=25081"}],"curies":[{"name":"wp","href":"https:\/\/api.w.org\/{rel}","templated":true}]}}