{"id":250810,"date":"2025-07-15T04:52:13","date_gmt":"2025-07-15T04:52:13","guid":{"rendered":"https:\/\/www.europesays.com\/fr\/250810\/"},"modified":"2025-07-15T04:52:13","modified_gmt":"2025-07-15T04:52:13","slug":"etat-neo-caledonien-la-france-ouvre-une-drole-de-boite-de-pandore","status":"publish","type":"post","link":"https:\/\/www.europesays.com\/fr\/250810\/","title":{"rendered":"Etat n\u00e9o-cal\u00e9donien: la France ouvre une dr\u00f4le de bo\u00eete de Pandore"},"content":{"rendered":"<p>        <a class=\"Link \" href=\"https:\/\/www.lopinion.fr\/economie\/techno-pur-jus-bosseuse-amelie-de-montchalin-incarnation-du-budget-de-rigueur-et-de-la-generation-macron-a-bercy\" target=\"_blank\" rel=\"noopener\">\u00abTechno pur jus\u00bb, \u00abbosseuse\u00bb: Am\u00e9lie de Montchalin, incarnation du budget de rigueur et de la g\u00e9n\u00e9ration Macron \u00e0 Bercy<\/a><\/p>\n<p>l&rsquo;Opinion (avec AFP)<\/p>\n<p>Paris &#8211; Incarnation de la g\u00e9n\u00e9ration Macron \u00e9close en 2017, Am\u00e9lie de Montchalin s\u2019est impos\u00e9e aux Comptes publics en m\u00ealant accents techno et style cash, usant volontiers du registre de la dramatisation \u00e0 l\u2019heure o\u00f9 le Premier ministre doit pr\u00e9senter mardi un budget 2026 sous le sceau de la rigueur. Quarante ans \u00e0 peine, d\u00e9j\u00e0 quatre maroquins minist\u00e9riels derri\u00e8re elle, et m\u00eame sa mini travers\u00e9e du d\u00e9sert: Am\u00e9lie de Montchalin, qui a commenc\u00e9 sa carri\u00e8re politique il y a huit ans en \u00e9tant \u00e9lue d\u00e9put\u00e9e de l\u2019Essonne avec la vague En Marche, repr\u00e9sente l\u2019essence de ces carri\u00e8res fulgurantes qu\u2019Emmanuel Macron a suscit\u00e9es. Cette \u00e9conomiste de formation \u00e9tait pourtant sortie du premier gouvernement d\u2019Elisabeth Borne par la petite porte. Battue aux l\u00e9gislatives de l&rsquo;\u00e9t\u00e9 2022 par le socialiste J\u00e9r\u00f4me Guedj, elle avait quitt\u00e9 le minist\u00e8re de la Transition \u00e9cologique apr\u00e8s 45 jours seulement en fonction. Un coup d\u2019arr\u00eat pour celle qui a suivi un parcours prestigieux &#8211; \u00e9tudes \u00e0 HEC et Harvard, puis diff\u00e9rents postes dans le secteur bancaire (BNP Paribas) et l\u2019assurance (Axa) -. Elle \u00e9tait devenue repr\u00e9sentante permanente de la France aupr\u00e8s de l\u2019OCDE, quand elle a \u00e9t\u00e9 rappel\u00e9e \u00e0 la surprise g\u00e9n\u00e9rale fin d\u00e9cembre 2024 par Fran\u00e7ois Bayrou soucieux de constituer un \u00abgouvernement de poids lourds\u00bb. Les deux se connaissent peu, m\u00eame si M. Bayrou, qui a lui-m\u00eame eu son lot d\u2019avaries durant sa carri\u00e8re, lui avait adress\u00e9 un SMS d\u2019encouragement apr\u00e8s sa d\u00e9faite. D\u00e9crite comme \u00abtechno pur jus, soldat en mission\u00bb par la s\u00e9natrice communiste Eliane Assassi, ou, selon un maire de l\u2019Essonne, comme la \u00abfille qui n\u2019est pas la plus fun de la plan\u00e8te\u00bb mais \u00abdirecte, solide et bosseuse\u00bb, Am\u00e9lie de Montchalin a creus\u00e9 son sillon \u00e0 Bercy, apr\u00e8s avoir oeuvr\u00e9 pendant deux ans au minist\u00e8re de la Transformation et de la Fonction publiques (2020-2022). A l\u2019heure de dessiner un budget marqu\u00e9 par un net tour de vis pour d\u00e9gager 40 milliards d&rsquo;\u00e9conomies, elle \u00e9cume les matinales t\u00e9l\u00e9s et radios pour alerter sur la situation des finances publiques. Il faut \u00abavoir du courage\u00bb, exhorte-t-elle, car \u00abc\u2019est le dernier moment\u00bb, au risque \u00abqu\u2019un jour, les institutions internationales d\u00e9cident pour nous\u00bb et disent \u00e0 la France \u00abquelles r\u00e9formes faire\u00bb. Dramatisation pour mieux faire accepter la pilule des efforts \u00e0 venir\u202f? Plut\u00f4t exercice de \u00abtransparence et style direct vis-\u00e0-vis des menaces qui nous attendent\u00bb, r\u00e9torque son entourage. \u00abToupet\u00bb \u00abSa fermet\u00e9 est l\u2019apanage d\u2019une ministre du Budget\u00bb, d\u00e9crypte un conseiller de Bercy qui note la \u00abcompl\u00e9mentarit\u00e9\u00bb du bin\u00f4me form\u00e9 avec le ministre de l\u2019Economie Eric Lombard, 67 ans. Deux g\u00e9n\u00e9rations, deux matrices politiques &#8211; elle venant originellement de la droite, lui de la gauche -, mais aussi deux styles \u00e0 l\u2019heure de mener en tandem les n\u00e9gociations avec les forces politiques. \u00abElle est l\u2019incarnation de l\u2019orthodoxie budg\u00e9taire dans toute sa splendeur\u00bb, estime aupr\u00e8s de l\u2019AFP J\u00e9r\u00f4me Guedj, son tombeur dans l\u2019Essonne mais aussi un de ses interlocuteurs dans les discussions budg\u00e9taires. M. Lombard et Mme Montchalin forment \u00abun genre de duo good cop &#8211; bad cop\u00bb qui est \u00abquelque part l\u2019incarnation du en m\u00eame temps macroniste\u00bb, ajoute-t-il. \u00abOn a l\u2019impression qu\u2019elle ne doute jamais, alors que Lombard donne parfois l\u2019impression de plus s\u2019interroger\u00bb, observe de son c\u00f4t\u00e9 l\u2019Insoumis Eric Coquerel, pr\u00e9sident de la commission des Finances de l\u2019Assembl\u00e9e. Si ce dernier est \u00aben total d\u00e9saccord avec la politique\u00bb d\u2019Am\u00e9lie de Montchalin, il lui voit aussi \u00abbeaucoup de qualit\u00e9s\u00bb, parmi lesquelles \u00abla technicit\u00e9\u00bb et&#8230; un certain \u00abtoupet\u00bb, sourit-il aupr\u00e8s de l\u2019AFP. M\u00eame le d\u00e9put\u00e9 Rassemblement national Jean-Philippe Tanguy, g\u00e9n\u00e9ralement peu avare de critiques envers le gouvernement, est ressorti plut\u00f4t satisfait de son rendez-vous \u00e0 Bercy au d\u00e9but du mois &#8211; \u00able premier en trois ans que j\u2019ai trouv\u00e9 int\u00e9ressant\u00bb, dit-il -, appr\u00e9ciant que la ministre \u00absoit \u00abdans une logique de faire un travail de fourmi, d\u2019analyse des d\u00e9penses\u00bb. \u00abAm\u00e9lie ne baratine pas. C\u2019est ce qui a \u00e9t\u00e9 appr\u00e9ci\u00e9 par les forces politiques: elle ne change pas de discours selon ses interlocuteurs\u00bb, souligne son entourage. Ces derni\u00e8res semaines, la ministre a multipli\u00e9 les ballons d\u2019essai, comme fusionner ou supprimer un tiers des op\u00e9rateurs de l&rsquo;\u00c9tat ou d\u00e9fendre une \u00abpause\u00bb sur certaines d\u00e9penses, notamment sociales, en 2026, la suppression de l\u2019abattement fiscal des retrait\u00e9s, etc. Elle a aussi sermonn\u00e9 ses coll\u00e8gues, pri\u00e9s de se serrer la ceinture, en leur lan\u00e7ant dans le Journal du Dimanche le mois dernier, fid\u00e8le \u00e0 son franc-parler: \u00able compte n\u2019y est pas\u00bb. J\u00e9r\u00e9my MAROT avec L\u00e9o MOUREN et Lucile MALANDAIN \u00a9 Agence France-Presse<\/p>\n","protected":false},"excerpt":{"rendered":"\u00abTechno pur jus\u00bb, \u00abbosseuse\u00bb: Am\u00e9lie de Montchalin, incarnation du budget de rigueur et de la g\u00e9n\u00e9ration Macron \u00e0&hellip;\n","protected":false},"author":2,"featured_media":250811,"comment_status":"","ping_status":"","sticky":false,"template":"","format":"standard","meta":{"footnotes":""},"categories":[2],"tags":[11,1011,27,12,25],"class_list":{"0":"post-250810","1":"post","2":"type-post","3":"status-publish","4":"format-standard","5":"has-post-thumbnail","7":"category-actualites","8":"tag-actualites","9":"tag-fr","10":"tag-france","11":"tag-news","12":"tag-republique-francaise"},"share_on_mastodon":{"url":"https:\/\/pubeurope.com\/@fr\/114855460413298410","error":""},"_links":{"self":[{"href":"https:\/\/www.europesays.com\/fr\/wp-json\/wp\/v2\/posts\/250810","targetHints":{"allow":["GET"]}}],"collection":[{"href":"https:\/\/www.europesays.com\/fr\/wp-json\/wp\/v2\/posts"}],"about":[{"href":"https:\/\/www.europesays.com\/fr\/wp-json\/wp\/v2\/types\/post"}],"author":[{"embeddable":true,"href":"https:\/\/www.europesays.com\/fr\/wp-json\/wp\/v2\/users\/2"}],"replies":[{"embeddable":true,"href":"https:\/\/www.europesays.com\/fr\/wp-json\/wp\/v2\/comments?post=250810"}],"version-history":[{"count":0,"href":"https:\/\/www.europesays.com\/fr\/wp-json\/wp\/v2\/posts\/250810\/revisions"}],"wp:featuredmedia":[{"embeddable":true,"href":"https:\/\/www.europesays.com\/fr\/wp-json\/wp\/v2\/media\/250811"}],"wp:attachment":[{"href":"https:\/\/www.europesays.com\/fr\/wp-json\/wp\/v2\/media?parent=250810"}],"wp:term":[{"taxonomy":"category","embeddable":true,"href":"https:\/\/www.europesays.com\/fr\/wp-json\/wp\/v2\/categories?post=250810"},{"taxonomy":"post_tag","embeddable":true,"href":"https:\/\/www.europesays.com\/fr\/wp-json\/wp\/v2\/tags?post=250810"}],"curies":[{"name":"wp","href":"https:\/\/api.w.org\/{rel}","templated":true}]}}