{"id":250814,"date":"2025-07-15T04:56:15","date_gmt":"2025-07-15T04:56:15","guid":{"rendered":"https:\/\/www.europesays.com\/fr\/250814\/"},"modified":"2025-07-15T04:56:15","modified_gmt":"2025-07-15T04:56:15","slug":"galvan-sur-le-banc-stade-rochelais","status":"publish","type":"post","link":"https:\/\/www.europesays.com\/fr\/250814\/","title":{"rendered":"Galv\u00e1n sur le banc | Stade Rochelais"},"content":{"rendered":"\n<p>    Galv\u00e1n sur le banc | Stade Rochelais<\/p>\n<p>&#13;<\/p>\n<p>            Main site navigation<\/p>\n<p>         Le n\u00e9o-rochelais encha\u00eene avec les Pumitas. Il sera rempla\u00e7ant face \u00e0 l&rsquo;Afrique du Sud, ce soir \u00e0 20h30, pour la demi-finale du Championnat du Monde U20 !<\/p>\n<p>      <img decoding=\"async\" src=\"https:\/\/www.europesays.com\/fr\/wp-content\/uploads\/2025\/06\/logo-secondary.png\" alt=\"Stade Rochelais\"\/>   <\/p>\n","protected":false},"excerpt":{"rendered":"Galv\u00e1n sur le banc | Stade Rochelais &#13; Main site navigation Le n\u00e9o-rochelais encha\u00eene avec les Pumitas. Il&hellip;\n","protected":false},"author":2,"featured_media":188147,"comment_status":"","ping_status":"","sticky":false,"template":"","format":"standard","meta":{"footnotes":""},"categories":[1416],"tags":[1011,27,479,1468,60],"class_list":{"0":"post-250814","1":"post","2":"type-post","3":"status-publish","4":"format-standard","5":"has-post-thumbnail","7":"category-rugby","8":"tag-fr","9":"tag-france","10":"tag-rugby","11":"tag-rugby-football","12":"tag-sports"},"share_on_mastodon":{"url":"https:\/\/pubeurope.com\/@fr\/114855476188682148","error":""},"_links":{"self":[{"href":"https:\/\/www.europesays.com\/fr\/wp-json\/wp\/v2\/posts\/250814","targetHints":{"allow":["GET"]}}],"collection":[{"href":"https:\/\/www.europesays.com\/fr\/wp-json\/wp\/v2\/posts"}],"about":[{"href":"https:\/\/www.europesays.com\/fr\/wp-json\/wp\/v2\/types\/post"}],"author":[{"embeddable":true,"href":"https:\/\/www.europesays.com\/fr\/wp-json\/wp\/v2\/users\/2"}],"replies":[{"embeddable":true,"href":"https:\/\/www.europesays.com\/fr\/wp-json\/wp\/v2\/comments?post=250814"}],"version-history":[{"count":0,"href":"https:\/\/www.europesays.com\/fr\/wp-json\/wp\/v2\/posts\/250814\/revisions"}],"wp:featuredmedia":[{"embeddable":true,"href":"https:\/\/www.europesays.com\/fr\/wp-json\/wp\/v2\/media\/188147"}],"wp:attachment":[{"href":"https:\/\/www.europesays.com\/fr\/wp-json\/wp\/v2\/media?parent=250814"}],"wp:term":[{"taxonomy":"category","embeddable":true,"href":"https:\/\/www.europesays.com\/fr\/wp-json\/wp\/v2\/categories?post=250814"},{"taxonomy":"post_tag","embeddable":true,"href":"https:\/\/www.europesays.com\/fr\/wp-json\/wp\/v2\/tags?post=250814"}],"curies":[{"name":"wp","href":"https:\/\/api.w.org\/{rel}","templated":true}]}}