{"id":250815,"date":"2025-07-15T04:57:15","date_gmt":"2025-07-15T04:57:15","guid":{"rendered":"https:\/\/www.europesays.com\/fr\/250815\/"},"modified":"2025-07-15T04:57:15","modified_gmt":"2025-07-15T04:57:15","slug":"cela-va-mempecher-de-jouer-pendant-quelques-semaines-badosa-revele-une-nouvelle-blessure-avant-le-debut-de-la-tournee-americaine","status":"publish","type":"post","link":"https:\/\/www.europesays.com\/fr\/250815\/","title":{"rendered":"\u00ab Cela va m\u2019emp\u00eacher de jouer pendant quelques semaines \u00bb, Badosa r\u00e9v\u00e8le une nouvelle blessure avant le d\u00e9but de la tourn\u00e9e am\u00e9ricaine"},"content":{"rendered":"<p>                <img decoding=\"async\" src=\"https:\/\/www.europesays.com\/fr\/wp-content\/uploads\/2025\/07\/Vk4B.jpg\" alt=\"\u00ab Cela va m\u2019emp\u00eacher de jouer pendant quelques semaines \u00bb, Badosa r\u00e9v\u00e8le une nouvelle blessure avant le d\u00e9but de la tourn\u00e9e am\u00e9ricaine\"\/><\/p>\n<p>Les soucis physiques s\u2019accumulent pour Paula Badosa, qui conna\u00eet des mois compliqu\u00e9s apr\u00e8s un d\u00e9but d\u2019ann\u00e9e o\u00f9 elle s\u2019\u00e9tait hiss\u00e9e jusqu\u2019en demi-finale de l\u2019Open d\u2019Australie.<\/p>\n<p>G\u00ean\u00e9e par son dos lors de la tourn\u00e9e sur terre battue, la 10e mondiale a annonc\u00e9 ce lundi avoir une blessure au psoas. A Wimbledon, elle avait \u00e9t\u00e9 sortie au premier tour par Katie Boulter avant d&rsquo;abandonner lors d&rsquo;une exhibition en Espagne le week-end dernier.<\/p>\n<p><strong>C\u2019est sur son compte Instagram qu\u2019elle a donn\u00e9 des explications :<\/strong><\/p>\n<p>\u00ab Bonjour \u00e0 tous. J\u2019\u00e9tais d\u00e9connect\u00e9e depuis un certain temps, mais je voulais vous donner des nouvelles me concernant. Derni\u00e8rement, j\u2019ai travers\u00e9 des moments difficiles\u2026 Malheureusement, je souffre d\u2019une l\u00e9sion au psoas qui s\u2019est manifest\u00e9e avant Wimbledon.<\/p>\n<p>Cela va m\u2019emp\u00eacher de jouer pendant quelques semaines. Ce sont des temps difficiles pour moi, mais je garde l\u2019espoir que les choses vont s\u2019arranger et que la lumi\u00e8re au bout du tunnel commencera \u00e0 briller. Merci pour votre immense soutien. \u00bb<\/p>\n","protected":false},"excerpt":{"rendered":"Les soucis physiques s\u2019accumulent pour Paula Badosa, qui conna\u00eet des mois compliqu\u00e9s apr\u00e8s un d\u00e9but d\u2019ann\u00e9e o\u00f9 elle&hellip;\n","protected":false},"author":2,"featured_media":250816,"comment_status":"","ping_status":"","sticky":false,"template":"","format":"standard","meta":{"footnotes":""},"categories":[1415],"tags":[1011,27,60,1467],"class_list":{"0":"post-250815","1":"post","2":"type-post","3":"status-publish","4":"format-standard","5":"has-post-thumbnail","7":"category-tennis","8":"tag-fr","9":"tag-france","10":"tag-sports","11":"tag-tennis"},"share_on_mastodon":{"url":"https:\/\/pubeurope.com\/@fr\/114855480071742731","error":""},"_links":{"self":[{"href":"https:\/\/www.europesays.com\/fr\/wp-json\/wp\/v2\/posts\/250815","targetHints":{"allow":["GET"]}}],"collection":[{"href":"https:\/\/www.europesays.com\/fr\/wp-json\/wp\/v2\/posts"}],"about":[{"href":"https:\/\/www.europesays.com\/fr\/wp-json\/wp\/v2\/types\/post"}],"author":[{"embeddable":true,"href":"https:\/\/www.europesays.com\/fr\/wp-json\/wp\/v2\/users\/2"}],"replies":[{"embeddable":true,"href":"https:\/\/www.europesays.com\/fr\/wp-json\/wp\/v2\/comments?post=250815"}],"version-history":[{"count":0,"href":"https:\/\/www.europesays.com\/fr\/wp-json\/wp\/v2\/posts\/250815\/revisions"}],"wp:featuredmedia":[{"embeddable":true,"href":"https:\/\/www.europesays.com\/fr\/wp-json\/wp\/v2\/media\/250816"}],"wp:attachment":[{"href":"https:\/\/www.europesays.com\/fr\/wp-json\/wp\/v2\/media?parent=250815"}],"wp:term":[{"taxonomy":"category","embeddable":true,"href":"https:\/\/www.europesays.com\/fr\/wp-json\/wp\/v2\/categories?post=250815"},{"taxonomy":"post_tag","embeddable":true,"href":"https:\/\/www.europesays.com\/fr\/wp-json\/wp\/v2\/tags?post=250815"}],"curies":[{"name":"wp","href":"https:\/\/api.w.org\/{rel}","templated":true}]}}