{"id":250817,"date":"2025-07-15T04:59:11","date_gmt":"2025-07-15T04:59:11","guid":{"rendered":"https:\/\/www.europesays.com\/fr\/250817\/"},"modified":"2025-07-15T04:59:11","modified_gmt":"2025-07-15T04:59:11","slug":"motoamerica-video-accident-effrayant-a-laguna-seca","status":"publish","type":"post","link":"https:\/\/www.europesays.com\/fr\/250817\/","title":{"rendered":"MotoAmerica vid\u00e9o : Accident effrayant \u00e0 Laguna Seca"},"content":{"rendered":"<p><img loading=\"lazy\" decoding=\"async\" src=\"https:\/\/www.europesays.com\/fr\/wp-content\/uploads\/2025\/07\/Capture-decran-2025-07-14-a-14.02.27-e1752494590937.png\" alt=\"\" class=\"\" width=\"1080\" height=\"675\"\/><\/p>\n<p class=\"my-0\"><strong>Le week-end MotoAmerica \u00e0 Laguna Seca a \u00e9t\u00e9<br \/>\nmarqu\u00e9 par un incident aussi impressionnant que terrifiant lors de<br \/>\nla premi\u00e8re course SC-Project Twins Cup, sur le l\u00e9gendaire virage<br \/>\ndu Corkscrew. En pleine bagarre dans le peloton, Avery Dreher s\u2019est<br \/>\nretrouv\u00e9 \u00e0 rouler litt\u00e9ralement par-dessus la moto \u2013 et le dos \u2013 de<br \/>\nTreston Morrison, qui venait de chuter juste devant<br \/>\nlui.<\/strong><\/p>\n<p class=\"my-0\">La sc\u00e8ne s\u2019est d\u00e9roul\u00e9e \u00e0 vive allure\u202f: Morrison<br \/>\nperd l\u2019avant dans la descente du Corkscrew, glisse et se retrouve<br \/>\nau sol, perpendiculaire \u00e0 la trajectoire. Dreher, arriv\u00e9 \u00e0 pleine<br \/>\nvitesse, n\u2019a pu \u00e9viter ni la moto ni le pilote. Il a d\u00e9coll\u00e9,<br \/>\npassant au-dessus de Morrison dans une figure impressionnante qui a<br \/>\nimm\u00e9diatement glac\u00e9 le sang des spectateurs.<\/p>\n<p class=\"my-0\">Malgr\u00e9 la violence de l\u2019impact et la chute<br \/>\nspectaculaire, l\u2019incroyable s\u2019est produit\u202f: Treston Morrison s\u2019est<br \/>\nrelev\u00e9 presque aussit\u00f4t apr\u00e8s l\u2019accident. Plus de peur que de mal,<br \/>\ndonc, dans ce qui aurait pu tourner au drame sur l\u2019un des points<br \/>\nles plus pi\u00e9geux du circuit californien.<\/p>\n<p>Sous la vid\u00e9o publi\u00e9e par la discipline pour rendre compte de<br \/>\nl\u2019incident, le pilote concern\u00e9 a comment\u00e9. \u00ab D\u2019ailleurs je<br \/>\ntiens \u00e0 dire que je vais bien. \u00bb<\/p>\n<p>Treston Morrison compl\u00e8te quand m\u00eame un week-end difficile avec<br \/>\ndeux abandons en autant de course au guidon de sa Yamaha. Cet<br \/>\naccident rappelle \u00e0 quel point la s\u00e9curit\u00e9 et la vigilance sont<br \/>\ncruciales en sport moto, m\u00eame dans des cat\u00e9gories r\u00e9put\u00e9es pour<br \/>\nleur proximit\u00e9 et leur intensit\u00e9 comme la Twins Cup.<\/p>\n<p>Les r\u00e9sultats complet du week-end <strong><a href=\"http:\/\/www.motoamericaregistration.com\/2016-results\/#\" rel=\"nofollow noopener\" target=\"_blank\">disponibles<br \/>\nici<\/a><\/strong>.<\/p>\n<p><a href=\"https:\/\/www.paddock-gp.com\/wp-content\/uploads\/2025\/07\/Capture-decran-2025-07-14-a-14.01.52.png\" rel=\"nofollow noopener\" target=\"_blank\"><br \/>\n<img loading=\"lazy\" decoding=\"async\" aria-describedby=\"caption-attachment-1310453\" class=\"wp-image-1310453 size-large\" src=\"https:\/\/www.europesays.com\/fr\/wp-content\/uploads\/2025\/07\/Capture-decran-2025-07-14-a-14.01.52-600x337.png\" alt=\"\" width=\"600\" height=\"337\"  \/><\/a><\/p>\n<p id=\"caption-attachment-1310453\" class=\"wp-caption-text\">\u00a9<br \/>\nMotoAmerica<\/p>\n<p>\u00a0<\/p>\n","protected":false},"excerpt":{"rendered":"Le week-end MotoAmerica \u00e0 Laguna Seca a \u00e9t\u00e9 marqu\u00e9 par un incident aussi impressionnant que terrifiant lors de&hellip;\n","protected":false},"author":2,"featured_media":250818,"comment_status":"","ping_status":"","sticky":false,"template":"","format":"standard","meta":{"footnotes":""},"categories":[1413],"tags":[1011,27,1457,1456,60],"class_list":{"0":"post-250817","1":"post","2":"type-post","3":"status-publish","4":"format-standard","5":"has-post-thumbnail","7":"category-moto","8":"tag-fr","9":"tag-france","10":"tag-moto","11":"tag-motocycle","12":"tag-sports"},"share_on_mastodon":{"url":"https:\/\/pubeurope.com\/@fr\/114855488067837656","error":""},"_links":{"self":[{"href":"https:\/\/www.europesays.com\/fr\/wp-json\/wp\/v2\/posts\/250817","targetHints":{"allow":["GET"]}}],"collection":[{"href":"https:\/\/www.europesays.com\/fr\/wp-json\/wp\/v2\/posts"}],"about":[{"href":"https:\/\/www.europesays.com\/fr\/wp-json\/wp\/v2\/types\/post"}],"author":[{"embeddable":true,"href":"https:\/\/www.europesays.com\/fr\/wp-json\/wp\/v2\/users\/2"}],"replies":[{"embeddable":true,"href":"https:\/\/www.europesays.com\/fr\/wp-json\/wp\/v2\/comments?post=250817"}],"version-history":[{"count":0,"href":"https:\/\/www.europesays.com\/fr\/wp-json\/wp\/v2\/posts\/250817\/revisions"}],"wp:featuredmedia":[{"embeddable":true,"href":"https:\/\/www.europesays.com\/fr\/wp-json\/wp\/v2\/media\/250818"}],"wp:attachment":[{"href":"https:\/\/www.europesays.com\/fr\/wp-json\/wp\/v2\/media?parent=250817"}],"wp:term":[{"taxonomy":"category","embeddable":true,"href":"https:\/\/www.europesays.com\/fr\/wp-json\/wp\/v2\/categories?post=250817"},{"taxonomy":"post_tag","embeddable":true,"href":"https:\/\/www.europesays.com\/fr\/wp-json\/wp\/v2\/tags?post=250817"}],"curies":[{"name":"wp","href":"https:\/\/api.w.org\/{rel}","templated":true}]}}