{"id":250826,"date":"2025-07-15T05:05:21","date_gmt":"2025-07-15T05:05:21","guid":{"rendered":"https:\/\/www.europesays.com\/fr\/250826\/"},"modified":"2025-07-15T05:05:21","modified_gmt":"2025-07-15T05:05:21","slug":"guenrouet-une-bibliochampetre-profite-du-beau-temps","status":"publish","type":"post","link":"https:\/\/www.europesays.com\/fr\/250826\/","title":{"rendered":"Guenrouet. Une Biblio\u2019champ\u00eatre profite du beau temps"},"content":{"rendered":"<p><strong>\u00ab\u00a0Pour une fois, nous avons beau temps. Ce n\u2019est pas toujours le cas\u00a0\u00bb,<\/strong> s\u2019est r\u00e9jouie Nathalie Poulain, biblioth\u00e9caire, ainsi que les b\u00e9n\u00e9voles. Le rendez-vous traditionnel de la f\u00eate du livre et de la Biblio\u2019champ\u00eatre, qui fait sortir le livre de ses lieux habituels, a r\u00e9uni, jeudi matin, enfants, mamans, mais aussi r\u00e9sidents de l\u2019Ehpad de la Cormi\u00e8re. Parce qu\u2019\u00e0 tout \u00e2ge, on s\u2019\u00e9vade, on partage gr\u00e2ce aux belles histoires et aux livres.<\/p>\n<p>Ce moment a permis \u00e0 toutes les g\u00e9n\u00e9rations de se retrouver autour des lectrices et \u00e0 l\u2019ombre, dans la zone de loisirs Saint-Clair, au-dessus de l\u2019Isac.<\/p>\n<p>\u00c0 compter d\u2019aujourd\u2019hui, la biblioth\u00e8que passe en horaires d\u2019\u00e9t\u00e9 et sera ouverte uniquement le samedi, de 10\u00a0h \u00e0 12\u00a0h\u00a030.<\/p>\n<p><strong>Contact.<\/strong> T\u00e9l. 02\u00a040\u00a087\u00a080\u00a006.<\/p>\n<p>\u00a0<\/p>\n","protected":false},"excerpt":{"rendered":"\u00ab\u00a0Pour une fois, nous avons beau temps. Ce n\u2019est pas toujours le cas\u00a0\u00bb, s\u2019est r\u00e9jouie Nathalie Poulain, biblioth\u00e9caire,&hellip;\n","protected":false},"author":2,"featured_media":250827,"comment_status":"","ping_status":"","sticky":false,"template":"","format":"standard","meta":{"footnotes":""},"categories":[1357],"tags":[6005,39102,1379,39103,58,59,1011,27,39101,1380,22549,3272,5426],"class_list":{"0":"post-250826","1":"post","2":"type-post","3":"status-publish","4":"format-standard","5":"has-post-thumbnail","7":"category-livres","8":"tag-beau","9":"tag-biblio","10":"tag-books","11":"tag-champetre","12":"tag-divertissement","13":"tag-entertainment","14":"tag-fr","15":"tag-france","16":"tag-guenrouet","17":"tag-livres","18":"tag-profite","19":"tag-saint-nazaire","20":"tag-temps"},"share_on_mastodon":{"url":"https:\/\/pubeurope.com\/@fr\/114855511539142452","error":""},"_links":{"self":[{"href":"https:\/\/www.europesays.com\/fr\/wp-json\/wp\/v2\/posts\/250826","targetHints":{"allow":["GET"]}}],"collection":[{"href":"https:\/\/www.europesays.com\/fr\/wp-json\/wp\/v2\/posts"}],"about":[{"href":"https:\/\/www.europesays.com\/fr\/wp-json\/wp\/v2\/types\/post"}],"author":[{"embeddable":true,"href":"https:\/\/www.europesays.com\/fr\/wp-json\/wp\/v2\/users\/2"}],"replies":[{"embeddable":true,"href":"https:\/\/www.europesays.com\/fr\/wp-json\/wp\/v2\/comments?post=250826"}],"version-history":[{"count":0,"href":"https:\/\/www.europesays.com\/fr\/wp-json\/wp\/v2\/posts\/250826\/revisions"}],"wp:featuredmedia":[{"embeddable":true,"href":"https:\/\/www.europesays.com\/fr\/wp-json\/wp\/v2\/media\/250827"}],"wp:attachment":[{"href":"https:\/\/www.europesays.com\/fr\/wp-json\/wp\/v2\/media?parent=250826"}],"wp:term":[{"taxonomy":"category","embeddable":true,"href":"https:\/\/www.europesays.com\/fr\/wp-json\/wp\/v2\/categories?post=250826"},{"taxonomy":"post_tag","embeddable":true,"href":"https:\/\/www.europesays.com\/fr\/wp-json\/wp\/v2\/tags?post=250826"}],"curies":[{"name":"wp","href":"https:\/\/api.w.org\/{rel}","templated":true}]}}