{"id":250828,"date":"2025-07-15T05:06:25","date_gmt":"2025-07-15T05:06:25","guid":{"rendered":"https:\/\/www.europesays.com\/fr\/250828\/"},"modified":"2025-07-15T05:06:25","modified_gmt":"2025-07-15T05:06:25","slug":"daniel-riolo-condamne-lattitude-de-cyril-hanouna-envers-geraldine-maillet-cest-vraiment-dur","status":"publish","type":"post","link":"https:\/\/www.europesays.com\/fr\/250828\/","title":{"rendered":"Daniel Riolo condamne l&rsquo;attitude de Cyril Hanouna envers G\u00e9raldine Maillet : \u00ab\u00a0C&rsquo;est vraiment dur\u00a0\u00bb"},"content":{"rendered":"<p>Dans Touche Pas \u00e0 Mon Poste, <a href=\"https:\/\/www.melty.fr\/people\/geraldine-maillet-esquivee-par-cyril-hanouna-elle-exprime-sa-deception-vous-ne-pouvez-pas-me-saquer-2237815.html\" target=\"_blank\" rel=\"noopener\"><br \/>\n\u00e7a n\u00a0\u00bba pas toujours \u00e9t\u00e9 tout rose entre Cyril Hanouna et G\u00e9raldine<br \/>\nMaillet.<\/a> En d\u00e9saccord total sur diff\u00e9rents sujets tels que le<br \/>\nvaccin contre le Covid, le Paris Saint-Germain ou encore Kylian<br \/>\nMbapp\u00e9, le ton est tr\u00e8s souvent mont\u00e9 entre eux. Au cours de l&rsquo;une<br \/>\ndes derni\u00e8res \u00e9missions, la chroniqueuse avait d&rsquo;ailleurs \u00e9t\u00e9 cash<br \/>\navec l&rsquo;animateur en lui balan\u00e7ant : <strong>\u00ab\u00a0Pourquoi vous \u00eates<br \/>\nagressif et m\u00e9chant ? Vous \u00eates super m\u00e9chant. Vous me balayez d&rsquo;un<br \/>\nrevers de manche en me disant &lsquo;je vous ai dit \u00e0 la pub que vous n&rsquo;y<br \/>\nconnaissez rien'\u00a0\u00bb.<\/strong><\/p>\n<p>G\u00e9raldine Maillet cash sur Cyril Hanouna<\/p>\n<p>Interrog\u00e9e par Sud Radio Media il y a quelques mois, elle a<br \/>\nd\u00e9clar\u00e9 : \u00ab\u00a0Je n\u2019ai aucun r\u00f4le. Personne n\u2019a aucun r\u00f4le. Je le<br \/>\nmart\u00e8le, je le r\u00e9p\u00e8te, parce que j\u2019ai l\u2019impression que \u00e7a a du mal<br \/>\n\u00e0 rentrer dans la t\u00eate des gens. C\u2019est une \u00e9mission o\u00f9 je suis<br \/>\ndepuis sept ans. <strong>Je dis toujours ce que je pense avec<br \/>\nsinc\u00e9rit\u00e9.<\/strong> Je peux me tromper, on n\u2019a pas la science<br \/>\ninfuse.\u00a0\u00bb<\/p>\n<p>Par la suite, elle a ajout\u00e9 : \u00ab\u00a0<strong>Je comprends que \u00e7a<br \/>\npuisse heurter.<\/strong> En fait, pour moi, c\u2019est une sorte de<br \/>\nd\u00eener de famille et parfois on se bastonne et \u00e7a d\u00e9rape. J\u2019ai d\u00e9j\u00e0<br \/>\nfait des d\u00eeners de famille o\u00f9 on parlait politique et \u00e0 la fin on<br \/>\nse parlait tr\u00e8s mal, parce qu\u2019on n\u2019\u00e9tait pas d\u2019accord, parce que<br \/>\nc\u2019\u00e9tait clivant, parce que c\u2019\u00e9tait source de conflits\u2026 Limite<br \/>\napr\u00e8s, on boude pendant une semaine. Parfois, il y a des th\u00e8mes<br \/>\n\u00e9pidermiques o\u00f9 on reproche \u00e0 un untel de faire \u00e7a et pas un untel.<br \/>\nIl y a du ressentiment, de la col\u00e8re. Apr\u00e8s, c\u2019est la famille &lsquo;je<br \/>\nvous aime et je vous hais en m\u00eame temps&rsquo;. <strong>On se dispute<br \/>\nmais il n\u2019y a pas de rancune.<\/strong>\u00ab\u00a0<\/p>\n<p>\u00ab\u00a0Je suis \u00e0 la t\u00e9l\u00e9 comme dans la vie\u00a0\u00bb<\/p>\n<p><a href=\"https:\/\/www.melty.fr\/tele\/tpmp-geraldine-maillet-regle-ses-comptes-avec-cyril-hanouna-jai-ete-humiliee-2215426.html\" target=\"_blank\" rel=\"noopener\"><br \/>\nLa relation tumultueuse entre Cyril Hanouna et G\u00e9raldine<br \/>\nMaillet<\/a> a d&rsquo;ailleurs fait l&rsquo;objet d&rsquo;une chronique sur les ondes<br \/>\nd\u2019Europe 1, dans Culture M\u00e9dias. \u00ab\u00a0G\u00e9raldine pratique<br \/>\nle MMA, \u00e7a ne lui fait pas peur d\u2019aller dans l\u2019octogone avec Cyril<br \/>\nHanouna (&#8230;) Sur le plateau de TPMP, vous ne pouvez pas la manquer<br \/>\n: c\u2019est la grande dame brune qui prend des vagues en restant<br \/>\ntoujours calme\u00a0\u00bb, a lanc\u00e9 Jean-Luc Lemoine.<\/p>\n<p>Dans la foul\u00e9e, il a pr\u00e9cis\u00e9 : <strong>\u00ab\u00a0Cyril et G\u00e9raldine,<br \/>\nc\u2019est le vieux couple qui s\u2019engueule toute la journ\u00e9e mais<br \/>\nqui\u00a0ne pourrait pas vivre l\u2019un sans l\u2019autre\u00a0\u00bb.<\/strong> De<br \/>\nquoi faire r\u00e9agir la principale int\u00e9ress\u00e9e qui a r\u00e9pondu :<br \/>\n\u00ab\u00a0Pour moi, Touche pas \u00e0 mon poste est un d\u00eener de<br \/>\nfamille,\u00a0parfois \u00e7a vrille. Parfois on se parle mal, on se<br \/>\nboude, on s\u2019invective, on n\u2019est pas d\u2019accord. C\u2019est vivant, parfois<br \/>\ntr\u00e8s bouillonnant, mais je consid\u00e8re que c\u2019est une bulle, un monde<br \/>\nparall\u00e8le, mais pas forc\u00e9ment la vraie vie. <strong>Je suis \u00e0 la<br \/>\nt\u00e9l\u00e9 comme dans la vie, je dis exactement ce que je pense.<\/strong><br \/>\nJe suis sinc\u00e8re par rapport \u00e0 ce que je d\u00e9fends et je ne suis pas<br \/>\ndans une posture.\u00a0\u00bb<\/p>\n<p>\u00ab\u00a0\u00c7a m\u2019emb\u00eate mais je n\u2019ai pas<br \/>\ngrand-chose \u00e0 en dire\u00a0\u00bb<\/p>\n<p>Dans une interview donn\u00e9e \u00e0 Nice Matin ce dimanche 13<br \/>\njuillet, Daniel Riolo a justement \u00e9voqu\u00e9 cette relation entre Cyril<br \/>\nHanouna, son ami, et G\u00e9raldine Maillet, sa compagne :<br \/>\n<strong>\u00ab\u00a0Une fois Cyril Hanouna a d\u00e9rap\u00e9 avec G\u00e9raldine, \u00e7a m\u2019a<br \/>\nvraiment emb\u00eater. (\u2026) C\u2019\u00e9tait vraiment dur. Je lui ai dit : &lsquo;L\u00e0, ne<br \/>\nlaisse pas passer\u2026'\u00a0\u00bb<\/strong><\/p>\n<p>Le journaliste a fini par conclure : \u00ab\u00a0<strong>Je sais que<br \/>\nCyril l\u2019adore, qu\u2019il la respecte \u00e9norm\u00e9ment, m\u00eame si on ne se voit<br \/>\npas \u00e0 c\u00f4t\u00e9 en dehors de la t\u00e9l\u00e9. Quand il p\u00e8te un c\u00e2ble comme \u00e7a,<br \/>\nmoi \u00e7a m\u2019emb\u00eate mais je n\u2019ai pas grand-chose \u00e0 en dire<\/strong>, en<br \/>\nfait. Je ne vais pas lui envoyer un message pour lui dire : &lsquo;Cyril,<br \/>\nc\u2019est vraiment relou ce que tu fais\u2026&rsquo; \u00c7a fait partie de la sph\u00e8re<br \/>\nprofessionnelle.'\u00a0\u00bb<\/p>\n","protected":false},"excerpt":{"rendered":"Dans Touche Pas \u00e0 Mon Poste, \u00e7a n\u00a0\u00bba pas toujours \u00e9t\u00e9 tout rose entre Cyril Hanouna et G\u00e9raldine&hellip;\n","protected":false},"author":2,"featured_media":250829,"comment_status":"","ping_status":"","sticky":false,"template":"","format":"standard","meta":{"footnotes":""},"categories":[1356],"tags":[1083,39104,58,59,1011,27,1474,252,1364],"class_list":{"0":"post-250828","1":"post","2":"type-post","3":"status-publish","4":"format-standard","5":"has-post-thumbnail","7":"category-television","8":"tag-cyril-hanouna","9":"tag-daniel-riolo","10":"tag-divertissement","11":"tag-entertainment","12":"tag-fr","13":"tag-france","14":"tag-geraldine-maillet","15":"tag-television","16":"tag-tv"},"share_on_mastodon":{"url":"https:\/\/pubeurope.com\/@fr\/114855515465964548","error":""},"_links":{"self":[{"href":"https:\/\/www.europesays.com\/fr\/wp-json\/wp\/v2\/posts\/250828","targetHints":{"allow":["GET"]}}],"collection":[{"href":"https:\/\/www.europesays.com\/fr\/wp-json\/wp\/v2\/posts"}],"about":[{"href":"https:\/\/www.europesays.com\/fr\/wp-json\/wp\/v2\/types\/post"}],"author":[{"embeddable":true,"href":"https:\/\/www.europesays.com\/fr\/wp-json\/wp\/v2\/users\/2"}],"replies":[{"embeddable":true,"href":"https:\/\/www.europesays.com\/fr\/wp-json\/wp\/v2\/comments?post=250828"}],"version-history":[{"count":0,"href":"https:\/\/www.europesays.com\/fr\/wp-json\/wp\/v2\/posts\/250828\/revisions"}],"wp:featuredmedia":[{"embeddable":true,"href":"https:\/\/www.europesays.com\/fr\/wp-json\/wp\/v2\/media\/250829"}],"wp:attachment":[{"href":"https:\/\/www.europesays.com\/fr\/wp-json\/wp\/v2\/media?parent=250828"}],"wp:term":[{"taxonomy":"category","embeddable":true,"href":"https:\/\/www.europesays.com\/fr\/wp-json\/wp\/v2\/categories?post=250828"},{"taxonomy":"post_tag","embeddable":true,"href":"https:\/\/www.europesays.com\/fr\/wp-json\/wp\/v2\/tags?post=250828"}],"curies":[{"name":"wp","href":"https:\/\/api.w.org\/{rel}","templated":true}]}}