{"id":250832,"date":"2025-07-15T05:09:14","date_gmt":"2025-07-15T05:09:14","guid":{"rendered":"https:\/\/www.europesays.com\/fr\/250832\/"},"modified":"2025-07-15T05:09:14","modified_gmt":"2025-07-15T05:09:14","slug":"le-kine-de-la-maison-de-sante-de-saint-angeau-trouve-la-mort-dans-un-accident","status":"publish","type":"post","link":"https:\/\/www.europesays.com\/fr\/250832\/","title":{"rendered":"Le kin\u00e9 de la maison de sant\u00e9 de Saint-Angeau trouve la mort dans un accident"},"content":{"rendered":"<p>    Le kin\u00e9 de la maison de sant\u00e9 de Saint-Angeau trouve la mort dans un accident &#8211; Charente Libre.fr<\/p>\n<p>\n            Newsletter<\/p>\n<p>            <strong>Recevez tous les jours l\u2019essentiel de l&rsquo;actualit\u00e9 avec la newsletter CharenteLibre.fr.<\/strong><br \/>\n            <a href=\"#\">Voir un exemple<\/a><\/p>\n<p>\n            Envoyer par email<\/p>\n<p>\n            <strong>Cet article vous int\u00e9resse, partagez-le avec vos amis.<\/strong>\n        <\/p>\n","protected":false},"excerpt":{"rendered":"Le kin\u00e9 de la maison de sant\u00e9 de Saint-Angeau trouve la mort dans un accident &#8211; Charente Libre.fr&hellip;\n","protected":false},"author":2,"featured_media":250833,"comment_status":"","ping_status":"","sticky":false,"template":"","format":"standard","meta":{"footnotes":""},"categories":[10],"tags":[1011,27,72,71],"class_list":{"0":"post-250832","1":"post","2":"type-post","3":"status-publish","4":"format-standard","5":"has-post-thumbnail","7":"category-sante","8":"tag-fr","9":"tag-france","10":"tag-health","11":"tag-sante"},"share_on_mastodon":{"url":"https:\/\/pubeurope.com\/@fr\/114855527266931756","error":""},"_links":{"self":[{"href":"https:\/\/www.europesays.com\/fr\/wp-json\/wp\/v2\/posts\/250832","targetHints":{"allow":["GET"]}}],"collection":[{"href":"https:\/\/www.europesays.com\/fr\/wp-json\/wp\/v2\/posts"}],"about":[{"href":"https:\/\/www.europesays.com\/fr\/wp-json\/wp\/v2\/types\/post"}],"author":[{"embeddable":true,"href":"https:\/\/www.europesays.com\/fr\/wp-json\/wp\/v2\/users\/2"}],"replies":[{"embeddable":true,"href":"https:\/\/www.europesays.com\/fr\/wp-json\/wp\/v2\/comments?post=250832"}],"version-history":[{"count":0,"href":"https:\/\/www.europesays.com\/fr\/wp-json\/wp\/v2\/posts\/250832\/revisions"}],"wp:featuredmedia":[{"embeddable":true,"href":"https:\/\/www.europesays.com\/fr\/wp-json\/wp\/v2\/media\/250833"}],"wp:attachment":[{"href":"https:\/\/www.europesays.com\/fr\/wp-json\/wp\/v2\/media?parent=250832"}],"wp:term":[{"taxonomy":"category","embeddable":true,"href":"https:\/\/www.europesays.com\/fr\/wp-json\/wp\/v2\/categories?post=250832"},{"taxonomy":"post_tag","embeddable":true,"href":"https:\/\/www.europesays.com\/fr\/wp-json\/wp\/v2\/tags?post=250832"}],"curies":[{"name":"wp","href":"https:\/\/api.w.org\/{rel}","templated":true}]}}