{"id":250842,"date":"2025-07-15T05:14:10","date_gmt":"2025-07-15T05:14:10","guid":{"rendered":"https:\/\/www.europesays.com\/fr\/250842\/"},"modified":"2025-07-15T05:14:10","modified_gmt":"2025-07-15T05:14:10","slug":"allemagne-la-cour-constitutionnelle-statue-sur-les-drones-us-toute-lactualite-en-france-et-dans-le-monde","status":"publish","type":"post","link":"https:\/\/www.europesays.com\/fr\/250842\/","title":{"rendered":"Allemagne : la Cour constitutionnelle statue sur les drones US | Toute l\u2019actualit\u00e9 en France et dans le Monde"},"content":{"rendered":"\n<p>Les plaignants ont notamment invoqu\u00e9 \u00ab une violation de leur droit \u00e0 la vie et \u00e0 l&rsquo;int\u00e9grit\u00e9 physique \u00bb, avait r\u00e9sum\u00e9 la plus haute juridiction du pays lors de l&rsquo;examen de la plainte en d\u00e9cembre 2024. Il s&rsquo;agit de savoir si ce droit fondamental impose \u00e0 Berlin \u00ab des obligations de protection extraterritoriales \u00bb, y compris au Y\u00e9men, lorsque des drones arm\u00e9s y sont envoy\u00e9s en utilisant le territoire allemand, avait alors expos\u00e9 la vice-pr\u00e9sidente du tribunal Doris K\u00f6nig.<\/p>\n<p>Le dossier a connu un long parcours judiciaire avant d&rsquo;arriver entre les mains des juges supr\u00eames. La plainte remonte \u00e0 2014 lorsqu&rsquo;Angela Merkel \u00e9tait chanceli\u00e8re.<\/p>\n<p>Longue saga judiciaire<\/p>\n<p>Washington menait alors r\u00e9guli\u00e8rement des attaques de drones au Y\u00e9men, notamment pour combattre Al-Qa\u00efda. Si le tribunal de M\u00fcnster (ouest) n&rsquo;avait alors pas donn\u00e9 raison aux plaignants, il avait toutefois enjoint Berlin \u00e0 prendre des \u00ab mesures appropri\u00e9es \u00bb pour s&rsquo;assurer que les \u00c9tats-Unis respectaient le droit international en menant ces missions, qui doivent en particulier \u00e9pargner les civils.<\/p>\n<p>Les autorit\u00e9s allemandes avaient fait appel aupr\u00e8s du tribunal administratif f\u00e9d\u00e9ral de Leipzig (est) qui avait rejet\u00e9 la demande des plaignants en 2020. Ce tribunal estimait les efforts diplomatiques de Berlin suffisants pour garantir que Washington respecte le droit international.<\/p>\n<p>Arguments du gouvernement<\/p>\n<p>Les plaignants, soutenus par les organisations de d\u00e9fense des droits humains ECCHR et Reprieve, se sont alors tourn\u00e9s vers la Cour constitutionnelle. Pour le gouvernement, la plainte des Y\u00e9m\u00e9nites va trop loin.<\/p>\n<p>Si Berlin devait \u00ab intervenir aupr\u00e8s d&rsquo;alli\u00e9s en raison de leur comportement \u00e0 l&rsquo;\u00e9tranger, cela p\u00e8serait durablement sur la capacit\u00e9 de l&rsquo;Allemagne \u00e0 nouer des alliances \u00bb, avait argument\u00e9 \u00e0 l&rsquo;audience le secr\u00e9taire d&rsquo;\u00c9tat parlementaire au minist\u00e8re de la D\u00e9fense. Malgr\u00e9 le fait que leurs attaques de drones \u00ab violent souvent le droit international \u00bb, les \u00c9tats-Unis \u00ab re\u00e7oivent le soutien de plusieurs gouvernements europ\u00e9ens \u00bb, dont Berlin, qui appliquent \u00ab des doubles standards en mati\u00e8re de droits de l&rsquo;homme \u00bb, d\u00e9plore l&rsquo;ECCHR dans son dossier consacr\u00e9 \u00e0 l&rsquo;affaire.<\/p>\n<p>Critique des doubles standards<\/p>\n<p>Alors que les pays d\u00e9velopp\u00e9s \u00ab condamneront et, dans certains cas, poursuivront les crimes \u00bb commis par des \u00c9tats moins proches, ils montrent \u00ab peu d&rsquo;enthousiasme \u00bb quand ces crimes sont commis par \u00ab des responsables politiques, militaires ou entreprises occidentales \u00bb, ajoute l&rsquo;organisation.<\/p>\n<p>(AFP\/Paris) Note : Cet article a \u00e9t\u00e9 \u00e9dit\u00e9 avec l&rsquo;aide de l&rsquo;Intelligence Artificielle.<\/p>\n","protected":false},"excerpt":{"rendered":"Les plaignants ont notamment invoqu\u00e9 \u00ab une violation de leur droit \u00e0 la vie et \u00e0 l&rsquo;int\u00e9grit\u00e9 physique&hellip;\n","protected":false},"author":2,"featured_media":250843,"comment_status":"","ping_status":"","sticky":false,"template":"","format":"standard","meta":{"footnotes":""},"categories":[5],"tags":[11,1011,27,14,12,9024,28],"class_list":{"0":"post-250842","1":"post","2":"type-post","3":"status-publish","4":"format-standard","5":"has-post-thumbnail","7":"category-international","8":"tag-actualites","9":"tag-fr","10":"tag-france","11":"tag-international","12":"tag-news","13":"tag-politics","14":"tag-world"},"share_on_mastodon":{"url":"https:\/\/pubeurope.com\/@fr\/114855546914215318","error":""},"_links":{"self":[{"href":"https:\/\/www.europesays.com\/fr\/wp-json\/wp\/v2\/posts\/250842","targetHints":{"allow":["GET"]}}],"collection":[{"href":"https:\/\/www.europesays.com\/fr\/wp-json\/wp\/v2\/posts"}],"about":[{"href":"https:\/\/www.europesays.com\/fr\/wp-json\/wp\/v2\/types\/post"}],"author":[{"embeddable":true,"href":"https:\/\/www.europesays.com\/fr\/wp-json\/wp\/v2\/users\/2"}],"replies":[{"embeddable":true,"href":"https:\/\/www.europesays.com\/fr\/wp-json\/wp\/v2\/comments?post=250842"}],"version-history":[{"count":0,"href":"https:\/\/www.europesays.com\/fr\/wp-json\/wp\/v2\/posts\/250842\/revisions"}],"wp:featuredmedia":[{"embeddable":true,"href":"https:\/\/www.europesays.com\/fr\/wp-json\/wp\/v2\/media\/250843"}],"wp:attachment":[{"href":"https:\/\/www.europesays.com\/fr\/wp-json\/wp\/v2\/media?parent=250842"}],"wp:term":[{"taxonomy":"category","embeddable":true,"href":"https:\/\/www.europesays.com\/fr\/wp-json\/wp\/v2\/categories?post=250842"},{"taxonomy":"post_tag","embeddable":true,"href":"https:\/\/www.europesays.com\/fr\/wp-json\/wp\/v2\/tags?post=250842"}],"curies":[{"name":"wp","href":"https:\/\/api.w.org\/{rel}","templated":true}]}}